{"id":10016,"date":"2012-04-11T12:43:14","date_gmt":"2012-04-11T20:43:14","guid":{"rendered":"http:\/\/agpnoticias.com\/news\/?p=10016"},"modified":"2012-04-11T12:43:14","modified_gmt":"2012-04-11T20:43:14","slug":"piensa-hart-en-titulo-de-la-pro-2","status":"publish","type":"post","link":"https:\/\/agpnoticias.com\/news\/?p=10016","title":{"rendered":"Piensa Hart en t\u00edtulo de la Pro 2"},"content":{"rendered":"<p>Ensenada, M\u00e9xico.- Marty Hart es quien manda en la Pro 2 de la serie Lucas Oil tras las dos primeras rondas y quiere su primer campeonato de la categor\u00eda en este 2012.<\/p>\n<p>Hart estren\u00f3 su Ford F-150 con una victoria en la Ronda 1 y un quinto sitio en la 2, con lo que suma 94 puntos en la cima de su categor\u00eda, por encima de Jeff Geiser.<!--more--><\/p>\n<p>Geiser es subl\u00edder con 88 unidades y tiene su Chevrolet Silverado en b\u00fasqueda de su primer \u00e9xito en esta campa\u00f1a, algo que podr\u00eda darse en California cuando la serie Lucas Oil invada del 19 al 22 de abril la renovada pista de Lake Elsinore.<\/p>\n<p><strong>Ampudia y un arranque muy alentador<\/strong><\/p>\n<p>Rodrigo Ampudia Junior aparece en el tercer sitio de la temporada con 86 unidades, siendo el \u00fanico corredor mexicano en esta campa\u00f1a.<\/p>\n<p>Ampudia es el due\u00f1o del Ford Raptor n\u00famero 36 del equipo Papas and Beer Racing y tiene como su jefe de equipo a Andr\u00e9s \u201cLechero\u201d Rodr\u00edguez, pensando en capturar su primer cetro de la categor\u00eda, algo que se ve cada vez m\u00e1s cercano.<\/p>\n<p>Ampudia finaliz\u00f3 sexto en la Ronda 1 y tercero en la 2, con lo que cuenta con fuertes posibilidades de seguir entre los tres primeros de arriba en la clasificaci\u00f3n.<\/p>\n<p>Un total de 15 pilotos participaron en el arranque de la temporada 2012 de Lucas Oil, entre ellos el actual monarca de la Pro 2, Brian Deegan, quien aparece en el sexto lugar del campeonato.<\/p>\n<p>Lo sorpresivo de este inicio de temporada es ver lo rezagados que est\u00e1n Carl Renezeder y Robert Naughton, fuera del top 10 de la Pro 2.<\/p>\n<p>Renezeder regres\u00f3 a Nissan y su arranque de campa\u00f1a fue lento, al ubicarse en la posici\u00f3n 12 y Naughton es \u00faltimo con 40 puntos.<\/p>\n<p>Para m\u00e1s informaci\u00f3n: <a href=\"http:\/\/www.lucasoiloffroad.com\/\">www.lucasoiloffroad.com<\/a><\/p>\n<p><strong>Campeonato de la Pro 2<\/strong><\/p>\n<p>1)\u00a0\u00a0\u00a0\u00a0\u00a0 \u00a0Marty Hart \u2013 94<\/p>\n<p>2)\u00a0\u00a0\u00a0\u00a0\u00a0 \u00a0Jeff Geiser \u2013 88<\/p>\n<p>3)\u00a0\u00a0\u00a0\u00a0\u00a0 \u00a0Rodrigo Ampudia \u2013 86<\/p>\n<p>4)\u00a0\u00a0\u00a0\u00a0\u00a0 \u00a0Greg Adler \u2013 82<\/p>\n<p>5)\u00a0\u00a0\u00a0\u00a0\u00a0 \u00a0Rob MacCachren \u2013 77<\/p>\n<p>6)\u00a0\u00a0\u00a0\u00a0\u00a0 \u00a0Brian Deegan \u2013 76<\/p>\n<p>7)\u00a0\u00a0\u00a0\u00a0\u00a0 \u00a0Patrick Clark \u2013 76<\/p>\n<p>8)\u00a0\u00a0\u00a0\u00a0\u00a0 \u00a0Jeremy McGrath \u2013 74<\/p>\n<p>9)\u00a0\u00a0\u00a0\u00a0\u00a0 \u00a0Nick Tyree \u2013 68<\/p>\n<p>10)\u00a0 Jeremy Stemberg \u2013 66<\/p>\n<p>11)\u00a0 Derrick Sproule \u2013 60<\/p>\n<p>12)\u00a0 Carl Renezeder \u2013 57<\/p>\n<p>13)\u00a0 Justin Davis \u2013 50<\/p>\n<p>14)\u00a0 Robby Woods \u2013 46<\/p>\n<p>15)\u00a0 Robert Naughton &#8211; 40<\/p>\n","protected":false},"excerpt":{"rendered":"<p>Ensenada, M\u00e9xico.- Marty Hart es quien manda en la Pro 2 de la serie Lucas&#8230;<\/p>\n","protected":false},"author":1,"featured_media":10017,"comment_status":"closed","ping_status":"closed","sticky":false,"template":"","format":"standard","meta":{"footnotes":""},"categories":[1,7],"tags":[],"class_list":["post-10016","post","type-post","status-publish","format-standard","has-post-thumbnail","hentry","category-uncategorized","category-deportes"],"_links":{"self":[{"href":"https:\/\/agpnoticias.com\/news\/index.php?rest_route=\/wp\/v2\/posts\/10016","targetHints":{"allow":["GET"]}}],"collection":[{"href":"https:\/\/agpnoticias.com\/news\/index.php?rest_route=\/wp\/v2\/posts"}],"about":[{"href":"https:\/\/agpnoticias.com\/news\/index.php?rest_route=\/wp\/v2\/types\/post"}],"author":[{"embeddable":true,"href":"https:\/\/agpnoticias.com\/news\/index.php?rest_route=\/wp\/v2\/users\/1"}],"replies":[{"embeddable":true,"href":"https:\/\/agpnoticias.com\/news\/index.php?rest_route=%2Fwp%2Fv2%2Fcomments&post=10016"}],"version-history":[{"count":2,"href":"https:\/\/agpnoticias.com\/news\/index.php?rest_route=\/wp\/v2\/posts\/10016\/revisions"}],"predecessor-version":[{"id":10019,"href":"https:\/\/agpnoticias.com\/news\/index.php?rest_route=\/wp\/v2\/posts\/10016\/revisions\/10019"}],"wp:featuredmedia":[{"embeddable":true,"href":"https:\/\/agpnoticias.com\/news\/index.php?rest_route=\/wp\/v2\/media\/10017"}],"wp:attachment":[{"href":"https:\/\/agpnoticias.com\/news\/index.php?rest_route=%2Fwp%2Fv2%2Fmedia&parent=10016"}],"wp:term":[{"taxonomy":"category","embeddable":true,"href":"https:\/\/agpnoticias.com\/news\/index.php?rest_route=%2Fwp%2Fv2%2Fcategories&post=10016"},{"taxonomy":"post_tag","embeddable":true,"href":"https:\/\/agpnoticias.com\/news\/index.php?rest_route=%2Fwp%2Fv2%2Ftags&post=10016"}],"curies":[{"name":"wp","href":"https:\/\/api.w.org\/{rel}","templated":true}]}}