{"id":10479,"date":"2012-04-18T14:41:06","date_gmt":"2012-04-18T22:41:06","guid":{"rendered":"http:\/\/agpnoticias.com\/news\/?p=10479"},"modified":"2012-04-18T14:41:06","modified_gmt":"2012-04-18T22:41:06","slug":"va-el-%e2%80%9cbig-mac%e2%80%9d-por-su-primer-triunfo-en-lucas-oil","status":"publish","type":"post","link":"https:\/\/agpnoticias.com\/news\/?p=10479","title":{"rendered":"Va el \u201cBig Mac\u201d por su primer triunfo en Lucas Oil"},"content":{"rendered":"<p>Ensenada, M\u00e9xico.- Rob MacCachren quiere lograr su victoria 193 de por vida en el automovilismo y su primer \u00e9xito de esta temporada 2012 de la serie Lucas Oil que invadir\u00e1 del 19 al 22 de abril el nuevo circuito de Lake Elsinore, California.<\/p>\n<p>El \u201cBig Mac\u201d estar\u00e1 a bordo de su nuevo Ford F-150 n\u00famero 21 dise\u00f1ado por Jim Blackmore y Dave Farruggia, con lo que esta ser\u00e1 apenas la tercera ocasi\u00f3n que se vea en una competencia a la unidad de 800 caballos de fuerza.<!--more--><\/p>\n<p>Actualmente el estadounidense y parte del Sal\u00f3n de la Fama del Off-Road de Reno, Nevada, ocupa la quinta posici\u00f3n en la categor\u00eda Pro 2 con 77 unidades.<\/p>\n<p>MacCachren todav\u00eda no ha ganado en esta temporada de Lucas Oil, pero ya cuenta con un podio en la Ronda 1, donde finaliz\u00f3 segundo detr\u00e1s del vencedor Marty Hart y en la Ronda 2 abandon\u00f3 con fallas en su Ford F-150 del equipo Rockstar Energy Racing.<\/p>\n<p><strong>Suplir\u00e1 Caddell al \u201cBig Mac\u201d en arranque de TORC<\/strong><\/p>\n<p>Ante el empalme de la serie Lucas Oil este fin de semana con el arranque del campeonato TORC en Charlotte, Carolina del Norte, Rob MacCachren se decidi\u00f3 por Andrew Caddell para que maneje su espectacular Dodge Ram n\u00famero 21.<\/p>\n<p>MacCachren se vio obligado a realizar este movimiento, ya que las Rondas 1 y 2 de TORC son viernes y s\u00e1bado, mientras que las 3 y 4 de Lucas Oil son s\u00e1bado y domingo, con lo que ser\u00eda imposible estar al mismo tiempo en los dos seriales.<\/p>\n<p>Los puntos de Caddell ser\u00e1n para MacCachren, quien estar\u00e1 haciendo su presentaci\u00f3n en TORC para el 26 y 27 de mayo cuando la serie de circuito cerrado arribe a la pista Red Bull MX de Buchanan, Michigan.<\/p>\n<p>Foto: Cortes\u00eda de Jason Zindroski\/www.highrevphoto.com<\/p>\n","protected":false},"excerpt":{"rendered":"<p>Ensenada, M\u00e9xico.- Rob MacCachren quiere lograr su victoria 193 de por vida en el automovilismo&#8230;<\/p>\n","protected":false},"author":1,"featured_media":10481,"comment_status":"closed","ping_status":"closed","sticky":false,"template":"","format":"standard","meta":{"footnotes":""},"categories":[1,7],"tags":[],"class_list":["post-10479","post","type-post","status-publish","format-standard","has-post-thumbnail","hentry","category-uncategorized","category-deportes"],"_links":{"self":[{"href":"https:\/\/agpnoticias.com\/news\/index.php?rest_route=\/wp\/v2\/posts\/10479","targetHints":{"allow":["GET"]}}],"collection":[{"href":"https:\/\/agpnoticias.com\/news\/index.php?rest_route=\/wp\/v2\/posts"}],"about":[{"href":"https:\/\/agpnoticias.com\/news\/index.php?rest_route=\/wp\/v2\/types\/post"}],"author":[{"embeddable":true,"href":"https:\/\/agpnoticias.com\/news\/index.php?rest_route=\/wp\/v2\/users\/1"}],"replies":[{"embeddable":true,"href":"https:\/\/agpnoticias.com\/news\/index.php?rest_route=%2Fwp%2Fv2%2Fcomments&post=10479"}],"version-history":[{"count":2,"href":"https:\/\/agpnoticias.com\/news\/index.php?rest_route=\/wp\/v2\/posts\/10479\/revisions"}],"predecessor-version":[{"id":10483,"href":"https:\/\/agpnoticias.com\/news\/index.php?rest_route=\/wp\/v2\/posts\/10479\/revisions\/10483"}],"wp:featuredmedia":[{"embeddable":true,"href":"https:\/\/agpnoticias.com\/news\/index.php?rest_route=\/wp\/v2\/media\/10481"}],"wp:attachment":[{"href":"https:\/\/agpnoticias.com\/news\/index.php?rest_route=%2Fwp%2Fv2%2Fmedia&parent=10479"}],"wp:term":[{"taxonomy":"category","embeddable":true,"href":"https:\/\/agpnoticias.com\/news\/index.php?rest_route=%2Fwp%2Fv2%2Fcategories&post=10479"},{"taxonomy":"post_tag","embeddable":true,"href":"https:\/\/agpnoticias.com\/news\/index.php?rest_route=%2Fwp%2Fv2%2Ftags&post=10479"}],"curies":[{"name":"wp","href":"https:\/\/api.w.org\/{rel}","templated":true}]}}