{"id":10484,"date":"2012-04-18T15:29:59","date_gmt":"2012-04-18T23:29:59","guid":{"rendered":"http:\/\/agpnoticias.com\/news\/?p=10484"},"modified":"2012-04-18T15:29:59","modified_gmt":"2012-04-18T23:29:59","slug":"arranca-la-temporada-2012-de-la-serie-torc","status":"publish","type":"post","link":"https:\/\/agpnoticias.com\/news\/?p=10484","title":{"rendered":"Arranca la temporada 2012 de la serie TORC"},"content":{"rendered":"<p>Ensenada, M\u00e9xico.- La serie TORC pondr\u00e1 en marcha este viernes 20 de abril su temporada 2012 con la presencia de figuras de la talla de Bryce Menzies, Johnny Greaves, Scott Taylor, Scott Douglas y Ricky Johnson.<\/p>\n<p>Esta organizaci\u00f3n contar\u00e1 con 14 fechas de abril a septiembre, incluidas las fechas del Campeonato Mundial de circuito cerrado de Crandon.<!--more--><\/p>\n<p>TORC tiene planeado solamente eventos en los estados de Carolina del Norte, Texas, Michigan, Wisconsin e Illinois, sin meterse a la Costa Oeste.<\/p>\n<p>Las \u00faltimas dos fechas del calendario ser\u00e1n en el Rancho Ciclo de Floresville, Texas del 29 al 30 de septiembre, escenario en donde se definir\u00e1n los campeonatos de la serie TORC.<\/p>\n<p>Los monarcas de la categor\u00eda Pro 4 y Pro 2, Ricky Johnson y\u00a0 Bryce Menzies comenzar\u00e1n desde este fin de semana su defensa de los campeonatos para la escuder\u00eda Menzies Motorsports.<\/p>\n<p>En el caso de la leyenda del Supercross, Ricky Johnson, portar\u00e1 el n\u00famero 1 en esta campa\u00f1a y tendr\u00e1 como sus principales rivales dentro de la Pro 4 al experimentado Johnny Greaves, Steve Barlow, Scott Douglas y Mark Jenkins.<\/p>\n<p><strong>Menzies quiere el bicampeonato<\/strong><\/p>\n<p>Para Bryce Menzies el 2012 ser\u00e1 un a\u00f1o que le dar\u00e1 la oportunidad de luchar por el bicampeonato de la Pro 2, algo que no ser\u00e1 sencillo ante el acaso de Rob MacCachren.<\/p>\n<p>Menzies estar\u00e1 al volante de su poderosa Dodge Ram desde la pista Charlotte en Concord, Carolina del Norte, escenario donde se ver\u00e1 las caras con pilotos de la talla de Chad Hord, Jeff Kincaid, Scott Taylor, Mike Oberg y Andrew Caddell.<\/p>\n<p>Precisamente Caddell, actual monarca de la Pro Light, ser\u00e1 el relevo al volante de la Ram de MacCachren, quien no podr\u00e1 estar en el arranque de esta temporada por empalmarse fechas con la serie Lucas Oil en Lake Elsinore, California.<\/p>\n<p><strong>Calendario 2012 de la serie TORC<\/strong><\/p>\n<p><strong>Ronda 1<\/strong><\/p>\n<p>Viernes 20 de abril<\/p>\n<p>Pista Charlotte Motor Speedway<\/p>\n<p>Concord, Carolina del Norte<\/p>\n<p><strong>Ronda 2<\/strong><\/p>\n<p>S\u00e1bado 21 de abril<\/p>\n<p>Pista Charlotte Motor Speedway<\/p>\n<p>Concord, Carolina del Norte<\/p>\n<p><strong>Ronda 3<\/strong><\/p>\n<p>S\u00e1bado 26 de mayo<\/p>\n<p>Pista Red Bull Mx<\/p>\n<p>Buchanan, Michigan<\/p>\n<p><strong>Ronda 4<\/strong><\/p>\n<p>Domingo 27 de mayo<\/p>\n<p>Pista Red Bull Mx<\/p>\n<p>Buchanan, Michigan<\/p>\n<p><strong>Ronda 5<\/strong><\/p>\n<p>S\u00e1bado 16 de junio<\/p>\n<p>Pista Crandon Off Road<\/p>\n<p>Crandon, Wisconsin<\/p>\n<p><strong>Ronda 6<\/strong><\/p>\n<p>Domingo 17 de junio<\/p>\n<p>Pista Crandon Off Road<\/p>\n<p>Crandon, Wisconsin<\/p>\n<p><strong>Ronda 7<\/strong><\/p>\n<p>Jueves 19 de julio<\/p>\n<p>Pista Chicagoland<\/p>\n<p>Joliet, Illinois<\/p>\n<p><strong>Ronda 8<\/strong><\/p>\n<p>Viernes 20 de julio<\/p>\n<p>Pista Chicagoland<\/p>\n<p>Joliet, Illinois<\/p>\n<p><strong>Ronda 9<\/strong><\/p>\n<p>S\u00e1bado 11 de agosto<\/p>\n<p>Pista Bark River Off Road<\/p>\n<p>Bark River, Michigan<\/p>\n<p><strong>Ronda 10<\/strong><\/p>\n<p>Domingo 12 de agosto<\/p>\n<p>Pista Bark River Off Road<\/p>\n<p>Bark River, Michigan<\/p>\n<p><strong>Ronda 11<\/strong><\/p>\n<p>S\u00e1bado 1 de septiembre<\/p>\n<p>Pista Crandon Off Road<\/p>\n<p>Crandon, Wisconsin<\/p>\n<p><strong>Ronda 12<\/strong><\/p>\n<p>Domingo 2 de septiembre<\/p>\n<p>Pista Crandon Off Road<\/p>\n<p>Crandon, Wisconsin<\/p>\n<p><strong>Ronda 13<\/strong><\/p>\n<p>S\u00e1bado 29 de septiembre<\/p>\n<p>Rancho Ciclo<\/p>\n<p>Floresville, Texas<\/p>\n<p><strong>Ronda 14<\/strong><\/p>\n<p>Domingo 30 de septiembre<\/p>\n<p>Rancho Ciclo<\/p>\n<p>Floresville, Texas<\/p>\n<p>Foto: Cortes\u00eda de Menzies Motorsports<\/p>\n","protected":false},"excerpt":{"rendered":"<p>Ensenada, M\u00e9xico.- La serie TORC pondr\u00e1 en marcha este viernes 20 de abril su temporada&#8230;<\/p>\n","protected":false},"author":1,"featured_media":10485,"comment_status":"closed","ping_status":"closed","sticky":false,"template":"","format":"standard","meta":{"footnotes":""},"categories":[1,7],"tags":[],"class_list":["post-10484","post","type-post","status-publish","format-standard","has-post-thumbnail","hentry","category-uncategorized","category-deportes"],"_links":{"self":[{"href":"https:\/\/agpnoticias.com\/news\/index.php?rest_route=\/wp\/v2\/posts\/10484","targetHints":{"allow":["GET"]}}],"collection":[{"href":"https:\/\/agpnoticias.com\/news\/index.php?rest_route=\/wp\/v2\/posts"}],"about":[{"href":"https:\/\/agpnoticias.com\/news\/index.php?rest_route=\/wp\/v2\/types\/post"}],"author":[{"embeddable":true,"href":"https:\/\/agpnoticias.com\/news\/index.php?rest_route=\/wp\/v2\/users\/1"}],"replies":[{"embeddable":true,"href":"https:\/\/agpnoticias.com\/news\/index.php?rest_route=%2Fwp%2Fv2%2Fcomments&post=10484"}],"version-history":[{"count":3,"href":"https:\/\/agpnoticias.com\/news\/index.php?rest_route=\/wp\/v2\/posts\/10484\/revisions"}],"predecessor-version":[{"id":10488,"href":"https:\/\/agpnoticias.com\/news\/index.php?rest_route=\/wp\/v2\/posts\/10484\/revisions\/10488"}],"wp:featuredmedia":[{"embeddable":true,"href":"https:\/\/agpnoticias.com\/news\/index.php?rest_route=\/wp\/v2\/media\/10485"}],"wp:attachment":[{"href":"https:\/\/agpnoticias.com\/news\/index.php?rest_route=%2Fwp%2Fv2%2Fmedia&parent=10484"}],"wp:term":[{"taxonomy":"category","embeddable":true,"href":"https:\/\/agpnoticias.com\/news\/index.php?rest_route=%2Fwp%2Fv2%2Fcategories&post=10484"},{"taxonomy":"post_tag","embeddable":true,"href":"https:\/\/agpnoticias.com\/news\/index.php?rest_route=%2Fwp%2Fv2%2Ftags&post=10484"}],"curies":[{"name":"wp","href":"https:\/\/api.w.org\/{rel}","templated":true}]}}