{"id":10959,"date":"2012-05-04T20:16:42","date_gmt":"2012-05-05T04:16:42","guid":{"rendered":"http:\/\/agpnoticias.com\/news\/?p=10959"},"modified":"2017-01-18T14:49:34","modified_gmt":"2017-01-18T22:49:34","slug":"otro-record-de-perez-vertti-antes-de-meta-olimpica","status":"publish","type":"post","link":"https:\/\/agpnoticias.com\/news\/?p=10959","title":{"rendered":"R\u00e9cord de P\u00e9rez Vertti, en ruta ol\u00edmpica"},"content":{"rendered":"<p>Monterrey, M\u00e9xico.- R\u00e9cord mexicano en los 400 metros por tercera vez en 2012 y las ilusiones intactas de llegar a Juegos Ol\u00edmpicos.<\/p>\n<p>En resumen ese fue el resultadoo del nadador ensenadense Arturo P\u00e9rez Vertti ayer en Monterrey, Nuevo Le\u00f3n, sede de la Olimpiada Nacional 2012.<!--more--><\/p>\n<p>El seleccionado nacional dirigido por Ascanio Fern\u00e1ndez Pinto finaliz\u00f3 el trayecto con tiempo de 3:55.25 en el Centro Acu\u00e1tico Ol\u00edmpico Universitario para sumar su segunda medalla de oro en la categor\u00eda elite.<\/p>\n<figure id=\"attachment_10961\" aria-describedby=\"caption-attachment-10961\" style=\"width: 150px\" class=\"wp-caption alignleft\"><a href=\"http:\/\/agpnoticias.com\/news\/wp-content\/uploads\/2012\/05\/PEREZ-VERTTI-2.jpg\"><img decoding=\"async\" class=\"size-thumbnail wp-image-10961\" title=\"PEREZ VERTTI 2\" src=\"http:\/\/agpnoticias.com\/news\/wp-content\/uploads\/2012\/05\/PEREZ-VERTTI-2-150x89.jpg\" alt=\"\" width=\"150\" height=\"89\" srcset=\"https:\/\/agpnoticias.com\/news\/wp-content\/uploads\/2012\/05\/PEREZ-VERTTI-2-150x89.jpg 150w, https:\/\/agpnoticias.com\/news\/wp-content\/uploads\/2012\/05\/PEREZ-VERTTI-2-800x475.jpg 800w, https:\/\/agpnoticias.com\/news\/wp-content\/uploads\/2012\/05\/PEREZ-VERTTI-2-538x320.jpg 538w\" sizes=\"(max-width: 150px) 100vw, 150px\" \/><\/a><figcaption id=\"caption-attachment-10961\" class=\"wp-caption-text\">Arturo P\u00e9rez Vertti, un rompe r\u00e9cords en los 400 metros<\/figcaption><\/figure>\n<p>En 2011, P\u00e9rez Vertti rompi\u00f3 por primera vez el r\u00e9cord de los 400 metros, logro que ha repetido en tres ocasiones durante 2012.<\/p>\n<p>\u201cEstoy muy contento por mis resultados, en 400 ha sido mi mejor marca personal, r\u00e9cord absoluto mexicano, a pesar de las circunstancias, no vengo en mi mejor forma y hago mi mejor marca, esto me da mucha confianza para las siguientes competencias\u201d, dijo.<\/p>\n<p>La actuaci\u00f3n del bajacaliforniano continuar\u00e1 con la prueba de los 800 metros, adem\u00e1s de estar inscrito en la competencia de aguas abiertas este martes.<\/p>\n<p>\u201cTengo todav\u00eda los 800 metros libres, no es oficial para Juegos Ol\u00edmpicos pero como entrenamiento y parte de la preparaci\u00f3n la voy a nadar y, claro, vamos a buscar permanecer en el sitio que estoy, como el mejor del Pa\u00eds\u201d, se\u00f1al\u00f3.<\/p>\n<p>Arturo P\u00e9rez Vertti busca la clasificaci\u00f3n a Juegos Ol\u00edmpicos en los mil 500 metros, luego de haber conseguido el cuarto lugar de esa distancia en los Juegos Panamericanos de Guadalajara 2011.<\/p>\n<p>Informaci\u00f3n: Instituto del Deporte y la Cultura F\u00edsica de Baja California (INDE).<\/p>\n","protected":false},"excerpt":{"rendered":"<p>Monterrey, M\u00e9xico.- R\u00e9cord mexicano en los 400 metros por tercera vez en 2012 y las&#8230;<\/p>\n","protected":false},"author":1,"featured_media":10960,"comment_status":"closed","ping_status":"closed","sticky":false,"template":"","format":"standard","meta":{"footnotes":""},"categories":[1,7,705],"tags":[],"class_list":["post-10959","post","type-post","status-publish","format-standard","has-post-thumbnail","hentry","category-uncategorized","category-deportes","category-natacion"],"_links":{"self":[{"href":"https:\/\/agpnoticias.com\/news\/index.php?rest_route=\/wp\/v2\/posts\/10959","targetHints":{"allow":["GET"]}}],"collection":[{"href":"https:\/\/agpnoticias.com\/news\/index.php?rest_route=\/wp\/v2\/posts"}],"about":[{"href":"https:\/\/agpnoticias.com\/news\/index.php?rest_route=\/wp\/v2\/types\/post"}],"author":[{"embeddable":true,"href":"https:\/\/agpnoticias.com\/news\/index.php?rest_route=\/wp\/v2\/users\/1"}],"replies":[{"embeddable":true,"href":"https:\/\/agpnoticias.com\/news\/index.php?rest_route=%2Fwp%2Fv2%2Fcomments&post=10959"}],"version-history":[{"count":4,"href":"https:\/\/agpnoticias.com\/news\/index.php?rest_route=\/wp\/v2\/posts\/10959\/revisions"}],"predecessor-version":[{"id":12161,"href":"https:\/\/agpnoticias.com\/news\/index.php?rest_route=\/wp\/v2\/posts\/10959\/revisions\/12161"}],"wp:featuredmedia":[{"embeddable":true,"href":"https:\/\/agpnoticias.com\/news\/index.php?rest_route=\/wp\/v2\/media\/10960"}],"wp:attachment":[{"href":"https:\/\/agpnoticias.com\/news\/index.php?rest_route=%2Fwp%2Fv2%2Fmedia&parent=10959"}],"wp:term":[{"taxonomy":"category","embeddable":true,"href":"https:\/\/agpnoticias.com\/news\/index.php?rest_route=%2Fwp%2Fv2%2Fcategories&post=10959"},{"taxonomy":"post_tag","embeddable":true,"href":"https:\/\/agpnoticias.com\/news\/index.php?rest_route=%2Fwp%2Fv2%2Ftags&post=10959"}],"curies":[{"name":"wp","href":"https:\/\/api.w.org\/{rel}","templated":true}]}}