{"id":1144810,"date":"2014-09-03T14:48:42","date_gmt":"2014-09-03T21:48:42","guid":{"rendered":"http:\/\/agpnoticias.com\/news\/?p=1144810"},"modified":"2014-09-03T15:33:33","modified_gmt":"2014-09-03T22:33:33","slug":"entregan-a-la-ic-constancia-de-futura-sancion-a-freddy","status":"publish","type":"post","link":"https:\/\/agpnoticias.com\/news\/?p=1144810","title":{"rendered":"Entregan a la IC constancia de futura sanci\u00f3n a Freddy"},"content":{"rendered":"<figure id=\"attachment_1144856\" aria-describedby=\"caption-attachment-1144856\" style=\"width: 800px\" class=\"wp-caption aligncenter\"><a href=\"http:\/\/agpnoticias.com\/news\/?attachment_id=1144856\" rel=\"attachment wp-att-1144856\"><img fetchpriority=\"high\" decoding=\"async\" class=\"size-full wp-image-1144856\" src=\"http:\/\/agpnoticias.com\/news\/wp-content\/uploads\/2014\/09\/Freddy-Lugo-ser\u00e1-sancionado-por-desacato-a-una-orden-de-la-CAAD.jpg\" alt=\"Freddy Lugo ser\u00e1 sancionado por desacato a una orden de la CAAD\" width=\"800\" height=\"497\" srcset=\"https:\/\/agpnoticias.com\/news\/wp-content\/uploads\/2014\/09\/Freddy-Lugo-ser\u00e1-sancionado-por-desacato-a-una-orden-de-la-CAAD.jpg 800w, https:\/\/agpnoticias.com\/news\/wp-content\/uploads\/2014\/09\/Freddy-Lugo-ser\u00e1-sancionado-por-desacato-a-una-orden-de-la-CAAD-200x124.jpg 200w, https:\/\/agpnoticias.com\/news\/wp-content\/uploads\/2014\/09\/Freddy-Lugo-ser\u00e1-sancionado-por-desacato-a-una-orden-de-la-CAAD-600x372.jpg 600w\" sizes=\"(max-width: 800px) 100vw, 800px\" \/><\/a><figcaption id=\"caption-attachment-1144856\" class=\"wp-caption-text\">Freddy Lugo ser\u00e1 sancionado por desacato a una orden de la CAAD<\/figcaption><\/figure>\n<p>Ensenada, Baja California.- La Liga Industrial Comercial ya tiene en su poder la resoluci\u00f3n de la Comisi\u00f3n de Apelaci\u00f3n y Arbitraje del Deporte (CAAD) donde se declara el desacato de Freddy Armando Lugo Valenzuela, presidente de la Asociaci\u00f3n Estatal de Beisbol de Baja California.<\/p>\n<p>Mart\u00edn Sauceda confirm\u00f3 que la CAAD determin\u00f3 que el directivo incurri\u00f3 en \u00abafectaci\u00f3n al deporte\u00bb por haber suspendido sin fundamentos la realizaci\u00f3n del Campeonato Estatal de Beisbol de Primera Fuerza.<\/p>\n<p>\u00abEn dos semanas, o tal vez en una, la Comisi\u00f3n Nacional del Deporte (Conade) establecer\u00e1 la sanci\u00f3n a la que se har\u00e1 sujeto Freddy Lugo por desacato a una resoluci\u00f3n de la CAAD\u00bb, dijo el presidente de la Liga Industrial Comercial.<\/p>\n<p>La Liga Industrial Comercial promovi\u00f3 un recurso para argumentar su calificaci\u00f3n de manera directa a las semifinales del estatal por haberse ubicado con el mismo r\u00e9cord de Tijuana Municipal, aunque con el criterio de dominio a su favor.<\/p>\n<p>Sin embargo, Freddy Lugo busc\u00f3 enfrentar a las dos selecciones en un juego de desempate que jam\u00e1s estuvo estipulado en la convocatoria.<\/p>\n<p>Desde entonces y por cuatro domingos consecutivos, el directivo estatal desacat\u00f3 esa resoluci\u00f3n, as\u00ed como otro recurso presentado a favor de la Liga Rural de Maneadero, y finalmente detuvo la competencia.<\/p>\n<p>La CAAD inform\u00f3 a los involucrados su resoluci\u00f3n fechada desde el 28 de agosto, pero fue hasta el mi\u00e9rcoles 3 de septiembre cuando Mart\u00edn Sauceda recibi\u00f3 el escrito en la oficina del \u00f3rgano federal que opera en el Centro de Alto Rendimiento de Ensenada.<\/p>\n<p><strong><em>\u00abSe determina declarar el desacato al Presidente de la Asociaci\u00f3n en comento, orden\u00e1ndose se gire atento oficio y remita la copia certificada de todo lo actuado en el presente expediente a la Comisi\u00f3n Nacional de Cultura F\u00edsica y Deporte, por conducto a su director general, para que en el \u00e1mbito de su competencia se inicie el procedimiento sancionatorio a que hubiere lugar a la autoridad deportiva antes mencionada&#8230;\u00bb.<\/em><\/strong><\/p>\n<p>Lo anterior es\u00a0un fragmento del expediente No. CAAD-RA-98\/2014 y es firmado por la Presidenta en Funciones de la Comisi\u00f3n de Apelaci\u00f3n y Arbitraje del Deporte, Norma Olivia Gonz\u00e1lez Guerrero, as\u00ed como por Jaime Moreno Agraz, Secretario General.<\/p>\n<p><a href=\"http:\/\/agpnoticias.com\/news\/?attachment_id=1144982\" rel=\"attachment wp-att-1144982\"><img decoding=\"async\" class=\"aligncenter size-full wp-image-1144982\" src=\"http:\/\/agpnoticias.com\/news\/wp-content\/uploads\/2014\/09\/Desacato1.jpg\" alt=\"Desacato1\" width=\"718\" height=\"1000\" srcset=\"https:\/\/agpnoticias.com\/news\/wp-content\/uploads\/2014\/09\/Desacato1.jpg 718w, https:\/\/agpnoticias.com\/news\/wp-content\/uploads\/2014\/09\/Desacato1-143x200.jpg 143w, https:\/\/agpnoticias.com\/news\/wp-content\/uploads\/2014\/09\/Desacato1-600x835.jpg 600w\" sizes=\"(max-width: 718px) 100vw, 718px\" \/><\/a> <a href=\"http:\/\/agpnoticias.com\/news\/?attachment_id=1144984\" rel=\"attachment wp-att-1144984\"><img decoding=\"async\" class=\"aligncenter size-full wp-image-1144984\" src=\"http:\/\/agpnoticias.com\/news\/wp-content\/uploads\/2014\/09\/Desacato2.jpg\" alt=\"Desacato2\" width=\"692\" height=\"960\" srcset=\"https:\/\/agpnoticias.com\/news\/wp-content\/uploads\/2014\/09\/Desacato2.jpg 692w, https:\/\/agpnoticias.com\/news\/wp-content\/uploads\/2014\/09\/Desacato2-144x200.jpg 144w, https:\/\/agpnoticias.com\/news\/wp-content\/uploads\/2014\/09\/Desacato2-600x832.jpg 600w\" sizes=\"(max-width: 692px) 100vw, 692px\" \/><\/a> <a href=\"http:\/\/agpnoticias.com\/news\/?attachment_id=1144986\" rel=\"attachment wp-att-1144986\"><img loading=\"lazy\" decoding=\"async\" class=\"aligncenter size-full wp-image-1144986\" src=\"http:\/\/agpnoticias.com\/news\/wp-content\/uploads\/2014\/09\/Desacato3.jpg\" alt=\"Desacato3\" width=\"769\" height=\"960\" srcset=\"https:\/\/agpnoticias.com\/news\/wp-content\/uploads\/2014\/09\/Desacato3.jpg 769w, https:\/\/agpnoticias.com\/news\/wp-content\/uploads\/2014\/09\/Desacato3-160x200.jpg 160w, https:\/\/agpnoticias.com\/news\/wp-content\/uploads\/2014\/09\/Desacato3-600x749.jpg 600w\" sizes=\"(max-width: 769px) 100vw, 769px\" \/><\/a><\/p>\n","protected":false},"excerpt":{"rendered":"<p>Ensenada, Baja California.- La Liga Industrial Comercial ya tiene en su poder la resoluci\u00f3n de&#8230;<\/p>\n","protected":false},"author":1,"featured_media":1144856,"comment_status":"closed","ping_status":"closed","sticky":false,"template":"","format":"standard","meta":{"footnotes":""},"categories":[1,30,20,7],"tags":[],"class_list":["post-1144810","post","type-post","status-publish","format-standard","has-post-thumbnail","hentry","category-uncategorized","category-beisbol","category-beisbol-industrial-y-comercial","category-deportes"],"_links":{"self":[{"href":"https:\/\/agpnoticias.com\/news\/index.php?rest_route=\/wp\/v2\/posts\/1144810","targetHints":{"allow":["GET"]}}],"collection":[{"href":"https:\/\/agpnoticias.com\/news\/index.php?rest_route=\/wp\/v2\/posts"}],"about":[{"href":"https:\/\/agpnoticias.com\/news\/index.php?rest_route=\/wp\/v2\/types\/post"}],"author":[{"embeddable":true,"href":"https:\/\/agpnoticias.com\/news\/index.php?rest_route=\/wp\/v2\/users\/1"}],"replies":[{"embeddable":true,"href":"https:\/\/agpnoticias.com\/news\/index.php?rest_route=%2Fwp%2Fv2%2Fcomments&post=1144810"}],"version-history":[{"count":2,"href":"https:\/\/agpnoticias.com\/news\/index.php?rest_route=\/wp\/v2\/posts\/1144810\/revisions"}],"predecessor-version":[{"id":1145359,"href":"https:\/\/agpnoticias.com\/news\/index.php?rest_route=\/wp\/v2\/posts\/1144810\/revisions\/1145359"}],"wp:featuredmedia":[{"embeddable":true,"href":"https:\/\/agpnoticias.com\/news\/index.php?rest_route=\/wp\/v2\/media\/1144856"}],"wp:attachment":[{"href":"https:\/\/agpnoticias.com\/news\/index.php?rest_route=%2Fwp%2Fv2%2Fmedia&parent=1144810"}],"wp:term":[{"taxonomy":"category","embeddable":true,"href":"https:\/\/agpnoticias.com\/news\/index.php?rest_route=%2Fwp%2Fv2%2Fcategories&post=1144810"},{"taxonomy":"post_tag","embeddable":true,"href":"https:\/\/agpnoticias.com\/news\/index.php?rest_route=%2Fwp%2Fv2%2Ftags&post=1144810"}],"curies":[{"name":"wp","href":"https:\/\/api.w.org\/{rel}","templated":true}]}}