{"id":1148204,"date":"2014-09-03T21:52:49","date_gmt":"2014-09-04T04:52:49","guid":{"rendered":"http:\/\/agpnoticias.com\/news\/?p=1148204"},"modified":"2014-09-03T21:52:49","modified_gmt":"2014-09-04T04:52:49","slug":"reserva-matias-paradas-cortas-a-jorge-flores","status":"publish","type":"post","link":"https:\/\/agpnoticias.com\/news\/?p=1148204","title":{"rendered":"Reserva Mat\u00edas paradas cortas a Jorge Flores"},"content":{"rendered":"<figure id=\"attachment_1148228\" aria-describedby=\"caption-attachment-1148228\" style=\"width: 640px\" class=\"wp-caption alignright\"><a href=\"http:\/\/agpnoticias.com\/news\/?attachment_id=1148228\" rel=\"attachment wp-att-1148228\"><img fetchpriority=\"high\" decoding=\"async\" class=\"size-full wp-image-1148228\" src=\"http:\/\/agpnoticias.com\/news\/wp-content\/uploads\/2014\/09\/Jorge-Flores-volver\u00e1-a-los-campeones-Naranjeros-de-Hermosillo.jpg\" alt=\"Jorge Flores volver\u00e1 a los campeones Naranjeros de Hermosillo\" width=\"640\" height=\"428\" srcset=\"https:\/\/agpnoticias.com\/news\/wp-content\/uploads\/2014\/09\/Jorge-Flores-volver\u00e1-a-los-campeones-Naranjeros-de-Hermosillo.jpg 640w, https:\/\/agpnoticias.com\/news\/wp-content\/uploads\/2014\/09\/Jorge-Flores-volver\u00e1-a-los-campeones-Naranjeros-de-Hermosillo-200x133.jpg 200w, https:\/\/agpnoticias.com\/news\/wp-content\/uploads\/2014\/09\/Jorge-Flores-volver\u00e1-a-los-campeones-Naranjeros-de-Hermosillo-600x401.jpg 600w\" sizes=\"(max-width: 640px) 100vw, 640px\" \/><\/a><figcaption id=\"caption-attachment-1148228\" class=\"wp-caption-text\">Jorge Flores volver\u00e1 a los campeones Naranjeros de Hermosillo<\/figcaption><\/figure>\n<p>Hermosillo, Sonora.- Mat\u00edas Carrillo apostar\u00e1 por talento joven con los campeones Naranjeros de Hermosillo y entre la nueva camada destaca el ensenadense Jorge Flores en sustituci\u00f3n de Heber G\u00f3mez.<\/p>\n<p>\u00abEs la misma base con excepci\u00f3n del cambio de Heber G\u00f3mez por un gran pitcher (Rafael Martin), y tenemos a Jorge Flores que tuvo una buena temporada en AA con Toronto y se le dar\u00e1 la oportunidad\u00bb, coment\u00f3 el manager campe\u00f3n la Serie del Caribe.<\/p>\n<p>Sobre las funciones del beisbolista bajacaliforniano, precis\u00f3 que \u00ab\u00e9l va a cubrir el short stop\u00bb dentro de \u00abun equipo cuya directiva se esfuerza por tener mejores jugadores y darle a la afici\u00f3n lo que merece\u00bb.<\/p>\n<p>\u00abMe siento muy bien, sobre todo porque es la misma base del a\u00f1o pasado, vienen cosas mejores, a\u00f1o tras a\u00f1o uno trata de mejorar, hay que seguir por el mismo camino, inculcarle a los muchachos que el campeonato ya se logr\u00f3\u00bb, se\u00f1al\u00f3.<\/p>\n<p>A una semana de regresar a las pr\u00e1cticas, \u00abEl Coyote\u00bb dijo: \u00abahora vamos a buscar otra buena temporada y lograr el campeonato sin pensar en que ya fuimos campeones, hay que seguir trabajando fuerte y buscar el nuevo campeonato que es lo que haremos\u00bb.<\/p>\n<p>Los entrenamientos de Naranjeros iniciar\u00e1n el lunes 8 de septiembre con el regreso de los extranjeros Jerry Owens y Yunesky S\u00e1nchez.<\/p>\n","protected":false},"excerpt":{"rendered":"<p>Hermosillo, Sonora.- Mat\u00edas Carrillo apostar\u00e1 por talento joven con los campeones Naranjeros de Hermosillo y&#8230;<\/p>\n","protected":false},"author":1,"featured_media":1148228,"comment_status":"closed","ping_status":"closed","sticky":false,"template":"","format":"standard","meta":{"footnotes":""},"categories":[1,30,7],"tags":[],"class_list":["post-1148204","post","type-post","status-publish","format-standard","has-post-thumbnail","hentry","category-uncategorized","category-beisbol","category-deportes"],"_links":{"self":[{"href":"https:\/\/agpnoticias.com\/news\/index.php?rest_route=\/wp\/v2\/posts\/1148204","targetHints":{"allow":["GET"]}}],"collection":[{"href":"https:\/\/agpnoticias.com\/news\/index.php?rest_route=\/wp\/v2\/posts"}],"about":[{"href":"https:\/\/agpnoticias.com\/news\/index.php?rest_route=\/wp\/v2\/types\/post"}],"author":[{"embeddable":true,"href":"https:\/\/agpnoticias.com\/news\/index.php?rest_route=\/wp\/v2\/users\/1"}],"replies":[{"embeddable":true,"href":"https:\/\/agpnoticias.com\/news\/index.php?rest_route=%2Fwp%2Fv2%2Fcomments&post=1148204"}],"version-history":[{"count":1,"href":"https:\/\/agpnoticias.com\/news\/index.php?rest_route=\/wp\/v2\/posts\/1148204\/revisions"}],"predecessor-version":[{"id":1148236,"href":"https:\/\/agpnoticias.com\/news\/index.php?rest_route=\/wp\/v2\/posts\/1148204\/revisions\/1148236"}],"wp:featuredmedia":[{"embeddable":true,"href":"https:\/\/agpnoticias.com\/news\/index.php?rest_route=\/wp\/v2\/media\/1148228"}],"wp:attachment":[{"href":"https:\/\/agpnoticias.com\/news\/index.php?rest_route=%2Fwp%2Fv2%2Fmedia&parent=1148204"}],"wp:term":[{"taxonomy":"category","embeddable":true,"href":"https:\/\/agpnoticias.com\/news\/index.php?rest_route=%2Fwp%2Fv2%2Fcategories&post=1148204"},{"taxonomy":"post_tag","embeddable":true,"href":"https:\/\/agpnoticias.com\/news\/index.php?rest_route=%2Fwp%2Fv2%2Ftags&post=1148204"}],"curies":[{"name":"wp","href":"https:\/\/api.w.org\/{rel}","templated":true}]}}