{"id":1153235,"date":"2014-09-04T15:09:35","date_gmt":"2014-09-04T22:09:35","guid":{"rendered":"http:\/\/agpnoticias.com\/news\/?p=1153235"},"modified":"2016-12-28T22:21:46","modified_gmt":"2016-12-29T06:21:46","slug":"desde-ahora-con-la-mira-en-toronto","status":"publish","type":"post","link":"https:\/\/agpnoticias.com\/news\/?p=1153235","title":{"rendered":"Desde ahora con la mira en Toronto"},"content":{"rendered":"<figure id=\"attachment_1153254\" aria-describedby=\"caption-attachment-1153254\" style=\"width: 299px\" class=\"wp-caption alignright\"><a href=\"http:\/\/agpnoticias.com\/news\/?attachment_id=1153254\" rel=\"attachment wp-att-1153254\"><img fetchpriority=\"high\" decoding=\"async\" class=\"size-full wp-image-1153254\" src=\"http:\/\/agpnoticias.com\/news\/wp-content\/uploads\/2014\/09\/Daniel-Carrillo-Angulo.jpg\" alt=\"Daniel Carrillo Angulo\" width=\"299\" height=\"448\" srcset=\"https:\/\/agpnoticias.com\/news\/wp-content\/uploads\/2014\/09\/Daniel-Carrillo-Angulo.jpg 299w, https:\/\/agpnoticias.com\/news\/wp-content\/uploads\/2014\/09\/Daniel-Carrillo-Angulo-133x200.jpg 133w\" sizes=\"(max-width: 299px) 100vw, 299px\" \/><\/a><figcaption id=\"caption-attachment-1153254\" class=\"wp-caption-text\">Daniel Carrillo Angulo<\/figcaption><\/figure>\n<p>Ensenada, Baja California.- Los Juegos Centroamericanos y del Caribe est\u00e1n por pasar de largo nuevamente para Daniel Carrillo Angulo.<\/p>\n<p>En contraste, una justa de mayores alcances, los Juegos Panamericanos, ya son parte de su historial con una medalla y una futura participaci\u00f3n en Toronto durante 2015.<\/p>\n<p>Cuatro a\u00f1os atr\u00e1s, el karateca ensenadense qued\u00f3 fuera de la justa centroamericana disputada en Mayag\u00fcez, Puerto Rico, aunque en 2011 logr\u00f3 clasificar a los Juegos Panamericanos de Guadalajara, donde gan\u00f3 una medalla.<\/p>\n<p>En el nuevo ciclo, el escenario es similar.<\/p>\n<p>El camino a los Juegos Panamericanos de Toronto en 2015 ofrece mayores certezas que el correspondiente al de los Juegos Centroamericanos y del Caribe programados en noviembre de 2014.<\/p>\n<p>La prioridad fueron sus estudios, la fase final de su carrera de Ingenier\u00eda, durante el ciclo centroamericano promovido por la Federaci\u00f3n Mexicana de Karate.<\/p>\n<p>El seleccionado nacional tiene ahora frente a s\u00ed el proceso para buscar la representaci\u00f3n nacional en Juegos Panamericanos el pr\u00f3ximo a\u00f1o.<\/p>\n<p>En Toronto buscar\u00e1 refrendar su lugar en el podio, aunque podr\u00eda mejorarlo con un oro o una plata despu\u00e9s del bronce de Guadalajara en 2011.<\/p>\n<p>Daniel Carrillo se\u00f1al\u00f3 que a principios de 2015 vendr\u00e1 tanto el selectivo nacional como el Abierto de Paris y otros eventos internacionales.<\/p>\n<p>De esos resultados depender\u00e1 su lugar en la selecci\u00f3n mexicana que competir\u00e1 como parte de las delegaciones participantes de los Juegos Panamericanos.<\/p>\n<p>El medallista panamericano entrena bajo la direcci\u00f3n de su padre y mentor, Cuauht\u00e9moc Carrillo Mel\u00e9ndrez, en el dojo de la Escuela Shoto Kan.<\/p>\n<p>&nbsp;<\/p>\n","protected":false},"excerpt":{"rendered":"<p>Ensenada, Baja California.- Los Juegos Centroamericanos y del Caribe est\u00e1n por pasar de largo nuevamente&#8230;<\/p>\n","protected":false},"author":1,"featured_media":1153249,"comment_status":"closed","ping_status":"closed","sticky":false,"template":"","format":"standard","meta":{"footnotes":""},"categories":[1,73,7,695],"tags":[],"class_list":["post-1153235","post","type-post","status-publish","format-standard","has-post-thumbnail","hentry","category-uncategorized","category-deportebajacalifornia","category-deportes","category-karate"],"_links":{"self":[{"href":"https:\/\/agpnoticias.com\/news\/index.php?rest_route=\/wp\/v2\/posts\/1153235","targetHints":{"allow":["GET"]}}],"collection":[{"href":"https:\/\/agpnoticias.com\/news\/index.php?rest_route=\/wp\/v2\/posts"}],"about":[{"href":"https:\/\/agpnoticias.com\/news\/index.php?rest_route=\/wp\/v2\/types\/post"}],"author":[{"embeddable":true,"href":"https:\/\/agpnoticias.com\/news\/index.php?rest_route=\/wp\/v2\/users\/1"}],"replies":[{"embeddable":true,"href":"https:\/\/agpnoticias.com\/news\/index.php?rest_route=%2Fwp%2Fv2%2Fcomments&post=1153235"}],"version-history":[{"count":2,"href":"https:\/\/agpnoticias.com\/news\/index.php?rest_route=\/wp\/v2\/posts\/1153235\/revisions"}],"predecessor-version":[{"id":1153269,"href":"https:\/\/agpnoticias.com\/news\/index.php?rest_route=\/wp\/v2\/posts\/1153235\/revisions\/1153269"}],"wp:featuredmedia":[{"embeddable":true,"href":"https:\/\/agpnoticias.com\/news\/index.php?rest_route=\/wp\/v2\/media\/1153249"}],"wp:attachment":[{"href":"https:\/\/agpnoticias.com\/news\/index.php?rest_route=%2Fwp%2Fv2%2Fmedia&parent=1153235"}],"wp:term":[{"taxonomy":"category","embeddable":true,"href":"https:\/\/agpnoticias.com\/news\/index.php?rest_route=%2Fwp%2Fv2%2Fcategories&post=1153235"},{"taxonomy":"post_tag","embeddable":true,"href":"https:\/\/agpnoticias.com\/news\/index.php?rest_route=%2Fwp%2Fv2%2Ftags&post=1153235"}],"curies":[{"name":"wp","href":"https:\/\/api.w.org\/{rel}","templated":true}]}}