{"id":1153521,"date":"2014-09-04T12:31:42","date_gmt":"2014-09-04T19:31:42","guid":{"rendered":"http:\/\/agpnoticias.com\/news\/?p=1153521"},"modified":"2014-09-04T15:33:04","modified_gmt":"2014-09-04T22:33:04","slug":"1153521","status":"publish","type":"post","link":"https:\/\/agpnoticias.com\/news\/?p=1153521","title":{"rendered":"Convocan seleccionados Pre Junior"},"content":{"rendered":"<figure id=\"attachment_1153526\" aria-describedby=\"caption-attachment-1153526\" style=\"width: 740px\" class=\"wp-caption aligncenter\"><a href=\"http:\/\/agpnoticias.com\/news\/?attachment_id=1153526\" rel=\"attachment wp-att-1153526\"><img fetchpriority=\"high\" decoding=\"async\" class=\"size-full wp-image-1153526\" src=\"http:\/\/agpnoticias.com\/news\/wp-content\/uploads\/2014\/09\/La-Liga-Instruccional-present\u00f3-a-sus-pre-seleccionados-Pre-Junior.jpg\" alt=\"La Liga Instruccional present\u00f3 a sus pre seleccionados Pre Junior\" width=\"740\" height=\"600\" srcset=\"https:\/\/agpnoticias.com\/news\/wp-content\/uploads\/2014\/09\/La-Liga-Instruccional-present\u00f3-a-sus-pre-seleccionados-Pre-Junior.jpg 740w, https:\/\/agpnoticias.com\/news\/wp-content\/uploads\/2014\/09\/La-Liga-Instruccional-present\u00f3-a-sus-pre-seleccionados-Pre-Junior-200x162.jpg 200w, https:\/\/agpnoticias.com\/news\/wp-content\/uploads\/2014\/09\/La-Liga-Instruccional-present\u00f3-a-sus-pre-seleccionados-Pre-Junior-600x486.jpg 600w\" sizes=\"(max-width: 740px) 100vw, 740px\" \/><\/a><figcaption id=\"caption-attachment-1153526\" class=\"wp-caption-text\">La Liga Instruccional present\u00f3 a sus pre seleccionados Pre Junior<\/figcaption><\/figure>\n<p>Ensenada, Baja California.- Tambi\u00e9n la selecci\u00f3n Pre Junior de la Liga Instruccional buscar\u00e1 el pase a la etapa estatal de Olimpiada Nacional.<\/p>\n<p>Con una nueva generaci\u00f3n proveniente de la categor\u00eda Infantil, el grupo trabajar\u00e1 bajo la direcci\u00f3n de Carlos R\u00edos y Juan Rodr\u00edguez.<\/p>\n<p>Las citas ser\u00e1n los martes y jueves en el campo Manuela M\u00e1rquez de Reyes a las 15:00 horas, una de las sedes de la Liga Instruccional.<\/p>\n<p>Los convocados son Jes\u00fas Manr\u00edquez, Daniel Z\u00e1rate, Jaime Quintero, Josu\u00e9 Reyes, Aar\u00f3n Le\u00f3n, Esteban Ruiz, V\u00edctor \u00c1lvarez, Alfredo Peralta, Valent\u00edn Luna, \u00d3scar Sotelo, Sergio Cabrera, Gabriel Hern\u00e1ndez, Yoel L\u00f3pez y Jos\u00e9 Antonio Coss\u00edo.<\/p>\n<p>En la selecci\u00f3n quedan algunos jugadores que se ubicaron sub campeones pre Junior de la etapa municipal de hace un a\u00f1o, adem\u00e1s de que la mayor\u00eda llegar\u00e1 de la categor\u00eda Infantil.<\/p>\n","protected":false},"excerpt":{"rendered":"<p>Ensenada, Baja California.- Tambi\u00e9n la selecci\u00f3n Pre Junior de la Liga Instruccional buscar\u00e1 el pase&#8230;<\/p>\n","protected":false},"author":1,"featured_media":1153526,"comment_status":"closed","ping_status":"closed","sticky":false,"template":"","format":"standard","meta":{"footnotes":""},"categories":[1,30,7,29],"tags":[],"class_list":["post-1153521","post","type-post","status-publish","format-standard","has-post-thumbnail","hentry","category-uncategorized","category-beisbol","category-deportes","category-liga-instruccional-de-beisbol-de-ensenada"],"_links":{"self":[{"href":"https:\/\/agpnoticias.com\/news\/index.php?rest_route=\/wp\/v2\/posts\/1153521","targetHints":{"allow":["GET"]}}],"collection":[{"href":"https:\/\/agpnoticias.com\/news\/index.php?rest_route=\/wp\/v2\/posts"}],"about":[{"href":"https:\/\/agpnoticias.com\/news\/index.php?rest_route=\/wp\/v2\/types\/post"}],"author":[{"embeddable":true,"href":"https:\/\/agpnoticias.com\/news\/index.php?rest_route=\/wp\/v2\/users\/1"}],"replies":[{"embeddable":true,"href":"https:\/\/agpnoticias.com\/news\/index.php?rest_route=%2Fwp%2Fv2%2Fcomments&post=1153521"}],"version-history":[{"count":3,"href":"https:\/\/agpnoticias.com\/news\/index.php?rest_route=\/wp\/v2\/posts\/1153521\/revisions"}],"predecessor-version":[{"id":1153556,"href":"https:\/\/agpnoticias.com\/news\/index.php?rest_route=\/wp\/v2\/posts\/1153521\/revisions\/1153556"}],"wp:featuredmedia":[{"embeddable":true,"href":"https:\/\/agpnoticias.com\/news\/index.php?rest_route=\/wp\/v2\/media\/1153526"}],"wp:attachment":[{"href":"https:\/\/agpnoticias.com\/news\/index.php?rest_route=%2Fwp%2Fv2%2Fmedia&parent=1153521"}],"wp:term":[{"taxonomy":"category","embeddable":true,"href":"https:\/\/agpnoticias.com\/news\/index.php?rest_route=%2Fwp%2Fv2%2Fcategories&post=1153521"},{"taxonomy":"post_tag","embeddable":true,"href":"https:\/\/agpnoticias.com\/news\/index.php?rest_route=%2Fwp%2Fv2%2Ftags&post=1153521"}],"curies":[{"name":"wp","href":"https:\/\/api.w.org\/{rel}","templated":true}]}}