{"id":1154743,"date":"2014-09-04T14:48:54","date_gmt":"2014-09-04T21:48:54","guid":{"rendered":"http:\/\/agpnoticias.com\/news\/?p=1154743"},"modified":"2014-09-04T19:56:54","modified_gmt":"2014-09-05T02:56:54","slug":"trabajan-para-conocerse-antes-de-pachuca","status":"publish","type":"post","link":"https:\/\/agpnoticias.com\/news\/?p=1154743","title":{"rendered":"Trabajan para conocerse antes de Pachuca"},"content":{"rendered":"<figure id=\"attachment_1154752\" aria-describedby=\"caption-attachment-1154752\" style=\"width: 800px\" class=\"wp-caption aligncenter\"><a href=\"http:\/\/agpnoticias.com\/news\/?attachment_id=1154752\" rel=\"attachment wp-att-1154752\"><img fetchpriority=\"high\" decoding=\"async\" class=\"size-full wp-image-1154752\" src=\"http:\/\/agpnoticias.com\/news\/wp-content\/uploads\/2014\/09\/Daniel-Guzm\u00e1n-al-frente-del-grupo-que-dirige.jpg\" alt=\"Daniel Guzm\u00e1n al frente del grupo que dirige\" width=\"800\" height=\"600\" srcset=\"https:\/\/agpnoticias.com\/news\/wp-content\/uploads\/2014\/09\/Daniel-Guzm\u00e1n-al-frente-del-grupo-que-dirige.jpg 800w, https:\/\/agpnoticias.com\/news\/wp-content\/uploads\/2014\/09\/Daniel-Guzm\u00e1n-al-frente-del-grupo-que-dirige-200x150.jpg 200w, https:\/\/agpnoticias.com\/news\/wp-content\/uploads\/2014\/09\/Daniel-Guzm\u00e1n-al-frente-del-grupo-que-dirige-320x240.jpg 320w, https:\/\/agpnoticias.com\/news\/wp-content\/uploads\/2014\/09\/Daniel-Guzm\u00e1n-al-frente-del-grupo-que-dirige-640x480.jpg 640w, https:\/\/agpnoticias.com\/news\/wp-content\/uploads\/2014\/09\/Daniel-Guzm\u00e1n-al-frente-del-grupo-que-dirige-600x450.jpg 600w\" sizes=\"(max-width: 800px) 100vw, 800px\" \/><\/a><figcaption id=\"caption-attachment-1154752\" class=\"wp-caption-text\">Daniel Guzm\u00e1n al frente del grupo que dirige<\/figcaption><\/figure>\n<p>Ensenada, Baja California.- Daniel Guzm\u00e1n trata de aprovechar el margen que le ha dado la fecha FIFA para tratar de conocer mejor al grupo de jugadores que ahora dirige.<\/p>\n<p>\u00abEl Travieso\u00bb trabaja con el plantel completo de Xoloitzcuintles de Tijuana en la cancha de pasto natural vecina al Estadio Caliente, donde prepara el juego de la fecha ocho por el Torneo Apertura 2014 en casa del enrachado Pachuca.<\/p>\n<p>El entrenador tapat\u00edo ha encontrado a Tijuana en el lugar 13 de la clasificaci\u00f3n general con siete puntos tras la misma cantidad de jornadas producto de dos derrotas, cuatro empates y una victoria durante la etapa de C\u00e9sar Far\u00edas al frente del conjunto.<\/p>\n<p>Los Tuzos, en contraste, son quintos con 12 puntos con tres victorias conseguidas durante las \u00faltimas cuatro fechas.<\/p>\n<p>El juego se diputar\u00e1 en el Estadio Hidalgo el s\u00e1bado 13 de septiembre a las 18:00 horas (Pac\u00edfico).<\/p>\n<figure id=\"attachment_1154762\" aria-describedby=\"caption-attachment-1154762\" style=\"width: 800px\" class=\"wp-caption aligncenter\"><a href=\"http:\/\/agpnoticias.com\/news\/?attachment_id=1154762\" rel=\"attachment wp-att-1154762\"><img decoding=\"async\" class=\"size-full wp-image-1154762\" src=\"http:\/\/agpnoticias.com\/news\/wp-content\/uploads\/2014\/09\/Xoloitzcuintles-visitar\u00e1-el-s\u00e1bado-13-de-septiembre-a-Pachuca.jpg\" alt=\"Xoloitzcuintles visitar\u00e1 el s\u00e1bado 13 de septiembre a Pachuca\" width=\"800\" height=\"600\" srcset=\"https:\/\/agpnoticias.com\/news\/wp-content\/uploads\/2014\/09\/Xoloitzcuintles-visitar\u00e1-el-s\u00e1bado-13-de-septiembre-a-Pachuca.jpg 800w, https:\/\/agpnoticias.com\/news\/wp-content\/uploads\/2014\/09\/Xoloitzcuintles-visitar\u00e1-el-s\u00e1bado-13-de-septiembre-a-Pachuca-200x150.jpg 200w, https:\/\/agpnoticias.com\/news\/wp-content\/uploads\/2014\/09\/Xoloitzcuintles-visitar\u00e1-el-s\u00e1bado-13-de-septiembre-a-Pachuca-320x240.jpg 320w, https:\/\/agpnoticias.com\/news\/wp-content\/uploads\/2014\/09\/Xoloitzcuintles-visitar\u00e1-el-s\u00e1bado-13-de-septiembre-a-Pachuca-640x480.jpg 640w, https:\/\/agpnoticias.com\/news\/wp-content\/uploads\/2014\/09\/Xoloitzcuintles-visitar\u00e1-el-s\u00e1bado-13-de-septiembre-a-Pachuca-600x450.jpg 600w\" sizes=\"(max-width: 800px) 100vw, 800px\" \/><\/a><figcaption id=\"caption-attachment-1154762\" class=\"wp-caption-text\">Xoloitzcuintles visitar\u00e1 el s\u00e1bado 13 de septiembre a Pachuca<\/figcaption><\/figure>\n<p><em>Fotografias: Club Tijuana Xoloitzcuintles de Caliente.<\/em><\/p>\n","protected":false},"excerpt":{"rendered":"<p>Ensenada, Baja California.- Daniel Guzm\u00e1n trata de aprovechar el margen que le ha dado la&#8230;<\/p>\n","protected":false},"author":1,"featured_media":1154752,"comment_status":"closed","ping_status":"closed","sticky":false,"template":"","format":"standard","meta":{"footnotes":""},"categories":[1,7,32,17],"tags":[],"class_list":["post-1154743","post","type-post","status-publish","format-standard","has-post-thumbnail","hentry","category-uncategorized","category-deportes","category-soccer","category-xolos-de-tijuana"],"_links":{"self":[{"href":"https:\/\/agpnoticias.com\/news\/index.php?rest_route=\/wp\/v2\/posts\/1154743","targetHints":{"allow":["GET"]}}],"collection":[{"href":"https:\/\/agpnoticias.com\/news\/index.php?rest_route=\/wp\/v2\/posts"}],"about":[{"href":"https:\/\/agpnoticias.com\/news\/index.php?rest_route=\/wp\/v2\/types\/post"}],"author":[{"embeddable":true,"href":"https:\/\/agpnoticias.com\/news\/index.php?rest_route=\/wp\/v2\/users\/1"}],"replies":[{"embeddable":true,"href":"https:\/\/agpnoticias.com\/news\/index.php?rest_route=%2Fwp%2Fv2%2Fcomments&post=1154743"}],"version-history":[{"count":1,"href":"https:\/\/agpnoticias.com\/news\/index.php?rest_route=\/wp\/v2\/posts\/1154743\/revisions"}],"predecessor-version":[{"id":1154778,"href":"https:\/\/agpnoticias.com\/news\/index.php?rest_route=\/wp\/v2\/posts\/1154743\/revisions\/1154778"}],"wp:featuredmedia":[{"embeddable":true,"href":"https:\/\/agpnoticias.com\/news\/index.php?rest_route=\/wp\/v2\/media\/1154752"}],"wp:attachment":[{"href":"https:\/\/agpnoticias.com\/news\/index.php?rest_route=%2Fwp%2Fv2%2Fmedia&parent=1154743"}],"wp:term":[{"taxonomy":"category","embeddable":true,"href":"https:\/\/agpnoticias.com\/news\/index.php?rest_route=%2Fwp%2Fv2%2Fcategories&post=1154743"},{"taxonomy":"post_tag","embeddable":true,"href":"https:\/\/agpnoticias.com\/news\/index.php?rest_route=%2Fwp%2Fv2%2Ftags&post=1154743"}],"curies":[{"name":"wp","href":"https:\/\/api.w.org\/{rel}","templated":true}]}}