{"id":1161776,"date":"2014-09-05T17:58:28","date_gmt":"2014-09-06T00:58:28","guid":{"rendered":"http:\/\/agpnoticias.com\/news\/?p=1161776"},"modified":"2014-09-05T18:02:14","modified_gmt":"2014-09-06T01:02:14","slug":"se-incorporan-greg-garza-y-joe-corona-a-xolos","status":"publish","type":"post","link":"https:\/\/agpnoticias.com\/news\/?p=1161776","title":{"rendered":"Se incorporan a Xolos Greg Garza y Joe Corona"},"content":{"rendered":"<figure id=\"attachment_1161779\" aria-describedby=\"caption-attachment-1161779\" style=\"width: 800px\" class=\"wp-caption alignright\"><a href=\"http:\/\/agpnoticias.com\/news\/?attachment_id=1161779\" rel=\"attachment wp-att-1161779\"><img fetchpriority=\"high\" decoding=\"async\" class=\"size-full wp-image-1161779\" src=\"http:\/\/agpnoticias.com\/news\/wp-content\/uploads\/2014\/09\/Greg-Garza-y-Joe-Corona-regresaron-a-los-entrenamientos-de-Xolos-tras-la-convocatoria-de-Jurgen-Klinsmann.jpg\" alt=\"Greg Garza y Joe Corona regresaron a los entrenamientos de Xolos, tras la convocatoria de Jurgen Klinsmann\" width=\"800\" height=\"600\" srcset=\"https:\/\/agpnoticias.com\/news\/wp-content\/uploads\/2014\/09\/Greg-Garza-y-Joe-Corona-regresaron-a-los-entrenamientos-de-Xolos-tras-la-convocatoria-de-Jurgen-Klinsmann.jpg 800w, https:\/\/agpnoticias.com\/news\/wp-content\/uploads\/2014\/09\/Greg-Garza-y-Joe-Corona-regresaron-a-los-entrenamientos-de-Xolos-tras-la-convocatoria-de-Jurgen-Klinsmann-200x150.jpg 200w, https:\/\/agpnoticias.com\/news\/wp-content\/uploads\/2014\/09\/Greg-Garza-y-Joe-Corona-regresaron-a-los-entrenamientos-de-Xolos-tras-la-convocatoria-de-Jurgen-Klinsmann-320x240.jpg 320w, https:\/\/agpnoticias.com\/news\/wp-content\/uploads\/2014\/09\/Greg-Garza-y-Joe-Corona-regresaron-a-los-entrenamientos-de-Xolos-tras-la-convocatoria-de-Jurgen-Klinsmann-640x480.jpg 640w, https:\/\/agpnoticias.com\/news\/wp-content\/uploads\/2014\/09\/Greg-Garza-y-Joe-Corona-regresaron-a-los-entrenamientos-de-Xolos-tras-la-convocatoria-de-Jurgen-Klinsmann-600x450.jpg 600w\" sizes=\"(max-width: 800px) 100vw, 800px\" \/><\/a><figcaption id=\"caption-attachment-1161779\" class=\"wp-caption-text\">Greg Garza y Joe Corona regresaron a los entrenamientos de Xolos, tras la convocatoria de Jurgen Klinsmann<\/figcaption><\/figure>\n<p>Tijuana, Baja California.- Greg Garza regres\u00f3 a los entrenamientos de Xoloitzcuintles de Tijuana despu\u00e9s de jugar alrededor de media hora durante la victoria de la selecci\u00f3n de Estados Unidos contra Rep\u00fablica Checa.<\/p>\n<p>\u201cEstoy muy contento, fue una experiencia incre\u00edble, para m\u00ed estar en la selecci\u00f3n mayor de los Estados Unidos fue un sue\u00f1o\u00bb, dijo el lateral izquierdo del Club Tijuana.<\/p>\n<p>Sobre su actuaci\u00f3n, dijo: \u00abestoy muy conforme con el trabajo que se realiz\u00f3 y me siento feliz de regresar con el Club Tijuana a los entrenamientos\u00bb.<br \/>\nA su regreso, Greg Garza trabaj\u00f3 por primera vez con el cuerpo t\u00e9cnico que encabeza Daniel \u00abTravieso\u00bb Guzm\u00e1n, luego de la salida de C\u00e9sar Far\u00edas.<\/p>\n<p>\u00abEl primer contacto con el t\u00e9cnico fue muy bueno, es una persona que hace buen grupo, creo que eso es clave para nosotros, esa es la qu\u00edmica que se espera en el equipo\u00bb, apunt\u00f3.<\/p>\n<p>Tambi\u00e9n el mediocampista de Xolos, Joe Corona, particip\u00f3 en la victoria de la selecci\u00f3n dirigida por Jurgen Klinsmann.<\/p>\n<p>El Club Tijuana regresar\u00e1 a la actividad el s\u00e1bado 13 de septiembre como visitante contra Tuzos de Pachuca por la jornada ocho del Torneo Apertura 2014.<\/p>\n<figure id=\"attachment_1161785\" aria-describedby=\"caption-attachment-1161785\" style=\"width: 800px\" class=\"wp-caption aligncenter\"><a href=\"http:\/\/agpnoticias.com\/news\/?attachment_id=1161785\" rel=\"attachment wp-att-1161785\"><img decoding=\"async\" class=\"size-full wp-image-1161785\" src=\"http:\/\/agpnoticias.com\/news\/wp-content\/uploads\/2014\/09\/Los-seleccionados-estadounidenses-se-encontraron-con-el-nuevo-cuerpo-t\u00e9cnico-encabezado-por-Daniel-Guzm\u00e1n.jpg\" alt=\"Los seleccionados estadounidenses se encontraron con el nuevo cuerpo t\u00e9cnico encabezado por Daniel Guzm\u00e1n\" width=\"800\" height=\"600\" srcset=\"https:\/\/agpnoticias.com\/news\/wp-content\/uploads\/2014\/09\/Los-seleccionados-estadounidenses-se-encontraron-con-el-nuevo-cuerpo-t\u00e9cnico-encabezado-por-Daniel-Guzm\u00e1n.jpg 800w, https:\/\/agpnoticias.com\/news\/wp-content\/uploads\/2014\/09\/Los-seleccionados-estadounidenses-se-encontraron-con-el-nuevo-cuerpo-t\u00e9cnico-encabezado-por-Daniel-Guzm\u00e1n-200x150.jpg 200w, https:\/\/agpnoticias.com\/news\/wp-content\/uploads\/2014\/09\/Los-seleccionados-estadounidenses-se-encontraron-con-el-nuevo-cuerpo-t\u00e9cnico-encabezado-por-Daniel-Guzm\u00e1n-320x240.jpg 320w, https:\/\/agpnoticias.com\/news\/wp-content\/uploads\/2014\/09\/Los-seleccionados-estadounidenses-se-encontraron-con-el-nuevo-cuerpo-t\u00e9cnico-encabezado-por-Daniel-Guzm\u00e1n-640x480.jpg 640w, https:\/\/agpnoticias.com\/news\/wp-content\/uploads\/2014\/09\/Los-seleccionados-estadounidenses-se-encontraron-con-el-nuevo-cuerpo-t\u00e9cnico-encabezado-por-Daniel-Guzm\u00e1n-600x450.jpg 600w\" sizes=\"(max-width: 800px) 100vw, 800px\" \/><\/a><figcaption id=\"caption-attachment-1161785\" class=\"wp-caption-text\">Los seleccionados estadounidenses se encontraron con el nuevo cuerpo t\u00e9cnico encabezado por Daniel Guzm\u00e1n<\/figcaption><\/figure>\n<p><em>Informaci\u00f3n y fotograf\u00edas: Club Tijuana Xoloitzcuintles de Caliente.<\/em><\/p>\n","protected":false},"excerpt":{"rendered":"<p>Tijuana, Baja California.- Greg Garza regres\u00f3 a los entrenamientos de Xoloitzcuintles de Tijuana despu\u00e9s de&#8230;<\/p>\n","protected":false},"author":1,"featured_media":1161779,"comment_status":"closed","ping_status":"closed","sticky":false,"template":"","format":"standard","meta":{"footnotes":""},"categories":[1,7,32,17],"tags":[],"class_list":["post-1161776","post","type-post","status-publish","format-standard","has-post-thumbnail","hentry","category-uncategorized","category-deportes","category-soccer","category-xolos-de-tijuana"],"_links":{"self":[{"href":"https:\/\/agpnoticias.com\/news\/index.php?rest_route=\/wp\/v2\/posts\/1161776","targetHints":{"allow":["GET"]}}],"collection":[{"href":"https:\/\/agpnoticias.com\/news\/index.php?rest_route=\/wp\/v2\/posts"}],"about":[{"href":"https:\/\/agpnoticias.com\/news\/index.php?rest_route=\/wp\/v2\/types\/post"}],"author":[{"embeddable":true,"href":"https:\/\/agpnoticias.com\/news\/index.php?rest_route=\/wp\/v2\/users\/1"}],"replies":[{"embeddable":true,"href":"https:\/\/agpnoticias.com\/news\/index.php?rest_route=%2Fwp%2Fv2%2Fcomments&post=1161776"}],"version-history":[{"count":2,"href":"https:\/\/agpnoticias.com\/news\/index.php?rest_route=\/wp\/v2\/posts\/1161776\/revisions"}],"predecessor-version":[{"id":1161856,"href":"https:\/\/agpnoticias.com\/news\/index.php?rest_route=\/wp\/v2\/posts\/1161776\/revisions\/1161856"}],"wp:featuredmedia":[{"embeddable":true,"href":"https:\/\/agpnoticias.com\/news\/index.php?rest_route=\/wp\/v2\/media\/1161779"}],"wp:attachment":[{"href":"https:\/\/agpnoticias.com\/news\/index.php?rest_route=%2Fwp%2Fv2%2Fmedia&parent=1161776"}],"wp:term":[{"taxonomy":"category","embeddable":true,"href":"https:\/\/agpnoticias.com\/news\/index.php?rest_route=%2Fwp%2Fv2%2Fcategories&post=1161776"},{"taxonomy":"post_tag","embeddable":true,"href":"https:\/\/agpnoticias.com\/news\/index.php?rest_route=%2Fwp%2Fv2%2Ftags&post=1161776"}],"curies":[{"name":"wp","href":"https:\/\/api.w.org\/{rel}","templated":true}]}}