{"id":11683,"date":"2012-05-22T08:47:10","date_gmt":"2012-05-22T16:47:10","guid":{"rendered":"http:\/\/agpnoticias.com\/news\/?p=11683"},"modified":"2012-05-30T21:48:10","modified_gmt":"2012-05-31T05:48:10","slug":"oro-y-plata-en-triatlon","status":"publish","type":"post","link":"https:\/\/agpnoticias.com\/news\/?p=11683","title":{"rendered":"Oro y plata en Triatl\u00f3n"},"content":{"rendered":"<p>Riviera, Nayarit.- Sebasti\u00e1n Far\u00edas otorg\u00f3 el primer metal dorado al Triatl\u00f3n de Baja California durante la Olimpiada Nacional 2012.<\/p>\n<p>El seleccionado estatal finaliz\u00f3 el recorrido en nado, bicicleta y carrera pedestre con tiempo de 57:45 para adjudicarse el oro de la categor\u00eda juvenil menor (16-17 a\u00f1os).<!--more--><\/p>\n<figure id=\"attachment_11685\" aria-describedby=\"caption-attachment-11685\" style=\"width: 150px\" class=\"wp-caption alignright\"><a href=\"http:\/\/agpnoticias.com\/news\/wp-content\/uploads\/2012\/05\/Un-par-de-medallas-registr\u00f3-la-delegaci\u00f3n-de-Triatl\u00f3n-en-Nayarit.jpg\"><img decoding=\"async\" class=\"size-thumbnail wp-image-11685\" title=\"Un par de medallas registr\u00f3 la delegaci\u00f3n de Triatl\u00f3n en Nayarit\" src=\"http:\/\/agpnoticias.com\/news\/wp-content\/uploads\/2012\/05\/Un-par-de-medallas-registr\u00f3-la-delegaci\u00f3n-de-Triatl\u00f3n-en-Nayarit-150x112.jpg\" alt=\"\" width=\"150\" height=\"112\" srcset=\"https:\/\/agpnoticias.com\/news\/wp-content\/uploads\/2012\/05\/Un-par-de-medallas-registr\u00f3-la-delegaci\u00f3n-de-Triatl\u00f3n-en-Nayarit-150x112.jpg 150w, https:\/\/agpnoticias.com\/news\/wp-content\/uploads\/2012\/05\/Un-par-de-medallas-registr\u00f3-la-delegaci\u00f3n-de-Triatl\u00f3n-en-Nayarit-800x598.jpg 800w, https:\/\/agpnoticias.com\/news\/wp-content\/uploads\/2012\/05\/Un-par-de-medallas-registr\u00f3-la-delegaci\u00f3n-de-Triatl\u00f3n-en-Nayarit-427x320.jpg 427w, https:\/\/agpnoticias.com\/news\/wp-content\/uploads\/2012\/05\/Un-par-de-medallas-registr\u00f3-la-delegaci\u00f3n-de-Triatl\u00f3n-en-Nayarit.jpg 960w\" sizes=\"(max-width: 150px) 100vw, 150px\" \/><\/a><figcaption id=\"caption-attachment-11685\" class=\"wp-caption-text\">Un par de medallas registr\u00f3 la delegaci\u00f3n de Triatl\u00f3n en Nayarit<\/figcaption><\/figure>\n<p>Por detr\u00e1s del bajacaliforniano llegaron el capitalino Mauricio M\u00e9ndez (57:47) y el jalisciense Diego P\u00e9rez (57:48).<\/p>\n<p>En 2011, Sebasti\u00e1n Far\u00edas fue medallista de plata en Acuatl\u00f3n y quinto lugar en Triatl\u00f3n al registrar en \u00e9sta \u00faltima 59:50.<\/p>\n<p>Baja California tambi\u00e9n registr\u00f3 una plata con el segundo lugar conseguido por Isaac Amador en la categor\u00eda infantil menor con tiempo de 32:40.<\/p>\n","protected":false},"excerpt":{"rendered":"<p>Riviera, Nayarit.- Sebasti\u00e1n Far\u00edas otorg\u00f3 el primer metal dorado al Triatl\u00f3n de Baja California durante&#8230;<\/p>\n","protected":false},"author":1,"featured_media":11684,"comment_status":"closed","ping_status":"closed","sticky":false,"template":"","format":"standard","meta":{"footnotes":""},"categories":[1,7],"tags":[],"class_list":["post-11683","post","type-post","status-publish","format-standard","has-post-thumbnail","hentry","category-uncategorized","category-deportes"],"_links":{"self":[{"href":"https:\/\/agpnoticias.com\/news\/index.php?rest_route=\/wp\/v2\/posts\/11683","targetHints":{"allow":["GET"]}}],"collection":[{"href":"https:\/\/agpnoticias.com\/news\/index.php?rest_route=\/wp\/v2\/posts"}],"about":[{"href":"https:\/\/agpnoticias.com\/news\/index.php?rest_route=\/wp\/v2\/types\/post"}],"author":[{"embeddable":true,"href":"https:\/\/agpnoticias.com\/news\/index.php?rest_route=\/wp\/v2\/users\/1"}],"replies":[{"embeddable":true,"href":"https:\/\/agpnoticias.com\/news\/index.php?rest_route=%2Fwp%2Fv2%2Fcomments&post=11683"}],"version-history":[{"count":2,"href":"https:\/\/agpnoticias.com\/news\/index.php?rest_route=\/wp\/v2\/posts\/11683\/revisions"}],"predecessor-version":[{"id":12121,"href":"https:\/\/agpnoticias.com\/news\/index.php?rest_route=\/wp\/v2\/posts\/11683\/revisions\/12121"}],"wp:featuredmedia":[{"embeddable":true,"href":"https:\/\/agpnoticias.com\/news\/index.php?rest_route=\/wp\/v2\/media\/11684"}],"wp:attachment":[{"href":"https:\/\/agpnoticias.com\/news\/index.php?rest_route=%2Fwp%2Fv2%2Fmedia&parent=11683"}],"wp:term":[{"taxonomy":"category","embeddable":true,"href":"https:\/\/agpnoticias.com\/news\/index.php?rest_route=%2Fwp%2Fv2%2Fcategories&post=11683"},{"taxonomy":"post_tag","embeddable":true,"href":"https:\/\/agpnoticias.com\/news\/index.php?rest_route=%2Fwp%2Fv2%2Ftags&post=11683"}],"curies":[{"name":"wp","href":"https:\/\/api.w.org\/{rel}","templated":true}]}}