{"id":11701,"date":"2012-05-22T14:52:01","date_gmt":"2012-05-22T22:52:01","guid":{"rendered":"http:\/\/agpnoticias.com\/news\/?p=11701"},"modified":"2012-07-29T15:56:55","modified_gmt":"2012-07-29T23:56:55","slug":"despedida-dorada-para-bebe-cota","status":"publish","type":"post","link":"https:\/\/agpnoticias.com\/news\/?p=11701","title":{"rendered":"Despedida dorada para \u00abBeb\u00e9\u00bb Cota"},"content":{"rendered":"<p>Puebla, Puebla.- Mario \u201cBeb\u00e9\u201d\u00a0 Cota se despidi\u00f3 de su etapa de Olimpiada Nacional con la consecuci\u00f3n de la medalla de oro en lanzamiento de disco como pentacampe\u00f3n de la especialidad con un r\u00e9cord de 57.87 metros.<\/p>\n<p>El mexicalense sac\u00f3 casi nueve metros de distancia al tamaulipeco Jorge Garc\u00eda, sub l\u00edder con 49.81.<\/p>\n<p>\u201cCerramos ya con broche de oro, (es) mi \u00faltima Olimpiada, y nos sentimos bastante bien\u201d, mencion\u00f3, \u201cno me gust\u00f3 mucho el resultado, pero terminamos bastante bien con una presea dorada para Baja California\u201d.<!--more--><\/p>\n<figure id=\"attachment_11707\" aria-describedby=\"caption-attachment-11707\" style=\"width: 107px\" class=\"wp-caption alignright\"><a href=\"http:\/\/agpnoticias.com\/news\/wp-content\/uploads\/2012\/05\/Mario-Cota-se-despidi\u00f3-de-la-Olimpiada-Nacional-con-un-oro-m\u00e1s-el-quinto-de-su-carrera-en-la-justa.jpg\"><img decoding=\"async\" class=\"size-thumbnail wp-image-11707\" title=\"Mario Cota se despidi\u00f3 de la Olimpiada Nacional con un oro m\u00e1s, el quinto de su carrera en la justa\" src=\"http:\/\/agpnoticias.com\/news\/wp-content\/uploads\/2012\/05\/Mario-Cota-se-despidi\u00f3-de-la-Olimpiada-Nacional-con-un-oro-m\u00e1s-el-quinto-de-su-carrera-en-la-justa-107x150.jpg\" alt=\"\" width=\"107\" height=\"150\" srcset=\"https:\/\/agpnoticias.com\/news\/wp-content\/uploads\/2012\/05\/Mario-Cota-se-despidi\u00f3-de-la-Olimpiada-Nacional-con-un-oro-m\u00e1s-el-quinto-de-su-carrera-en-la-justa-107x150.jpg 107w, https:\/\/agpnoticias.com\/news\/wp-content\/uploads\/2012\/05\/Mario-Cota-se-despidi\u00f3-de-la-Olimpiada-Nacional-con-un-oro-m\u00e1s-el-quinto-de-su-carrera-en-la-justa-574x800.jpg 574w, https:\/\/agpnoticias.com\/news\/wp-content\/uploads\/2012\/05\/Mario-Cota-se-despidi\u00f3-de-la-Olimpiada-Nacional-con-un-oro-m\u00e1s-el-quinto-de-su-carrera-en-la-justa-229x320.jpg 229w, https:\/\/agpnoticias.com\/news\/wp-content\/uploads\/2012\/05\/Mario-Cota-se-despidi\u00f3-de-la-Olimpiada-Nacional-con-un-oro-m\u00e1s-el-quinto-de-su-carrera-en-la-justa.jpg 1000w\" sizes=\"(max-width: 107px) 100vw, 107px\" \/><\/a><figcaption id=\"caption-attachment-11707\" class=\"wp-caption-text\">Mario Cota se despidi\u00f3 de la Olimpiada Nacional con un oro m\u00e1s, el quinto de su carrera en la justa<\/figcaption><\/figure>\n<p>Despu\u00e9s de sus cinco t\u00edtulos de Olimpiada Nacional, Mario Cota espera conseguir la clasificaci\u00f3n a los Juegos Ol\u00edmpicos de Londres.<\/p>\n<p>\u201cEspero dar la marca en estos meses que nos quedan, nos piden 63 metros, tengo 60.45 y nos quedan dos competencias a\u00fan\u201d, mencion\u00f3.<\/p>\n<p>En ese proceso camino a Londres, \u201cnos queda a\u00fan una competencia en Cuba este fin de semana y tambi\u00e9n el Iberoamericano en Venezuela\u201d.<\/p>\n<p>Si no logra la meta en Cuba, el \u201cBeb\u00e9\u201d viajar\u00e1 a Venezuela, para el Iberoamericano programado del 9 al 11 de junio.<\/p>\n<p><strong>Plata y bronce<\/strong><\/p>\n<figure id=\"attachment_11708\" aria-describedby=\"caption-attachment-11708\" style=\"width: 100px\" class=\"wp-caption alignleft\"><a href=\"http:\/\/agpnoticias.com\/news\/wp-content\/uploads\/2012\/05\/Yolanda-Gonz\u00e1lez-gan\u00f3-medalla-de-plata.jpg\"><img decoding=\"async\" class=\"size-thumbnail wp-image-11708\" title=\"Yolanda Gonz\u00e1lez gan\u00f3 medalla de plata\" src=\"http:\/\/agpnoticias.com\/news\/wp-content\/uploads\/2012\/05\/Yolanda-Gonz\u00e1lez-gan\u00f3-medalla-de-plata-100x150.jpg\" alt=\"\" width=\"100\" height=\"150\" srcset=\"https:\/\/agpnoticias.com\/news\/wp-content\/uploads\/2012\/05\/Yolanda-Gonz\u00e1lez-gan\u00f3-medalla-de-plata-100x150.jpg 100w, https:\/\/agpnoticias.com\/news\/wp-content\/uploads\/2012\/05\/Yolanda-Gonz\u00e1lez-gan\u00f3-medalla-de-plata-533x800.jpg 533w, https:\/\/agpnoticias.com\/news\/wp-content\/uploads\/2012\/05\/Yolanda-Gonz\u00e1lez-gan\u00f3-medalla-de-plata-213x320.jpg 213w, https:\/\/agpnoticias.com\/news\/wp-content\/uploads\/2012\/05\/Yolanda-Gonz\u00e1lez-gan\u00f3-medalla-de-plata.jpg 1000w\" sizes=\"(max-width: 100px) 100vw, 100px\" \/><\/a><figcaption id=\"caption-attachment-11708\" class=\"wp-caption-text\">Yolanda Gonz\u00e1lez con su plata<\/figcaption><\/figure>\n<p>Yolanda Gonz\u00e1lez gan\u00f3 plata en impulso de bala y Alejandra Figueroa obtuvo bronce en lanzamiento de jabalina, ambas en la categor\u00eda juvenil mayor, durante la jornada de este martes en la Olimpiada Nacional 2012.<\/p>\n<p>Con 11.61 metros, Yolanda Gonz\u00e1lez se colg\u00f3 la medalla de plata, s\u00f3lo superada por la veracruzana Rosario \u00c1lvarez (12.20), mientras que Alejandra Figueroa fue bronce de la misma divisi\u00f3n en jabalina con una distancia de 42.22 metros.<\/p>\n","protected":false},"excerpt":{"rendered":"<p>Puebla, Puebla.- Mario \u201cBeb\u00e9\u201d\u00a0 Cota se despidi\u00f3 de su etapa de Olimpiada Nacional con la&#8230;<\/p>\n","protected":false},"author":1,"featured_media":11702,"comment_status":"closed","ping_status":"closed","sticky":false,"template":"","format":"standard","meta":{"footnotes":""},"categories":[1,7],"tags":[],"class_list":["post-11701","post","type-post","status-publish","format-standard","has-post-thumbnail","hentry","category-uncategorized","category-deportes"],"_links":{"self":[{"href":"https:\/\/agpnoticias.com\/news\/index.php?rest_route=\/wp\/v2\/posts\/11701","targetHints":{"allow":["GET"]}}],"collection":[{"href":"https:\/\/agpnoticias.com\/news\/index.php?rest_route=\/wp\/v2\/posts"}],"about":[{"href":"https:\/\/agpnoticias.com\/news\/index.php?rest_route=\/wp\/v2\/types\/post"}],"author":[{"embeddable":true,"href":"https:\/\/agpnoticias.com\/news\/index.php?rest_route=\/wp\/v2\/users\/1"}],"replies":[{"embeddable":true,"href":"https:\/\/agpnoticias.com\/news\/index.php?rest_route=%2Fwp%2Fv2%2Fcomments&post=11701"}],"version-history":[{"count":7,"href":"https:\/\/agpnoticias.com\/news\/index.php?rest_route=\/wp\/v2\/posts\/11701\/revisions"}],"predecessor-version":[{"id":14531,"href":"https:\/\/agpnoticias.com\/news\/index.php?rest_route=\/wp\/v2\/posts\/11701\/revisions\/14531"}],"wp:featuredmedia":[{"embeddable":true,"href":"https:\/\/agpnoticias.com\/news\/index.php?rest_route=\/wp\/v2\/media\/11702"}],"wp:attachment":[{"href":"https:\/\/agpnoticias.com\/news\/index.php?rest_route=%2Fwp%2Fv2%2Fmedia&parent=11701"}],"wp:term":[{"taxonomy":"category","embeddable":true,"href":"https:\/\/agpnoticias.com\/news\/index.php?rest_route=%2Fwp%2Fv2%2Fcategories&post=11701"},{"taxonomy":"post_tag","embeddable":true,"href":"https:\/\/agpnoticias.com\/news\/index.php?rest_route=%2Fwp%2Fv2%2Ftags&post=11701"}],"curies":[{"name":"wp","href":"https:\/\/api.w.org\/{rel}","templated":true}]}}