{"id":1175893,"date":"2014-09-07T13:27:07","date_gmt":"2014-09-07T20:27:07","guid":{"rendered":"http:\/\/agpnoticias.com\/news\/?p=1175893"},"modified":"2014-09-07T15:30:54","modified_gmt":"2014-09-07T22:30:54","slug":"llego-el-primer-domingo-de-mes-domingo-de-ciclovia","status":"publish","type":"post","link":"https:\/\/agpnoticias.com\/news\/?p=1175893","title":{"rendered":"Lleg\u00f3 el primer domingo de mes, domingo de Ciclov\u00eda"},"content":{"rendered":"<figure id=\"attachment_1175917\" aria-describedby=\"caption-attachment-1175917\" style=\"width: 800px\" class=\"wp-caption alignright\"><a href=\"http:\/\/agpnoticias.com\/news\/?attachment_id=1175917\" rel=\"attachment wp-att-1175917\"><img fetchpriority=\"high\" decoding=\"async\" class=\"size-full wp-image-1175917\" src=\"http:\/\/agpnoticias.com\/news\/wp-content\/uploads\/2014\/09\/La-ciclov\u00eda-tiene-un-car\u00e1cter-recreativo.jpg\" alt=\"La ciclov\u00eda tiene un car\u00e1cter recreativo\" width=\"800\" height=\"533\" srcset=\"https:\/\/agpnoticias.com\/news\/wp-content\/uploads\/2014\/09\/La-ciclov\u00eda-tiene-un-car\u00e1cter-recreativo.jpg 800w, https:\/\/agpnoticias.com\/news\/wp-content\/uploads\/2014\/09\/La-ciclov\u00eda-tiene-un-car\u00e1cter-recreativo-200x133.jpg 200w, https:\/\/agpnoticias.com\/news\/wp-content\/uploads\/2014\/09\/La-ciclov\u00eda-tiene-un-car\u00e1cter-recreativo-600x399.jpg 600w\" sizes=\"(max-width: 800px) 100vw, 800px\" \/><\/a><figcaption id=\"caption-attachment-1175917\" class=\"wp-caption-text\">La ciclov\u00eda tiene un car\u00e1cter recreativo<\/figcaption><\/figure>\n<figure id=\"attachment_1175923\" aria-describedby=\"caption-attachment-1175923\" style=\"width: 246px\" class=\"wp-caption alignright\"><a href=\"http:\/\/agpnoticias.com\/news\/?attachment_id=1175923\" rel=\"attachment wp-att-1175923\"><img decoding=\"async\" class=\"size-full wp-image-1175923\" src=\"http:\/\/agpnoticias.com\/news\/wp-content\/uploads\/2014\/09\/El-circuito-tiene-como-sede-a-Playa-Hermosa.jpg\" alt=\"El circuito tiene como sede a Playa Hermosa cada primer domingo de mes\" width=\"246\" height=\"448\" srcset=\"https:\/\/agpnoticias.com\/news\/wp-content\/uploads\/2014\/09\/El-circuito-tiene-como-sede-a-Playa-Hermosa.jpg 246w, https:\/\/agpnoticias.com\/news\/wp-content\/uploads\/2014\/09\/El-circuito-tiene-como-sede-a-Playa-Hermosa-109x200.jpg 109w\" sizes=\"(max-width: 246px) 100vw, 246px\" \/><\/a><figcaption id=\"caption-attachment-1175923\" class=\"wp-caption-text\">El circuito tiene como sede a Playa Hermosa cada primer domingo de mes<\/figcaption><\/figure>\n<p>Ensenada, Baja California.- Como cada primer domingo de mes, alrededor de 150 personas se registraron en la Ciclov\u00eda Recreativa que promueve el Instituto Municipal del Deporte y Recreaci\u00f3n de Ensenada (Inmudere) en un circuito de dos kil\u00f3metros instalado en Playa Hermosa.<\/p>\n<p>\u00abLa ciclov\u00eda la hacemos para fomentar la actividad f\u00edsica a trav\u00e9s de un medio diferente como la bicicleta y en un lugar seguro con un bonito panorama\u00bb, dijo Jos\u00e9 Javier Beltr\u00e1n Gerardo.<\/p>\n<p>El coordinador de programas y eventos especiales de Inmudere refiri\u00f3 que el evento no tiene costo y permite que los participantes sean incluidos en la rifa de una bicicleta y art\u00edculos deportivos.<\/p>\n<p>\u00abBuscamos que participe toda la familia y estamos incluyendo nuevos servicios como el de un grupo de pod\u00f3logas que atienden a los participantes que as\u00ed lo requieran\u00bb, apunt\u00f3.<\/p>\n<p>La zona permanece reservada por dos horas, de 9:00 a 11:00, con una cantidad que la direcci\u00f3n de Inmudere pretende elevar en las siguientes ediciones.<\/p>\n<p>\u00abHemos mantenidos entre 150 y 200 personas, pero buscamos mayor participaci\u00f3n y acudiremos a escuelas primarias para que se sumen m\u00e1s ni\u00f1os\u00bb, agreg\u00f3.<\/p>\n<p>El representante de Inmudere coment\u00f3 que adem\u00e1s de participar en bicicleta, la gente puede caminar, trotar orealizar el trayecto las veces que desee en su patineta, caminando o trotando.<\/p>\n<p>\u00abLo que no se permite es que participen veh\u00edculos motorizados\u00bb, precis\u00f3.<\/p>\n<p>La siguiente fecha est\u00e1 proyectada el domingo 5 de octubre en el mismo lugar.<\/p>\n<figure id=\"attachment_1175926\" aria-describedby=\"caption-attachment-1175926\" style=\"width: 713px\" class=\"wp-caption aligncenter\"><a href=\"http:\/\/agpnoticias.com\/news\/?attachment_id=1175926\" rel=\"attachment wp-att-1175926\"><img decoding=\"async\" class=\"size-full wp-image-1175926\" src=\"http:\/\/agpnoticias.com\/news\/wp-content\/uploads\/2014\/09\/Los-participantes-tambi\u00e9n-pueden-recorrer-a-pie-el-circuito-de-dos-kil\u00f3metros.jpg\" alt=\"Los participantes tambi\u00e9n pueden recorrer a pie el circuito de dos kil\u00f3metros\" width=\"713\" height=\"600\" srcset=\"https:\/\/agpnoticias.com\/news\/wp-content\/uploads\/2014\/09\/Los-participantes-tambi\u00e9n-pueden-recorrer-a-pie-el-circuito-de-dos-kil\u00f3metros.jpg 713w, https:\/\/agpnoticias.com\/news\/wp-content\/uploads\/2014\/09\/Los-participantes-tambi\u00e9n-pueden-recorrer-a-pie-el-circuito-de-dos-kil\u00f3metros-200x168.jpg 200w, https:\/\/agpnoticias.com\/news\/wp-content\/uploads\/2014\/09\/Los-participantes-tambi\u00e9n-pueden-recorrer-a-pie-el-circuito-de-dos-kil\u00f3metros-600x504.jpg 600w\" sizes=\"(max-width: 713px) 100vw, 713px\" \/><\/a><figcaption id=\"caption-attachment-1175926\" class=\"wp-caption-text\">Los participantes tambi\u00e9n pueden recorrer a pie el circuito de dos kil\u00f3metros<\/figcaption><\/figure>\n","protected":false},"excerpt":{"rendered":"<p>Ensenada, Baja California.- Como cada primer domingo de mes, alrededor de 150 personas se registraron&#8230;<\/p>\n","protected":false},"author":1,"featured_media":1175917,"comment_status":"closed","ping_status":"closed","sticky":false,"template":"","format":"standard","meta":{"footnotes":""},"categories":[1,31,7],"tags":[],"class_list":["post-1175893","post","type-post","status-publish","format-standard","has-post-thumbnail","hentry","category-uncategorized","category-atletismo","category-deportes"],"_links":{"self":[{"href":"https:\/\/agpnoticias.com\/news\/index.php?rest_route=\/wp\/v2\/posts\/1175893","targetHints":{"allow":["GET"]}}],"collection":[{"href":"https:\/\/agpnoticias.com\/news\/index.php?rest_route=\/wp\/v2\/posts"}],"about":[{"href":"https:\/\/agpnoticias.com\/news\/index.php?rest_route=\/wp\/v2\/types\/post"}],"author":[{"embeddable":true,"href":"https:\/\/agpnoticias.com\/news\/index.php?rest_route=\/wp\/v2\/users\/1"}],"replies":[{"embeddable":true,"href":"https:\/\/agpnoticias.com\/news\/index.php?rest_route=%2Fwp%2Fv2%2Fcomments&post=1175893"}],"version-history":[{"count":1,"href":"https:\/\/agpnoticias.com\/news\/index.php?rest_route=\/wp\/v2\/posts\/1175893\/revisions"}],"predecessor-version":[{"id":1175932,"href":"https:\/\/agpnoticias.com\/news\/index.php?rest_route=\/wp\/v2\/posts\/1175893\/revisions\/1175932"}],"wp:featuredmedia":[{"embeddable":true,"href":"https:\/\/agpnoticias.com\/news\/index.php?rest_route=\/wp\/v2\/media\/1175917"}],"wp:attachment":[{"href":"https:\/\/agpnoticias.com\/news\/index.php?rest_route=%2Fwp%2Fv2%2Fmedia&parent=1175893"}],"wp:term":[{"taxonomy":"category","embeddable":true,"href":"https:\/\/agpnoticias.com\/news\/index.php?rest_route=%2Fwp%2Fv2%2Fcategories&post=1175893"},{"taxonomy":"post_tag","embeddable":true,"href":"https:\/\/agpnoticias.com\/news\/index.php?rest_route=%2Fwp%2Fv2%2Ftags&post=1175893"}],"curies":[{"name":"wp","href":"https:\/\/api.w.org\/{rel}","templated":true}]}}