{"id":1200802,"date":"2014-09-10T16:17:57","date_gmt":"2014-09-10T23:17:57","guid":{"rendered":"http:\/\/agpnoticias.com\/news\/?p=1200802"},"modified":"2014-09-10T16:17:57","modified_gmt":"2014-09-10T23:17:57","slug":"el-domingo-12-de-octubre-es-la-carrera-construrama","status":"publish","type":"post","link":"https:\/\/agpnoticias.com\/news\/?p=1200802","title":{"rendered":"El domingo 12 de octubre es la carrera Construrama"},"content":{"rendered":"<figure id=\"attachment_1200805\" aria-describedby=\"caption-attachment-1200805\" style=\"width: 800px\" class=\"wp-caption aligncenter\"><a href=\"http:\/\/agpnoticias.com\/news\/?attachment_id=1200805\" rel=\"attachment wp-att-1200805\"><img fetchpriority=\"high\" decoding=\"async\" class=\"size-full wp-image-1200805\" src=\"http:\/\/agpnoticias.com\/news\/wp-content\/uploads\/2014\/09\/David-Ruvalcaba-ciclista-ensenadense-junto-a-los-promotores-Olegario-Flemate-y-Emeterio-Nava.jpg\" alt=\"David Ruvalcaba, ciclista ensenadense, junto a los promotores Olegario Flemate y Emeterio Nava\" width=\"800\" height=\"533\" srcset=\"https:\/\/agpnoticias.com\/news\/wp-content\/uploads\/2014\/09\/David-Ruvalcaba-ciclista-ensenadense-junto-a-los-promotores-Olegario-Flemate-y-Emeterio-Nava.jpg 800w, https:\/\/agpnoticias.com\/news\/wp-content\/uploads\/2014\/09\/David-Ruvalcaba-ciclista-ensenadense-junto-a-los-promotores-Olegario-Flemate-y-Emeterio-Nava-200x133.jpg 200w, https:\/\/agpnoticias.com\/news\/wp-content\/uploads\/2014\/09\/David-Ruvalcaba-ciclista-ensenadense-junto-a-los-promotores-Olegario-Flemate-y-Emeterio-Nava-600x399.jpg 600w\" sizes=\"(max-width: 800px) 100vw, 800px\" \/><\/a><figcaption id=\"caption-attachment-1200805\" class=\"wp-caption-text\">David Ruvalcaba, ciclista ensenadense, junto a los promotores Olegario Flemate y Emeterio Nava<\/figcaption><\/figure>\n<p>Ensenada, Baja California.- La Gran Carrera Construrama cobrar\u00e1 por primera vez inscripci\u00f3n durante la octava edici\u00f3n que rendir\u00e1 homenaje al ciclista ensenadense David Ruvalcaba Reyes y al atleta en silla de ruedas Javier Arias Tamayo.<\/p>\n<p>En rueda de prensa, los concesionarios Construrama, encabezados por Olegario Flemate, informaron que lo recaudado se destinar\u00e1 hacia el Centro de Atenci\u00f3n Especializada para Autistas de Ensenada.<\/p>\n<figure id=\"attachment_1200809\" aria-describedby=\"caption-attachment-1200809\" style=\"width: 299px\" class=\"wp-caption alignright\"><a href=\"http:\/\/agpnoticias.com\/news\/?attachment_id=1200809\" rel=\"attachment wp-att-1200809\"><img decoding=\"async\" class=\"size-full wp-image-1200809\" src=\"http:\/\/agpnoticias.com\/news\/wp-content\/uploads\/2014\/09\/La-carrera-Construrama-es-el-domingo-12-de-octubre.jpg\" alt=\"La carrera Construrama es el domingo 12 de octubre\" width=\"299\" height=\"448\" srcset=\"https:\/\/agpnoticias.com\/news\/wp-content\/uploads\/2014\/09\/La-carrera-Construrama-es-el-domingo-12-de-octubre.jpg 299w, https:\/\/agpnoticias.com\/news\/wp-content\/uploads\/2014\/09\/La-carrera-Construrama-es-el-domingo-12-de-octubre-133x200.jpg 133w\" sizes=\"(max-width: 299px) 100vw, 299px\" \/><\/a><figcaption id=\"caption-attachment-1200809\" class=\"wp-caption-text\">La carrera Construrama es el domingo 12 de octubre<\/figcaption><\/figure>\n<p>La fecha atl\u00e9tica ser\u00e1 el domingo 12 de octubre en el deportivo Antonio Palacios, donde se correr\u00e1n trayectos de cinco y tres kil\u00f3metros, as\u00ed como competencias infantiles.<\/p>\n<p>Los cinco kil\u00f3metros tendr\u00e1n costo de 20 pesos por participantes y el trayecto iniciar\u00e1 a las 8:00 horas, mientras que el recorrido de tres kil\u00f3metros costar\u00e1 cinco pesos; las carreras infantiles ser\u00e1n gratuitas.<\/p>\n<p>Los ganadores de los tres primeros lugares en los cinco kil\u00f3metros recibir\u00e1n premios respectivos de tres mil 500, dos mil 500 y mil 500 pesos.<\/p>\n<p>En sillas de ruedas hay premios de entre mil 500 pesos y mil 500 para los tres primeros puestos, y para los d\u00e9biles visuales la premiaci\u00f3n a los tres l\u00edderes ser\u00e1 de mil 500, mil y 800 pesos.<\/p>\n<p>La carrera de tres kil\u00f3metros ser\u00e1 de car\u00e1cter recreativo y premiar\u00e1n a los cinco lugares absolutos con medallas.<\/p>\n<p>Para todos habr\u00e1 camiseta.<\/p>\n<p>Dentro de los circuitos infantiles ser\u00e1n reconocidas las tres escuelas primarias que mayor cantidad de estudiantes presenten con 20 mil, 15 mil y 10 mil pesos en material para la construcci\u00f3n para mejoras de sus planteles.<\/p>\n<p>David Ruvalcaba es tetra campe\u00f3n nacional de Ciclismo de Monta\u00f1a a sus 12 a\u00f1os de edad, y Javier Arias Tamayo es conocido por competir en su silla de ruedas durante las fechas atl\u00e9ticas realizadas en Ensenada.<\/p>\n<p>Las inscripciones est\u00e1n abiertas en Nava Sport y todas las tiendas Construrama de Ensenada.<\/p>\n<p>Entre los invitados estuvo la atleta paral\u00edmpica Perla Bustamante, calificada por los organizadores como \u00abembajadora\u00bb del evento.<\/p>\n<figure id=\"attachment_1200813\" aria-describedby=\"caption-attachment-1200813\" style=\"width: 800px\" class=\"wp-caption aligncenter\"><a href=\"http:\/\/agpnoticias.com\/news\/?attachment_id=1200813\" rel=\"attachment wp-att-1200813\"><img decoding=\"async\" class=\"size-full wp-image-1200813\" src=\"http:\/\/agpnoticias.com\/news\/wp-content\/uploads\/2014\/09\/Javier-Arias-Tamayo-atleta-en-silla-de-rueda.jpg\" alt=\"Javier Arias Tamayo, atleta en silla de rueda\" width=\"800\" height=\"533\" srcset=\"https:\/\/agpnoticias.com\/news\/wp-content\/uploads\/2014\/09\/Javier-Arias-Tamayo-atleta-en-silla-de-rueda.jpg 800w, https:\/\/agpnoticias.com\/news\/wp-content\/uploads\/2014\/09\/Javier-Arias-Tamayo-atleta-en-silla-de-rueda-200x133.jpg 200w, https:\/\/agpnoticias.com\/news\/wp-content\/uploads\/2014\/09\/Javier-Arias-Tamayo-atleta-en-silla-de-rueda-600x399.jpg 600w\" sizes=\"(max-width: 800px) 100vw, 800px\" \/><\/a><figcaption id=\"caption-attachment-1200813\" class=\"wp-caption-text\">Javier Arias Tamayo, atleta en silla de rueda<\/figcaption><\/figure>\n","protected":false},"excerpt":{"rendered":"<p>Ensenada, Baja California.- La Gran Carrera Construrama cobrar\u00e1 por primera vez inscripci\u00f3n durante la octava&#8230;<\/p>\n","protected":false},"author":1,"featured_media":1200805,"comment_status":"closed","ping_status":"closed","sticky":false,"template":"","format":"standard","meta":{"footnotes":""},"categories":[1,31,7],"tags":[],"class_list":["post-1200802","post","type-post","status-publish","format-standard","has-post-thumbnail","hentry","category-uncategorized","category-atletismo","category-deportes"],"_links":{"self":[{"href":"https:\/\/agpnoticias.com\/news\/index.php?rest_route=\/wp\/v2\/posts\/1200802","targetHints":{"allow":["GET"]}}],"collection":[{"href":"https:\/\/agpnoticias.com\/news\/index.php?rest_route=\/wp\/v2\/posts"}],"about":[{"href":"https:\/\/agpnoticias.com\/news\/index.php?rest_route=\/wp\/v2\/types\/post"}],"author":[{"embeddable":true,"href":"https:\/\/agpnoticias.com\/news\/index.php?rest_route=\/wp\/v2\/users\/1"}],"replies":[{"embeddable":true,"href":"https:\/\/agpnoticias.com\/news\/index.php?rest_route=%2Fwp%2Fv2%2Fcomments&post=1200802"}],"version-history":[{"count":1,"href":"https:\/\/agpnoticias.com\/news\/index.php?rest_route=\/wp\/v2\/posts\/1200802\/revisions"}],"predecessor-version":[{"id":1200818,"href":"https:\/\/agpnoticias.com\/news\/index.php?rest_route=\/wp\/v2\/posts\/1200802\/revisions\/1200818"}],"wp:featuredmedia":[{"embeddable":true,"href":"https:\/\/agpnoticias.com\/news\/index.php?rest_route=\/wp\/v2\/media\/1200805"}],"wp:attachment":[{"href":"https:\/\/agpnoticias.com\/news\/index.php?rest_route=%2Fwp%2Fv2%2Fmedia&parent=1200802"}],"wp:term":[{"taxonomy":"category","embeddable":true,"href":"https:\/\/agpnoticias.com\/news\/index.php?rest_route=%2Fwp%2Fv2%2Fcategories&post=1200802"},{"taxonomy":"post_tag","embeddable":true,"href":"https:\/\/agpnoticias.com\/news\/index.php?rest_route=%2Fwp%2Fv2%2Ftags&post=1200802"}],"curies":[{"name":"wp","href":"https:\/\/api.w.org\/{rel}","templated":true}]}}