{"id":1201483,"date":"2014-09-10T17:05:55","date_gmt":"2014-09-11T00:05:55","guid":{"rendered":"http:\/\/agpnoticias.com\/news\/?p=1201483"},"modified":"2014-09-10T18:06:50","modified_gmt":"2014-09-11T01:06:50","slug":"desea-suerte-a-mena-y-descarta-aspiracion-por-sucederlo","status":"publish","type":"post","link":"https:\/\/agpnoticias.com\/news\/?p=1201483","title":{"rendered":"Desea suerte a Mena y descarta aspiraci\u00f3n por sucederlo"},"content":{"rendered":"<figure id=\"attachment_1201487\" aria-describedby=\"caption-attachment-1201487\" style=\"width: 800px\" class=\"wp-caption aligncenter\"><a href=\"http:\/\/agpnoticias.com\/news\/?attachment_id=1201487\" rel=\"attachment wp-att-1201487\"><img fetchpriority=\"high\" decoding=\"async\" class=\"size-full wp-image-1201487\" src=\"http:\/\/agpnoticias.com\/news\/wp-content\/uploads\/2014\/09\/Jes\u00fas-Mena-junto-a-Sa\u00fal-Castro.jpg\" alt=\"Jes\u00fas Mena junto a Sa\u00fal Castro\" width=\"800\" height=\"533\" srcset=\"https:\/\/agpnoticias.com\/news\/wp-content\/uploads\/2014\/09\/Jes\u00fas-Mena-junto-a-Sa\u00fal-Castro.jpg 800w, https:\/\/agpnoticias.com\/news\/wp-content\/uploads\/2014\/09\/Jes\u00fas-Mena-junto-a-Sa\u00fal-Castro-200x133.jpg 200w, https:\/\/agpnoticias.com\/news\/wp-content\/uploads\/2014\/09\/Jes\u00fas-Mena-junto-a-Sa\u00fal-Castro-600x399.jpg 600w\" sizes=\"(max-width: 800px) 100vw, 800px\" \/><\/a><figcaption id=\"caption-attachment-1201487\" class=\"wp-caption-text\">Jes\u00fas Mena junto a Sa\u00fal Castro<\/figcaption><\/figure>\n<p>Tijuana, Baja California.- Sa\u00fal Castro le dese\u00f3 suerte al renunciante director de la Comisi\u00f3n Nacional del Deporte, Jes\u00fas Mena, y descart\u00f3 tener aspiraciones de ocupar el cargo en este momento.<\/p>\n<p>\u201cEs sorpresa, iba con un trabajo ordenado, dentro de lo que cabe; de manera general fue sorpresivo para todos\u201d, dijo el director del Instituto del Deporte de Baja California sobre la renuncia del funcionario federal.<\/p>\n<p>En especial, destac\u00f3 la uni\u00f3n lograda por Mena con el Comit\u00e9 Ol\u00edmpico Mexicano despu\u00e9s de varios a\u00f1os de diferencias.<\/p>\n<p>\u00abHab\u00eda una separaci\u00f3n, y a partir de su ingreso se empataron los temas\u00bb, refiri\u00f3 en declaraciones hechas a <em>Peri\u00f3dico Frontera<\/em>.<\/p>\n<p>Tambi\u00e9n subray\u00f3 su tarea en \u00abla participaci\u00f3n directa con las federaciones y la apertura para trabajar con \u00e9l\u201d, adem\u00e1s del resultado obtenido por la delegaci\u00f3n nacional en los recientes Juegos Ol\u00edmpicos de la Juventud.<\/p>\n<p>\u201cLe deseo muy buena suerte en la siguiente encomienda que tenga, llevamos una buena amistad\u00bb, afirm\u00f3.<\/p>\n<p>En torno a una posible aspiraci\u00f3n por dirigir el deporte nacional en este momento, Sa\u00fal Castro la descart\u00f3 y prioriz\u00f3 su tarea como director del deporte en Baja California.<\/p>\n<p>\u00abNo aceptar\u00eda estar en la Conade, el momento y la oportunidad de Baja California es fundamental\u00bb, precis\u00f3.<\/p>\n","protected":false},"excerpt":{"rendered":"<p>Tijuana, Baja California.- Sa\u00fal Castro le dese\u00f3 suerte al renunciante director de la Comisi\u00f3n Nacional&#8230;<\/p>\n","protected":false},"author":1,"featured_media":1201487,"comment_status":"closed","ping_status":"closed","sticky":false,"template":"","format":"standard","meta":{"footnotes":""},"categories":[1,73,7],"tags":[],"class_list":["post-1201483","post","type-post","status-publish","format-standard","has-post-thumbnail","hentry","category-uncategorized","category-deportebajacalifornia","category-deportes"],"_links":{"self":[{"href":"https:\/\/agpnoticias.com\/news\/index.php?rest_route=\/wp\/v2\/posts\/1201483","targetHints":{"allow":["GET"]}}],"collection":[{"href":"https:\/\/agpnoticias.com\/news\/index.php?rest_route=\/wp\/v2\/posts"}],"about":[{"href":"https:\/\/agpnoticias.com\/news\/index.php?rest_route=\/wp\/v2\/types\/post"}],"author":[{"embeddable":true,"href":"https:\/\/agpnoticias.com\/news\/index.php?rest_route=\/wp\/v2\/users\/1"}],"replies":[{"embeddable":true,"href":"https:\/\/agpnoticias.com\/news\/index.php?rest_route=%2Fwp%2Fv2%2Fcomments&post=1201483"}],"version-history":[{"count":1,"href":"https:\/\/agpnoticias.com\/news\/index.php?rest_route=\/wp\/v2\/posts\/1201483\/revisions"}],"predecessor-version":[{"id":1201494,"href":"https:\/\/agpnoticias.com\/news\/index.php?rest_route=\/wp\/v2\/posts\/1201483\/revisions\/1201494"}],"wp:featuredmedia":[{"embeddable":true,"href":"https:\/\/agpnoticias.com\/news\/index.php?rest_route=\/wp\/v2\/media\/1201487"}],"wp:attachment":[{"href":"https:\/\/agpnoticias.com\/news\/index.php?rest_route=%2Fwp%2Fv2%2Fmedia&parent=1201483"}],"wp:term":[{"taxonomy":"category","embeddable":true,"href":"https:\/\/agpnoticias.com\/news\/index.php?rest_route=%2Fwp%2Fv2%2Fcategories&post=1201483"},{"taxonomy":"post_tag","embeddable":true,"href":"https:\/\/agpnoticias.com\/news\/index.php?rest_route=%2Fwp%2Fv2%2Ftags&post=1201483"}],"curies":[{"name":"wp","href":"https:\/\/api.w.org\/{rel}","templated":true}]}}