{"id":12571,"date":"2012-06-07T16:47:55","date_gmt":"2012-06-08T00:47:55","guid":{"rendered":"http:\/\/agpnoticias.com\/news\/?p=12571"},"modified":"2012-12-10T23:05:56","modified_gmt":"2012-12-11T06:05:56","slug":"repuesto-de-la-caida-llega-al-podio","status":"publish","type":"post","link":"https:\/\/agpnoticias.com\/news\/?p=12571","title":{"rendered":"Repuesto Iv\u00e1n de la ca\u00edda llega al podio"},"content":{"rendered":"<p>Ensenada, Baja California.- El ensenadense Iv\u00e1n Ram\u00edrez Junior no pudo hacer historia en la edici\u00f3n 44 de la Baja 500, al fracasar en su intento de convertirse en el primer azteca en ganar el overall de la prueba en las motocicletas.<\/p>\n<p>Una ca\u00edda muy fuerte alrededor de la milla 15 le cost\u00f3 tiempo y lugares para recuperarse, al ir en polvo de otro competidor, lo que le impidi\u00f3 ver una piedra que lo hizo volar por los aires hasta golpearse la cabeza contra el suelo.<!--more--><\/p>\n<p>Ram\u00edrez estuvo tendido en el suelo por varios minutos, siendo auxiliado por una persona para levantarse, con lo que debi\u00f3 llegar a un pit del equipo KTM para cambiar la pipa de la motocicleta que se da\u00f1\u00f3 en la ca\u00edda.<\/p>\n<p>A lo largo de la exigente traves\u00eda, Iv\u00e1n estuvo en tres diferentes momentos a bordo de la motocicleta, tras recibir en el arranque el relevo por parte del lesionado Kurt Caselli y combin\u00e1ndose con el estadounidense Mike Brown y el espa\u00f1ol Marc Coma.<\/p>\n<p>El ensenadense destac\u00f3 el gran aporte de Brown y Coma en las 500 millas, ya que lo hicieron recuperar tiempo tras su ca\u00edda y les alcanz\u00f3 para cerrar en la tercera posici\u00f3n.<\/p>\n<p><strong>Todo se definir\u00e1 en la 1000<\/strong><\/p>\n<p>Iv\u00e1n asegur\u00f3 que fue bueno rescatar puntos valiosos y el tercer sitio en la 500 para seguir metido en la pelea por el t\u00edtulo de la Clase 22, lucha en la que se involucr\u00f3 de lleno Kawasaki tras imponerse en Ensenada.<\/p>\n<p>El motociclista ensenadense fue el primer tricolor en forma general en arribar a la meta de las 500 millas, algo que lo llen\u00f3 de orgullo por tratarse de un evento de corte internacional.<\/p>\n<p>Para las 1000 millas en noviembre, Ram\u00edrez asegur\u00f3 que entrenar\u00e1 m\u00e1s y junto a su equipo va a trabajar mucho en correr de noche, aunque todav\u00eda no sabe si contar\u00e1 con dos motocicletas o una para enfocarse de lleno en finalmente acabar con la era gloriosa de Honda como rey de la Clase 22.<\/p>\n<p>Informaci\u00f3n: Ren\u00e9 Hern\u00e1ndez<\/p>\n","protected":false},"excerpt":{"rendered":"<p>Ensenada, Baja California.- El ensenadense Iv\u00e1n Ram\u00edrez Junior no pudo hacer historia en la edici\u00f3n&#8230;<\/p>\n","protected":false},"author":1,"featured_media":12572,"comment_status":"closed","ping_status":"closed","sticky":false,"template":"","format":"standard","meta":{"footnotes":""},"categories":[1,37,7],"tags":[],"class_list":["post-12571","post","type-post","status-publish","format-standard","has-post-thumbnail","hentry","category-uncategorized","category-off-road","category-deportes"],"_links":{"self":[{"href":"https:\/\/agpnoticias.com\/news\/index.php?rest_route=\/wp\/v2\/posts\/12571","targetHints":{"allow":["GET"]}}],"collection":[{"href":"https:\/\/agpnoticias.com\/news\/index.php?rest_route=\/wp\/v2\/posts"}],"about":[{"href":"https:\/\/agpnoticias.com\/news\/index.php?rest_route=\/wp\/v2\/types\/post"}],"author":[{"embeddable":true,"href":"https:\/\/agpnoticias.com\/news\/index.php?rest_route=\/wp\/v2\/users\/1"}],"replies":[{"embeddable":true,"href":"https:\/\/agpnoticias.com\/news\/index.php?rest_route=%2Fwp%2Fv2%2Fcomments&post=12571"}],"version-history":[{"count":4,"href":"https:\/\/agpnoticias.com\/news\/index.php?rest_route=\/wp\/v2\/posts\/12571\/revisions"}],"predecessor-version":[{"id":21133,"href":"https:\/\/agpnoticias.com\/news\/index.php?rest_route=\/wp\/v2\/posts\/12571\/revisions\/21133"}],"wp:featuredmedia":[{"embeddable":true,"href":"https:\/\/agpnoticias.com\/news\/index.php?rest_route=\/wp\/v2\/media\/12572"}],"wp:attachment":[{"href":"https:\/\/agpnoticias.com\/news\/index.php?rest_route=%2Fwp%2Fv2%2Fmedia&parent=12571"}],"wp:term":[{"taxonomy":"category","embeddable":true,"href":"https:\/\/agpnoticias.com\/news\/index.php?rest_route=%2Fwp%2Fv2%2Fcategories&post=12571"},{"taxonomy":"post_tag","embeddable":true,"href":"https:\/\/agpnoticias.com\/news\/index.php?rest_route=%2Fwp%2Fv2%2Ftags&post=12571"}],"curies":[{"name":"wp","href":"https:\/\/api.w.org\/{rel}","templated":true}]}}