{"id":12722,"date":"2012-06-11T18:28:43","date_gmt":"2012-06-12T02:28:43","guid":{"rendered":"http:\/\/agpnoticias.com\/news\/?p=12722"},"modified":"2012-11-05T13:33:11","modified_gmt":"2012-11-05T20:33:11","slug":"especial-juveniles-de-publicidad-marquez-presente-y-futuro-de-la-liga-municipal","status":"publish","type":"post","link":"https:\/\/agpnoticias.com\/news\/?p=12722","title":{"rendered":"ESPECIAL: Juveniles de Publicidad M\u00e1rquez"},"content":{"rendered":"<p>Ensenada, Baja California.- Cuando los Juveniles de Publicidad M\u00e1rquez decidieron incursionar en la categor\u00eda mayor de la Liga Municipal de Beisbol se hicieron a la idea de que tendr\u00edan que pagar la novatada, el llamado derecho de piso.<\/p>\n<p>La estimaci\u00f3n indicaba que ser\u00edan de dos a tres torneos para que los peloteros de 16 a\u00f1os maduraran y estuvieran a la altura de equipos como Cuervos, Padres, Vaqueros, Ericeros y su hermano mayor: el hasta entonces campe\u00f3n Publicidad M\u00e1rquez.<!--more--><\/p>\n<figure id=\"attachment_12724\" aria-describedby=\"caption-attachment-12724\" style=\"width: 150px\" class=\"wp-caption alignright\"><a href=\"http:\/\/agpnoticias.com\/news\/wp-content\/uploads\/2012\/06\/Carlos-M\u00e1rquez-pelotero-fundador-de-los-Juveniles.jpg\"><img decoding=\"async\" class=\"size-thumbnail wp-image-12724\" title=\"Carlos M\u00e1rquez, pelotero fundador de los Juveniles\" src=\"http:\/\/agpnoticias.com\/news\/wp-content\/uploads\/2012\/06\/Carlos-M\u00e1rquez-pelotero-fundador-de-los-Juveniles-150x100.jpg\" alt=\"\" width=\"150\" height=\"100\" srcset=\"https:\/\/agpnoticias.com\/news\/wp-content\/uploads\/2012\/06\/Carlos-M\u00e1rquez-pelotero-fundador-de-los-Juveniles-150x100.jpg 150w, https:\/\/agpnoticias.com\/news\/wp-content\/uploads\/2012\/06\/Carlos-M\u00e1rquez-pelotero-fundador-de-los-Juveniles-800x534.jpg 800w, https:\/\/agpnoticias.com\/news\/wp-content\/uploads\/2012\/06\/Carlos-M\u00e1rquez-pelotero-fundador-de-los-Juveniles-479x320.jpg 479w\" sizes=\"(max-width: 150px) 100vw, 150px\" \/><\/a><figcaption id=\"caption-attachment-12724\" class=\"wp-caption-text\">Carlos M\u00e1rquez<\/figcaption><\/figure>\n<p>Sin embargo, el talento de los jugadores que se encuentran juntos desde los seis a\u00f1os de edad, cuando militaron como Cachorros bajo las \u00f3rdenes de Fernando P\u00e9rez, los llev\u00f3 hasta las series semifinales del m\u00e1s reciente torneo de la Liga Municipal de Beisbol.<\/p>\n<figure id=\"attachment_12725\" aria-describedby=\"caption-attachment-12725\" style=\"width: 147px\" class=\"wp-caption alignleft\"><a href=\"http:\/\/agpnoticias.com\/news\/wp-content\/uploads\/2012\/06\/Francisco-Campos-lanzador-del-equipo-revelaci\u00f3n.jpg\"><img decoding=\"async\" class=\"size-thumbnail wp-image-12725\" title=\"Francisco Campos, lanzador del equipo revelaci\u00f3n\" src=\"http:\/\/agpnoticias.com\/news\/wp-content\/uploads\/2012\/06\/Francisco-Campos-lanzador-del-equipo-revelaci\u00f3n-147x150.jpg\" alt=\"\" width=\"147\" height=\"150\" srcset=\"https:\/\/agpnoticias.com\/news\/wp-content\/uploads\/2012\/06\/Francisco-Campos-lanzador-del-equipo-revelaci\u00f3n-147x150.jpg 147w, https:\/\/agpnoticias.com\/news\/wp-content\/uploads\/2012\/06\/Francisco-Campos-lanzador-del-equipo-revelaci\u00f3n-784x800.jpg 784w, https:\/\/agpnoticias.com\/news\/wp-content\/uploads\/2012\/06\/Francisco-Campos-lanzador-del-equipo-revelaci\u00f3n-313x320.jpg 313w, https:\/\/agpnoticias.com\/news\/wp-content\/uploads\/2012\/06\/Francisco-Campos-lanzador-del-equipo-revelaci\u00f3n.jpg 1596w\" sizes=\"(max-width: 147px) 100vw, 147px\" \/><\/a><figcaption id=\"caption-attachment-12725\" class=\"wp-caption-text\">Francisco Campos<\/figcaption><\/figure>\n<p>\u201cEn un principio, hablamos con los padres de los muchachos para decirles que era probable que perdi\u00e9ramos por marcadores bastante holgados, pero cuando empezamos a ganarle a equipos tan fuertes como Cuervos y Padres de La Misi\u00f3n, todos se motivaron\u201d, relat\u00f3 Carlos \u201cChale\u201d M\u00e1rquez.<\/p>\n<figure id=\"attachment_12726\" aria-describedby=\"caption-attachment-12726\" style=\"width: 98px\" class=\"wp-caption alignright\"><a href=\"http:\/\/agpnoticias.com\/news\/wp-content\/uploads\/2012\/06\/Francisco-Ching.jpg\"><img decoding=\"async\" class=\"size-thumbnail wp-image-12726\" title=\"Francisco Ching\" src=\"http:\/\/agpnoticias.com\/news\/wp-content\/uploads\/2012\/06\/Francisco-Ching-98x150.jpg\" alt=\"\" width=\"98\" height=\"150\" srcset=\"https:\/\/agpnoticias.com\/news\/wp-content\/uploads\/2012\/06\/Francisco-Ching-98x150.jpg 98w, https:\/\/agpnoticias.com\/news\/wp-content\/uploads\/2012\/06\/Francisco-Ching-524x800.jpg 524w, https:\/\/agpnoticias.com\/news\/wp-content\/uploads\/2012\/06\/Francisco-Ching-209x320.jpg 209w, https:\/\/agpnoticias.com\/news\/wp-content\/uploads\/2012\/06\/Francisco-Ching.jpg 1756w\" sizes=\"(max-width: 98px) 100vw, 98px\" \/><\/a><figcaption id=\"caption-attachment-12726\" class=\"wp-caption-text\">Francisco Ching<\/figcaption><\/figure>\n<p>El fundador del equipo dijo que con esos resultados, \u201cel proceso que ten\u00edamos contemplado a dos o tres a\u00f1os se aceler\u00f3, y logramos llegar a los playoffs en nuestro primer torneo como equipo de primera fuerza\u201d.<\/p>\n<figure id=\"attachment_12727\" aria-describedby=\"caption-attachment-12727\" style=\"width: 150px\" class=\"wp-caption alignleft\"><a href=\"http:\/\/agpnoticias.com\/news\/wp-content\/uploads\/2012\/06\/Manuel-Carrillo.jpg\"><img loading=\"lazy\" decoding=\"async\" class=\"size-thumbnail wp-image-12727\" title=\"Manuel Carrillo\" src=\"http:\/\/agpnoticias.com\/news\/wp-content\/uploads\/2012\/06\/Manuel-Carrillo-150x116.jpg\" alt=\"\" width=\"150\" height=\"116\" srcset=\"https:\/\/agpnoticias.com\/news\/wp-content\/uploads\/2012\/06\/Manuel-Carrillo-150x116.jpg 150w, https:\/\/agpnoticias.com\/news\/wp-content\/uploads\/2012\/06\/Manuel-Carrillo-800x622.jpg 800w, https:\/\/agpnoticias.com\/news\/wp-content\/uploads\/2012\/06\/Manuel-Carrillo-411x320.jpg 411w, https:\/\/agpnoticias.com\/news\/wp-content\/uploads\/2012\/06\/Manuel-Carrillo.jpg 1804w\" sizes=\"(max-width: 150px) 100vw, 150px\" \/><\/a><figcaption id=\"caption-attachment-12727\" class=\"wp-caption-text\">Manuel Carrillo<\/figcaption><\/figure>\n<p>Desgraciadamente, dijo, en esa instancia se encontraron con Publicidad M\u00e1rquez, equipo que los elimin\u00f3.<\/p>\n<figure id=\"attachment_12728\" aria-describedby=\"caption-attachment-12728\" style=\"width: 150px\" class=\"wp-caption alignright\"><a href=\"http:\/\/agpnoticias.com\/news\/wp-content\/uploads\/2012\/06\/Mario-P\u00e9rez-Jr..jpg\"><img loading=\"lazy\" decoding=\"async\" class=\"size-thumbnail wp-image-12728\" title=\"Mario P\u00e9rez Jr.\" src=\"http:\/\/agpnoticias.com\/news\/wp-content\/uploads\/2012\/06\/Mario-P\u00e9rez-Jr.-150x104.jpg\" alt=\"\" width=\"150\" height=\"104\" srcset=\"https:\/\/agpnoticias.com\/news\/wp-content\/uploads\/2012\/06\/Mario-P\u00e9rez-Jr.-150x104.jpg 150w, https:\/\/agpnoticias.com\/news\/wp-content\/uploads\/2012\/06\/Mario-P\u00e9rez-Jr.-800x559.jpg 800w, https:\/\/agpnoticias.com\/news\/wp-content\/uploads\/2012\/06\/Mario-P\u00e9rez-Jr.-457x320.jpg 457w, https:\/\/agpnoticias.com\/news\/wp-content\/uploads\/2012\/06\/Mario-P\u00e9rez-Jr..jpg 1350w\" sizes=\"(max-width: 150px) 100vw, 150px\" \/><\/a><figcaption id=\"caption-attachment-12728\" class=\"wp-caption-text\">Mario P\u00e9rez Jr.<\/figcaption><\/figure>\n<p>La base del plantel que debut\u00f3 en primera fuerza \u201ces la misma que inici\u00f3 con el equipo de Publicidad M\u00e1rquez en la Liga (Municipal) Infantil (y Juvenil)\u201d.<\/p>\n<figure id=\"attachment_12729\" aria-describedby=\"caption-attachment-12729\" style=\"width: 106px\" class=\"wp-caption alignleft\"><a href=\"http:\/\/agpnoticias.com\/news\/wp-content\/uploads\/2012\/06\/H\u00e9ctor-J\u00e1uregui.jpg\"><img loading=\"lazy\" decoding=\"async\" class=\"size-thumbnail wp-image-12729\" title=\"H\u00e9ctor J\u00e1uregui\" src=\"http:\/\/agpnoticias.com\/news\/wp-content\/uploads\/2012\/06\/H\u00e9ctor-J\u00e1uregui-106x150.jpg\" alt=\"\" width=\"106\" height=\"150\" srcset=\"https:\/\/agpnoticias.com\/news\/wp-content\/uploads\/2012\/06\/H\u00e9ctor-J\u00e1uregui-106x150.jpg 106w, https:\/\/agpnoticias.com\/news\/wp-content\/uploads\/2012\/06\/H\u00e9ctor-J\u00e1uregui-570x800.jpg 570w, https:\/\/agpnoticias.com\/news\/wp-content\/uploads\/2012\/06\/H\u00e9ctor-J\u00e1uregui-228x320.jpg 228w, https:\/\/agpnoticias.com\/news\/wp-content\/uploads\/2012\/06\/H\u00e9ctor-J\u00e1uregui.jpg 1750w\" sizes=\"(max-width: 106px) 100vw, 106px\" \/><\/a><figcaption id=\"caption-attachment-12729\" class=\"wp-caption-text\">H\u00e9ctor J\u00e1uregui<\/figcaption><\/figure>\n<p>\u201cEstamos hablando que del equipo que se form\u00f3 como Cachorros a los seis a\u00f1os y que dos a\u00f1os despu\u00e9s se convirti\u00f3 en Publicidad M\u00e1rquez, como en 2000 o 2001, siguen un 80 por ciento de los jugadores\u201d, revel\u00f3.<\/p>\n<figure id=\"attachment_12730\" aria-describedby=\"caption-attachment-12730\" style=\"width: 150px\" class=\"wp-caption alignright\"><a href=\"http:\/\/agpnoticias.com\/news\/wp-content\/uploads\/2012\/06\/Iv\u00e1n-Terrazas.jpg\"><img loading=\"lazy\" decoding=\"async\" class=\"size-thumbnail wp-image-12730\" title=\"Iv\u00e1n Terrazas\" src=\"http:\/\/agpnoticias.com\/news\/wp-content\/uploads\/2012\/06\/Iv\u00e1n-Terrazas-150x138.jpg\" alt=\"\" width=\"150\" height=\"138\" srcset=\"https:\/\/agpnoticias.com\/news\/wp-content\/uploads\/2012\/06\/Iv\u00e1n-Terrazas-150x138.jpg 150w, https:\/\/agpnoticias.com\/news\/wp-content\/uploads\/2012\/06\/Iv\u00e1n-Terrazas-347x320.jpg 347w, https:\/\/agpnoticias.com\/news\/wp-content\/uploads\/2012\/06\/Iv\u00e1n-Terrazas.jpg 640w\" sizes=\"(max-width: 150px) 100vw, 150px\" \/><\/a><figcaption id=\"caption-attachment-12730\" class=\"wp-caption-text\">Iv\u00e1n Terrazas<\/figcaption><\/figure>\n<p>Desde entonces, \u201cnunca hemos perdido la continuidad en los torneos, y a\u00f1o con a\u00f1o se ha avanzado hasta llegar a la (categor\u00eda) primera especial de la liga mayor cuando los muchachos ten\u00edan 16 a\u00f1os\u201d.<\/p>\n<figure id=\"attachment_12731\" aria-describedby=\"caption-attachment-12731\" style=\"width: 124px\" class=\"wp-caption alignleft\"><a href=\"http:\/\/agpnoticias.com\/news\/wp-content\/uploads\/2012\/06\/Javier-Ruiz.jpg\"><img loading=\"lazy\" decoding=\"async\" class=\"size-thumbnail wp-image-12731\" title=\"Javier Ruiz\" src=\"http:\/\/agpnoticias.com\/news\/wp-content\/uploads\/2012\/06\/Javier-Ruiz-124x150.jpg\" alt=\"\" width=\"124\" height=\"150\" srcset=\"https:\/\/agpnoticias.com\/news\/wp-content\/uploads\/2012\/06\/Javier-Ruiz-124x150.jpg 124w, https:\/\/agpnoticias.com\/news\/wp-content\/uploads\/2012\/06\/Javier-Ruiz-664x800.jpg 664w, https:\/\/agpnoticias.com\/news\/wp-content\/uploads\/2012\/06\/Javier-Ruiz-265x320.jpg 265w, https:\/\/agpnoticias.com\/news\/wp-content\/uploads\/2012\/06\/Javier-Ruiz.jpg 1688w\" sizes=\"(max-width: 124px) 100vw, 124px\" \/><\/a><figcaption id=\"caption-attachment-12731\" class=\"wp-caption-text\">Javier Ruiz<\/figcaption><\/figure>\n<p>En esa categor\u00eda, \u201cquedamos campeones en los torneos abierto y oficial, lo que despert\u00f3 el inter\u00e9s de los padres de familia por foguear a los jugadores en primera fuerza\u201d, record\u00f3.<\/p>\n<p><strong>Cambio en el tim\u00f3n<\/strong><\/p>\n<figure id=\"attachment_12732\" aria-describedby=\"caption-attachment-12732\" style=\"width: 100px\" class=\"wp-caption alignright\"><a href=\"http:\/\/agpnoticias.com\/news\/wp-content\/uploads\/2012\/06\/Mart\u00edn-Liz\u00e1rraga.jpg\"><img loading=\"lazy\" decoding=\"async\" class=\"size-thumbnail wp-image-12732\" title=\"Mart\u00edn Liz\u00e1rraga\" src=\"http:\/\/agpnoticias.com\/news\/wp-content\/uploads\/2012\/06\/Mart\u00edn-Liz\u00e1rraga-100x150.jpg\" alt=\"\" width=\"100\" height=\"150\" srcset=\"https:\/\/agpnoticias.com\/news\/wp-content\/uploads\/2012\/06\/Mart\u00edn-Liz\u00e1rraga-100x150.jpg 100w, https:\/\/agpnoticias.com\/news\/wp-content\/uploads\/2012\/06\/Mart\u00edn-Liz\u00e1rraga-213x320.jpg 213w, https:\/\/agpnoticias.com\/news\/wp-content\/uploads\/2012\/06\/Mart\u00edn-Liz\u00e1rraga.jpg 400w\" sizes=\"(max-width: 100px) 100vw, 100px\" \/><\/a><figcaption id=\"caption-attachment-12732\" class=\"wp-caption-text\">Mart\u00edn Liz\u00e1rraga<\/figcaption><\/figure>\n<p>Debido a que es jugador del equipo mayor de Publicidad M\u00e1rquez, Mario P\u00e9rez Le\u00f3n tuvo que dejar la direcci\u00f3n de los ahora llamados Juveniles, responsabilidad que recay\u00f3 en el mismo Carlos M\u00e1rquez, asesorado por Jorge Alejandro Rivera y Manuel Carrillo.<\/p>\n<p>\u201cMario dirigi\u00f3 al equipo siempre, pero como a\u00fan es jugador de Publicidad M\u00e1rquez, no pudo quedarse con nosotros\u201d, apunt\u00f3.<\/p>\n<p><strong>Experiencia<\/strong><\/p>\n<figure id=\"attachment_12733\" aria-describedby=\"caption-attachment-12733\" style=\"width: 114px\" class=\"wp-caption alignleft\"><a href=\"http:\/\/agpnoticias.com\/news\/wp-content\/uploads\/2012\/06\/Carlos-Orozco.jpg\"><img loading=\"lazy\" decoding=\"async\" class=\"size-thumbnail wp-image-12733\" title=\"Carlos Orozco\" src=\"http:\/\/agpnoticias.com\/news\/wp-content\/uploads\/2012\/06\/Carlos-Orozco-114x150.jpg\" alt=\"\" width=\"114\" height=\"150\" srcset=\"https:\/\/agpnoticias.com\/news\/wp-content\/uploads\/2012\/06\/Carlos-Orozco-114x150.jpg 114w, https:\/\/agpnoticias.com\/news\/wp-content\/uploads\/2012\/06\/Carlos-Orozco-609x800.jpg 609w, https:\/\/agpnoticias.com\/news\/wp-content\/uploads\/2012\/06\/Carlos-Orozco-243x320.jpg 243w, https:\/\/agpnoticias.com\/news\/wp-content\/uploads\/2012\/06\/Carlos-Orozco.jpg 1672w\" sizes=\"(max-width: 114px) 100vw, 114px\" \/><\/a><figcaption id=\"caption-attachment-12733\" class=\"wp-caption-text\">Carlos Orozco<\/figcaption><\/figure>\n<p>Para su debut en la primera fuerza, Carlos M\u00e1rquez y su equipo de trabajo decidieron convocar a un grupo de peloteros de recorrido tanto en el terreno amateur como en el profesional.<\/p>\n<figure id=\"attachment_12734\" aria-describedby=\"caption-attachment-12734\" style=\"width: 142px\" class=\"wp-caption alignright\"><a href=\"http:\/\/agpnoticias.com\/news\/wp-content\/uploads\/2012\/06\/Carlos-Villavicencio.jpg\"><img loading=\"lazy\" decoding=\"async\" class=\"size-thumbnail wp-image-12734\" title=\"Carlos Villavicencio\" src=\"http:\/\/agpnoticias.com\/news\/wp-content\/uploads\/2012\/06\/Carlos-Villavicencio-142x150.jpg\" alt=\"\" width=\"142\" height=\"150\" srcset=\"https:\/\/agpnoticias.com\/news\/wp-content\/uploads\/2012\/06\/Carlos-Villavicencio-142x150.jpg 142w, https:\/\/agpnoticias.com\/news\/wp-content\/uploads\/2012\/06\/Carlos-Villavicencio-758x800.jpg 758w, https:\/\/agpnoticias.com\/news\/wp-content\/uploads\/2012\/06\/Carlos-Villavicencio-303x320.jpg 303w\" sizes=\"(max-width: 142px) 100vw, 142px\" \/><\/a><figcaption id=\"caption-attachment-12734\" class=\"wp-caption-text\">Carlos Villavicencio<\/figcaption><\/figure>\n<p>\u201cEn este caso, invitamos a Mart\u00edn Liz\u00e1rraga, Armando Rodr\u00edguez y Carlos Orozco, tres jugadores que participaron en liga mexicana, y que motivan mucho a los j\u00f3venes, porque ven el nivel que mantienen\u201d, coment\u00f3.<\/p>\n<p>Otro jugador de experiencia en el \u00e1mbito amateur que se sum\u00f3 a los Juveniles es Carlos Villavicencio, \u201cquien completa nuestros cuatro refuerzos\u201d.<\/p>\n<p><strong>Base de nuevos valores<\/strong><\/p>\n<figure id=\"attachment_12735\" aria-describedby=\"caption-attachment-12735\" style=\"width: 111px\" class=\"wp-caption alignleft\"><a href=\"http:\/\/agpnoticias.com\/news\/wp-content\/uploads\/2012\/06\/Ra\u00fal-Carrillo.jpg\"><img loading=\"lazy\" decoding=\"async\" class=\"size-thumbnail wp-image-12735\" title=\"Ra\u00fal Carrillo\" src=\"http:\/\/agpnoticias.com\/news\/wp-content\/uploads\/2012\/06\/Ra\u00fal-Carrillo-111x150.jpg\" alt=\"\" width=\"111\" height=\"150\" srcset=\"https:\/\/agpnoticias.com\/news\/wp-content\/uploads\/2012\/06\/Ra\u00fal-Carrillo-111x150.jpg 111w, https:\/\/agpnoticias.com\/news\/wp-content\/uploads\/2012\/06\/Ra\u00fal-Carrillo-594x800.jpg 594w, https:\/\/agpnoticias.com\/news\/wp-content\/uploads\/2012\/06\/Ra\u00fal-Carrillo-237x320.jpg 237w, https:\/\/agpnoticias.com\/news\/wp-content\/uploads\/2012\/06\/Ra\u00fal-Carrillo.jpg 1356w\" sizes=\"(max-width: 111px) 100vw, 111px\" \/><\/a><figcaption id=\"caption-attachment-12735\" class=\"wp-caption-text\">Ra\u00fal Carrillo<\/figcaption><\/figure>\n<p>Uno m\u00e1s de los orgullos de Publicidad M\u00e1rquez es su aportaci\u00f3n a las selecciones de la Liga Municipal en sus diferentes categor\u00edas.<\/p>\n<p>Actualmente, \u201csomos el equipo que forma la selecci\u00f3n de la liga en el estatal nuevos valores\u201d.<\/p>\n<p>\u201cTuvimos problemas en los playoffs porque todos nuestros jugadores participaban con la selecci\u00f3n los s\u00e1bados y el domingo ten\u00edan que jugar con el equipo\u201d, indic\u00f3.<\/p>\n<p><strong>Futuro<\/strong><\/p>\n<figure id=\"attachment_12736\" aria-describedby=\"caption-attachment-12736\" style=\"width: 150px\" class=\"wp-caption alignright\"><a href=\"http:\/\/agpnoticias.com\/news\/wp-content\/uploads\/2012\/06\/Missael-Casta\u00f1eda.jpg\"><img loading=\"lazy\" decoding=\"async\" class=\"size-thumbnail wp-image-12736\" title=\"Missael Casta\u00f1eda\" src=\"http:\/\/agpnoticias.com\/news\/wp-content\/uploads\/2012\/06\/Missael-Casta\u00f1eda-150x150.jpg\" alt=\"\" width=\"150\" height=\"150\" srcset=\"https:\/\/agpnoticias.com\/news\/wp-content\/uploads\/2012\/06\/Missael-Casta\u00f1eda-150x150.jpg 150w, https:\/\/agpnoticias.com\/news\/wp-content\/uploads\/2012\/06\/Missael-Casta\u00f1eda-796x800.jpg 796w, https:\/\/agpnoticias.com\/news\/wp-content\/uploads\/2012\/06\/Missael-Casta\u00f1eda-318x320.jpg 318w, https:\/\/agpnoticias.com\/news\/wp-content\/uploads\/2012\/06\/Missael-Casta\u00f1eda.jpg 1924w\" sizes=\"(max-width: 150px) 100vw, 150px\" \/><\/a><figcaption id=\"caption-attachment-12736\" class=\"wp-caption-text\">Missael Casta\u00f1eda<\/figcaption><\/figure>\n<p>Para el siguiente torneo de la Liga Municipal, \u201ccon la motivaci\u00f3n que tienen todos los jugadores por sus buenos resultados y dos pitchers m\u00e1s de experiencia que incorporemos, esperamos repetir la temporada anterior\u201d.<\/p>\n<p>\u201cLa idea es que esos dos pitchers experimentados empiecen los juegos para que luego entren los j\u00f3venes a relevar\u201d, adelant\u00f3.<\/p>\n<p><strong>La mano de Mario<\/strong><\/p>\n<figure id=\"attachment_12737\" aria-describedby=\"caption-attachment-12737\" style=\"width: 150px\" class=\"wp-caption alignleft\"><a href=\"http:\/\/agpnoticias.com\/news\/wp-content\/uploads\/2012\/06\/Ricardo-Moreno.jpg\"><img loading=\"lazy\" decoding=\"async\" class=\"size-thumbnail wp-image-12737\" title=\"Ricardo Moreno\" src=\"http:\/\/agpnoticias.com\/news\/wp-content\/uploads\/2012\/06\/Ricardo-Moreno-150x135.jpg\" alt=\"\" width=\"150\" height=\"135\" srcset=\"https:\/\/agpnoticias.com\/news\/wp-content\/uploads\/2012\/06\/Ricardo-Moreno-150x135.jpg 150w, https:\/\/agpnoticias.com\/news\/wp-content\/uploads\/2012\/06\/Ricardo-Moreno-800x724.jpg 800w, https:\/\/agpnoticias.com\/news\/wp-content\/uploads\/2012\/06\/Ricardo-Moreno-353x320.jpg 353w, https:\/\/agpnoticias.com\/news\/wp-content\/uploads\/2012\/06\/Ricardo-Moreno.jpg 2032w\" sizes=\"(max-width: 150px) 100vw, 150px\" \/><\/a><figcaption id=\"caption-attachment-12737\" class=\"wp-caption-text\">Ricardo Moreno<\/figcaption><\/figure>\n<p>Mario P\u00e9rez fue el primero en recomendar a los Juveniles que dieran el paso a primera fuerza.<\/p>\n<p>Despu\u00e9s de dirigir al equipo por casi una d\u00e9cada, \u201cyo estaba seguro de que si sub\u00edan, tendr\u00edan un buen torneo\u201d.<\/p>\n<figure id=\"attachment_12738\" aria-describedby=\"caption-attachment-12738\" style=\"width: 150px\" class=\"wp-caption alignright\"><a href=\"http:\/\/agpnoticias.com\/news\/wp-content\/uploads\/2012\/06\/Eduardo-Arenas.jpg\"><img loading=\"lazy\" decoding=\"async\" class=\"size-thumbnail wp-image-12738\" title=\"Eduardo Arenas\" src=\"http:\/\/agpnoticias.com\/news\/wp-content\/uploads\/2012\/06\/Eduardo-Arenas-150x102.jpg\" alt=\"\" width=\"150\" height=\"102\" srcset=\"https:\/\/agpnoticias.com\/news\/wp-content\/uploads\/2012\/06\/Eduardo-Arenas-150x102.jpg 150w, https:\/\/agpnoticias.com\/news\/wp-content\/uploads\/2012\/06\/Eduardo-Arenas-467x320.jpg 467w, https:\/\/agpnoticias.com\/news\/wp-content\/uploads\/2012\/06\/Eduardo-Arenas.jpg 640w\" sizes=\"(max-width: 150px) 100vw, 150px\" \/><\/a><figcaption id=\"caption-attachment-12738\" class=\"wp-caption-text\">Eduardo Arenas<\/figcaption><\/figure>\n<p>\u201cDe hecho, ellos no quer\u00edan subir a primera fuerza, quer\u00edan quedarse en primera especial, pero yo les dije que ya est\u00e1n en un nivel para competir fuerte y as\u00ed lo demostraron con esta experiencia tan buena\u201d, coment\u00f3 sobre la clasificaci\u00f3n del equipo a playoffs.<\/p>\n<figure id=\"attachment_12739\" aria-describedby=\"caption-attachment-12739\" style=\"width: 150px\" class=\"wp-caption alignleft\"><a href=\"http:\/\/agpnoticias.com\/news\/wp-content\/uploads\/2012\/06\/Luis-Altamirano.jpg\"><img loading=\"lazy\" decoding=\"async\" class=\"size-thumbnail wp-image-12739\" title=\"Luis Altamirano\" src=\"http:\/\/agpnoticias.com\/news\/wp-content\/uploads\/2012\/06\/Luis-Altamirano-150x112.jpg\" alt=\"\" width=\"150\" height=\"112\" srcset=\"https:\/\/agpnoticias.com\/news\/wp-content\/uploads\/2012\/06\/Luis-Altamirano-150x112.jpg 150w, https:\/\/agpnoticias.com\/news\/wp-content\/uploads\/2012\/06\/Luis-Altamirano-800x600.jpg 800w, https:\/\/agpnoticias.com\/news\/wp-content\/uploads\/2012\/06\/Luis-Altamirano-426x320.jpg 426w\" sizes=\"(max-width: 150px) 100vw, 150px\" \/><\/a><figcaption id=\"caption-attachment-12739\" class=\"wp-caption-text\">Luis Altamirano<\/figcaption><\/figure>\n<p>Cuando los Juveniles subieron a la primera fuerza, Mario P\u00e9rez tuvo que dejar la direcci\u00f3n del plantel, pues milita en la misma categor\u00eda precisamente con el equipo que los elimin\u00f3 en semifinales: Publicidad M\u00e1rquez.<\/p>\n<figure id=\"attachment_12740\" aria-describedby=\"caption-attachment-12740\" style=\"width: 134px\" class=\"wp-caption alignright\"><a href=\"http:\/\/agpnoticias.com\/news\/wp-content\/uploads\/2012\/06\/Omar-Aguilar.jpg\"><img loading=\"lazy\" decoding=\"async\" class=\"size-thumbnail wp-image-12740\" title=\"Omar Aguilar\" src=\"http:\/\/agpnoticias.com\/news\/wp-content\/uploads\/2012\/06\/Omar-Aguilar-134x150.jpg\" alt=\"\" width=\"134\" height=\"150\" srcset=\"https:\/\/agpnoticias.com\/news\/wp-content\/uploads\/2012\/06\/Omar-Aguilar-134x150.jpg 134w, https:\/\/agpnoticias.com\/news\/wp-content\/uploads\/2012\/06\/Omar-Aguilar-719x800.jpg 719w, https:\/\/agpnoticias.com\/news\/wp-content\/uploads\/2012\/06\/Omar-Aguilar-287x320.jpg 287w, https:\/\/agpnoticias.com\/news\/wp-content\/uploads\/2012\/06\/Omar-Aguilar.jpg 1864w\" sizes=\"(max-width: 134px) 100vw, 134px\" \/><\/a><figcaption id=\"caption-attachment-12740\" class=\"wp-caption-text\">Omar Aguilar<\/figcaption><\/figure>\n<p>\u201cTuvieron un muy buen torneo, pero cuando les toc\u00f3 jugar contra nosotros como que no se la creyeron\u201d, expres\u00f3.<\/p>\n<figure id=\"attachment_12741\" aria-describedby=\"caption-attachment-12741\" style=\"width: 110px\" class=\"wp-caption alignleft\"><a href=\"http:\/\/agpnoticias.com\/news\/wp-content\/uploads\/2012\/06\/Diego-Zumaya.jpg\"><img loading=\"lazy\" decoding=\"async\" class=\"size-thumbnail wp-image-12741\" title=\"Diego Zumaya\" src=\"http:\/\/agpnoticias.com\/news\/wp-content\/uploads\/2012\/06\/Diego-Zumaya-110x150.jpg\" alt=\"\" width=\"110\" height=\"150\" srcset=\"https:\/\/agpnoticias.com\/news\/wp-content\/uploads\/2012\/06\/Diego-Zumaya-110x150.jpg 110w, https:\/\/agpnoticias.com\/news\/wp-content\/uploads\/2012\/06\/Diego-Zumaya-588x800.jpg 588w, https:\/\/agpnoticias.com\/news\/wp-content\/uploads\/2012\/06\/Diego-Zumaya-235x320.jpg 235w, https:\/\/agpnoticias.com\/news\/wp-content\/uploads\/2012\/06\/Diego-Zumaya.jpg 1960w\" sizes=\"(max-width: 110px) 100vw, 110px\" \/><\/a><figcaption id=\"caption-attachment-12741\" class=\"wp-caption-text\">Diego Zumaya<\/figcaption><\/figure>\n<p>Para el pr\u00f3ximo torneo, los Juveniles \u201cdeben seguir trabajando duro, sin confiarse, para que su buen desempe\u00f1o no sea la pura emoci\u00f3n del primer torneo\u201d.<\/p>\n<p>Mario P\u00e9rez lleg\u00f3 al plantel llamado entonces Publicidad M\u00e1rquez en la Liga Municipal Infantil y Juvenil a principios de la d\u00e9cada pasada.<\/p>\n<figure id=\"attachment_12743\" aria-describedby=\"caption-attachment-12743\" style=\"width: 129px\" class=\"wp-caption alignright\"><a href=\"http:\/\/agpnoticias.com\/news\/wp-content\/uploads\/2012\/06\/Mario-P\u00e9rez-conoce-mejor-que-nadie-a-los-Juveniles.jpg\"><img loading=\"lazy\" decoding=\"async\" class=\"size-thumbnail wp-image-12743\" title=\"Mario P\u00e9rez conoce mejor que nadie a los Juveniles\" src=\"http:\/\/agpnoticias.com\/news\/wp-content\/uploads\/2012\/06\/Mario-P\u00e9rez-conoce-mejor-que-nadie-a-los-Juveniles-129x150.jpg\" alt=\"\" width=\"129\" height=\"150\" srcset=\"https:\/\/agpnoticias.com\/news\/wp-content\/uploads\/2012\/06\/Mario-P\u00e9rez-conoce-mejor-que-nadie-a-los-Juveniles-129x150.jpg 129w, https:\/\/agpnoticias.com\/news\/wp-content\/uploads\/2012\/06\/Mario-P\u00e9rez-conoce-mejor-que-nadie-a-los-Juveniles-691x800.jpg 691w, https:\/\/agpnoticias.com\/news\/wp-content\/uploads\/2012\/06\/Mario-P\u00e9rez-conoce-mejor-que-nadie-a-los-Juveniles-276x320.jpg 276w, https:\/\/agpnoticias.com\/news\/wp-content\/uploads\/2012\/06\/Mario-P\u00e9rez-conoce-mejor-que-nadie-a-los-Juveniles.jpg 1428w\" sizes=\"(max-width: 129px) 100vw, 129px\" \/><\/a><figcaption id=\"caption-attachment-12743\" class=\"wp-caption-text\">Mario P\u00e9rez conoce mejor que nadie a los Juveniles<\/figcaption><\/figure>\n<p>\u201cFueron ocho o nueve a\u00f1os los que dirig\u00ed al equipo porque mi hijo jugaba ah\u00ed y Carlos M\u00e1rquez me invit\u00f3 a formar parte del cuerpo t\u00e9cnico\u201d, record\u00f3.<\/p>\n<p>Su trabajo consisti\u00f3 en \u201capoyar para que los muchachos conocieran m\u00e1s sobre lo que es el beisbol\u201d.<\/p>\n<figure id=\"attachment_12744\" aria-describedby=\"caption-attachment-12744\" style=\"width: 150px\" class=\"wp-caption alignleft\"><a href=\"http:\/\/agpnoticias.com\/news\/wp-content\/uploads\/2012\/06\/Manuel-Carrillo-y-Jorge-Rivera-han-conducido-a-los-Juveniles.jpg\"><img loading=\"lazy\" decoding=\"async\" class=\"size-thumbnail wp-image-12744\" title=\"Manuel Carrillo y Jorge Rivera han conducido a los Juveniles\" src=\"http:\/\/agpnoticias.com\/news\/wp-content\/uploads\/2012\/06\/Manuel-Carrillo-y-Jorge-Rivera-han-conducido-a-los-Juveniles-150x142.jpg\" alt=\"\" width=\"150\" height=\"142\" srcset=\"https:\/\/agpnoticias.com\/news\/wp-content\/uploads\/2012\/06\/Manuel-Carrillo-y-Jorge-Rivera-han-conducido-a-los-Juveniles-150x142.jpg 150w, https:\/\/agpnoticias.com\/news\/wp-content\/uploads\/2012\/06\/Manuel-Carrillo-y-Jorge-Rivera-han-conducido-a-los-Juveniles-800x757.jpg 800w, https:\/\/agpnoticias.com\/news\/wp-content\/uploads\/2012\/06\/Manuel-Carrillo-y-Jorge-Rivera-han-conducido-a-los-Juveniles-338x320.jpg 338w, https:\/\/agpnoticias.com\/news\/wp-content\/uploads\/2012\/06\/Manuel-Carrillo-y-Jorge-Rivera-han-conducido-a-los-Juveniles.jpg 1800w\" sizes=\"(max-width: 150px) 100vw, 150px\" \/><\/a><figcaption id=\"caption-attachment-12744\" class=\"wp-caption-text\">Manuel Carrillo y Jorge Rivera, managers<\/figcaption><\/figure>\n<p>\u201cEllos empezaron desde (la categor\u00eda) escuelita y yo los tom\u00e9 como a los ocho y me los fui llevando; todos son muy buenos muchachos, buenos jugadores, y conforme el equipo avanz\u00f3 fue consiguiendo campeonatos\u201d, relat\u00f3.<\/p>\n<p>Ahora en primera fuerza, \u201cdesgraciadamente ya no puedo seguir dirigi\u00e9ndolos, pero me da mucho gusto ver su desarrollo\u201d.<\/p>\n<p>\u201cTal vez m\u00e1s adelante regrese con ellos\u201d, expres\u00f3.<\/p>\n<p><strong>Juveniles de Publicidad M\u00e1rquez<\/strong><\/p>\n<p>Manuel Carrillo<\/p>\n<p>Alex Araiza<\/p>\n<p>Ra\u00fal Carrillo<\/p>\n<p>Missael Casta\u00f1eda<\/p>\n<p>Armando Rodr\u00edguez<\/p>\n<p>Carlos Villavicencio<\/p>\n<p>Francisco Ching<\/p>\n<p>Juan Marchena<\/p>\n<p>Luis Altamirano<\/p>\n<p>H\u00e9ctor J\u00e1uregui<\/p>\n<p>Carlos M\u00e1rquez<\/p>\n<p>Iv\u00e1n Terrazas<\/p>\n<p>Mart\u00edn Liz\u00e1rraga<\/p>\n<p>Carlos Orozco<\/p>\n<p>Diego Zumaya<\/p>\n<p>Eduardo Arenas<\/p>\n<p>Omar Aguilar<\/p>\n<p>Francisco Campos<\/p>\n<p><strong><br \/>\n<\/strong><\/p>\n<p><strong>Jugadores fundadores<\/strong><\/p>\n<p>Manuel Carrillo<\/p>\n<p>Ra\u00fal Carrillo<\/p>\n<p>Carlos M\u00e1rquez<\/p>\n<p>Iv\u00e1n Terrazas<\/p>\n<p>Diego Zumaya<\/p>\n<p>Luis Altamirano<\/p>\n<p>H\u00e9ctor J\u00e1uregui<\/p>\n","protected":false},"excerpt":{"rendered":"<p>Ensenada, Baja California.- Cuando los Juveniles de Publicidad M\u00e1rquez decidieron incursionar en la categor\u00eda mayor&#8230;<\/p>\n","protected":false},"author":1,"featured_media":12746,"comment_status":"closed","ping_status":"closed","sticky":false,"template":"","format":"standard","meta":{"footnotes":""},"categories":[1,7,53,23],"tags":[],"class_list":["post-12722","post","type-post","status-publish","format-standard","has-post-thumbnail","hentry","category-uncategorized","category-deportes","category-municipal-de-ensenada","category-publicidad-marquez"],"_links":{"self":[{"href":"https:\/\/agpnoticias.com\/news\/index.php?rest_route=\/wp\/v2\/posts\/12722","targetHints":{"allow":["GET"]}}],"collection":[{"href":"https:\/\/agpnoticias.com\/news\/index.php?rest_route=\/wp\/v2\/posts"}],"about":[{"href":"https:\/\/agpnoticias.com\/news\/index.php?rest_route=\/wp\/v2\/types\/post"}],"author":[{"embeddable":true,"href":"https:\/\/agpnoticias.com\/news\/index.php?rest_route=\/wp\/v2\/users\/1"}],"replies":[{"embeddable":true,"href":"https:\/\/agpnoticias.com\/news\/index.php?rest_route=%2Fwp%2Fv2%2Fcomments&post=12722"}],"version-history":[{"count":8,"href":"https:\/\/agpnoticias.com\/news\/index.php?rest_route=\/wp\/v2\/posts\/12722\/revisions"}],"predecessor-version":[{"id":12752,"href":"https:\/\/agpnoticias.com\/news\/index.php?rest_route=\/wp\/v2\/posts\/12722\/revisions\/12752"}],"wp:featuredmedia":[{"embeddable":true,"href":"https:\/\/agpnoticias.com\/news\/index.php?rest_route=\/wp\/v2\/media\/12746"}],"wp:attachment":[{"href":"https:\/\/agpnoticias.com\/news\/index.php?rest_route=%2Fwp%2Fv2%2Fmedia&parent=12722"}],"wp:term":[{"taxonomy":"category","embeddable":true,"href":"https:\/\/agpnoticias.com\/news\/index.php?rest_route=%2Fwp%2Fv2%2Fcategories&post=12722"},{"taxonomy":"post_tag","embeddable":true,"href":"https:\/\/agpnoticias.com\/news\/index.php?rest_route=%2Fwp%2Fv2%2Ftags&post=12722"}],"curies":[{"name":"wp","href":"https:\/\/api.w.org\/{rel}","templated":true}]}}