{"id":12769,"date":"2012-06-13T04:17:48","date_gmt":"2012-06-13T12:17:48","guid":{"rendered":"http:\/\/agpnoticias.com\/news\/?p=12769"},"modified":"2012-10-01T22:09:25","modified_gmt":"2012-10-02T06:09:25","slug":"la-liga-instruccional-ya-esta-en-la-aebbc","status":"publish","type":"post","link":"https:\/\/agpnoticias.com\/news\/?p=12769","title":{"rendered":"EXCLUSIVA: La Liga Instruccional ya est\u00e1 en la AEBBC"},"content":{"rendered":"<p>Ensenada, Baja California.- La Liga Instruccional Infantil y Juvenil ya forma parte de la Asociaci\u00f3n Estatal de Beisbol de Baja California (Aebbc).<\/p>\n<p>El martes por la noche, Freddy Armando Lugo Valenzuela entreg\u00f3 la constancia de afiliaci\u00f3n y tom\u00f3 protesta a la mesa directiva del organismo ensenadense presidido por Marcelino C\u00f3rdova.<!--more--><\/p>\n<figure id=\"attachment_12771\" aria-describedby=\"caption-attachment-12771\" style=\"width: 150px\" class=\"wp-caption alignright\"><a href=\"http:\/\/agpnoticias.com\/news\/wp-content\/uploads\/2012\/06\/El-presidente-de-la-Aebbc-tom\u00f3-protesta-a-la-directiva-de-la-Liga-Instruccional.jpg\"><img decoding=\"async\" class=\"size-thumbnail wp-image-12771\" title=\"El presidente de la Aebbc tom\u00f3 protesta a la directiva de la Liga Instruccional\" src=\"http:\/\/agpnoticias.com\/news\/wp-content\/uploads\/2012\/06\/El-presidente-de-la-Aebbc-tom\u00f3-protesta-a-la-directiva-de-la-Liga-Instruccional-150x100.jpg\" alt=\"\" width=\"150\" height=\"100\" srcset=\"https:\/\/agpnoticias.com\/news\/wp-content\/uploads\/2012\/06\/El-presidente-de-la-Aebbc-tom\u00f3-protesta-a-la-directiva-de-la-Liga-Instruccional-150x100.jpg 150w, https:\/\/agpnoticias.com\/news\/wp-content\/uploads\/2012\/06\/El-presidente-de-la-Aebbc-tom\u00f3-protesta-a-la-directiva-de-la-Liga-Instruccional-478x320.jpg 478w, https:\/\/agpnoticias.com\/news\/wp-content\/uploads\/2012\/06\/El-presidente-de-la-Aebbc-tom\u00f3-protesta-a-la-directiva-de-la-Liga-Instruccional.jpg 640w\" sizes=\"(max-width: 150px) 100vw, 150px\" \/><\/a><figcaption id=\"caption-attachment-12771\" class=\"wp-caption-text\">El presidente de la Aebbc tom\u00f3 protesta a la directiva de la Liga Instruccional<\/figcaption><\/figure>\n<p>En el Restaurant El Cid, el presidente de la Aebbc inform\u00f3 que la Liga Instruccional ya puede participar en cualquier competencia federada, aunque a\u00fan falta que su directiva entregue el padr\u00f3n de jugadores.<\/p>\n<p>\u201cEstamos muy satisfechos por los ni\u00f1os y los pap\u00e1s, porque con la llegada de este tipo de ligas podremos contar con mayores logros como estado\u201d, refiri\u00f3.<\/p>\n<figure id=\"attachment_12772\" aria-describedby=\"caption-attachment-12772\" style=\"width: 150px\" class=\"wp-caption alignleft\"><a href=\"http:\/\/agpnoticias.com\/news\/wp-content\/uploads\/2012\/06\/Antes-de-tomar-protesta-Freddy-Lugo-anunci\u00f3-dos-sanciones-a-integrantes-de-la-Liga-Instruccional.jpg\"><img decoding=\"async\" class=\"size-thumbnail wp-image-12772\" title=\"Antes de tomar protesta, Freddy Lugo anunci\u00f3 dos sanciones a integrantes de la Liga Instruccional\" src=\"http:\/\/agpnoticias.com\/news\/wp-content\/uploads\/2012\/06\/Antes-de-tomar-protesta-Freddy-Lugo-anunci\u00f3-dos-sanciones-a-integrantes-de-la-Liga-Instruccional-150x100.jpg\" alt=\"\" width=\"150\" height=\"100\" srcset=\"https:\/\/agpnoticias.com\/news\/wp-content\/uploads\/2012\/06\/Antes-de-tomar-protesta-Freddy-Lugo-anunci\u00f3-dos-sanciones-a-integrantes-de-la-Liga-Instruccional-150x100.jpg 150w, https:\/\/agpnoticias.com\/news\/wp-content\/uploads\/2012\/06\/Antes-de-tomar-protesta-Freddy-Lugo-anunci\u00f3-dos-sanciones-a-integrantes-de-la-Liga-Instruccional-479x320.jpg 479w, https:\/\/agpnoticias.com\/news\/wp-content\/uploads\/2012\/06\/Antes-de-tomar-protesta-Freddy-Lugo-anunci\u00f3-dos-sanciones-a-integrantes-de-la-Liga-Instruccional.jpg 640w\" sizes=\"(max-width: 150px) 100vw, 150px\" \/><\/a><figcaption id=\"caption-attachment-12772\" class=\"wp-caption-text\">Antes de tomar protesta, Freddy Lugo anunci\u00f3 dos sanciones a integrantes de la Liga Instruccional<\/figcaption><\/figure>\n<p>En el acto, el directivo anunci\u00f3 que dos militantes de la Liga Instruccional, Guillermo Sol\u00eds y Francisco Xavier Ortega, no podr\u00e1n participar en ning\u00fan cargo, hasta que soliciten la revocaci\u00f3n de sus sanciones por escrito.<\/p>\n<p>Explic\u00f3 que \u201cla situaci\u00f3n de Memo es m\u00e1s sencilla porque \u00e9l fue coordinador de regi\u00f3n en la asociaci\u00f3n de ligas y s\u00f3lo tendr\u00eda que enviarnos una copia del documento donde renuncia a ese organismo para recibirlo de nuevo\u201d.<\/p>\n<figure id=\"attachment_12774\" aria-describedby=\"caption-attachment-12774\" style=\"width: 150px\" class=\"wp-caption alignright\"><a href=\"http:\/\/agpnoticias.com\/news\/wp-content\/uploads\/2012\/06\/Desde-el-martes-por-la-noche-la-liga-ensenadense-podr\u00e1-competir-en-eventos-oficiales.jpg\"><img decoding=\"async\" class=\"size-thumbnail wp-image-12774\" title=\"Desde el martes por la noche, la liga ensenadense podr\u00e1 competir en eventos oficiales\" src=\"http:\/\/agpnoticias.com\/news\/wp-content\/uploads\/2012\/06\/Desde-el-martes-por-la-noche-la-liga-ensenadense-podr\u00e1-competir-en-eventos-oficiales-150x100.jpg\" alt=\"\" width=\"150\" height=\"100\" srcset=\"https:\/\/agpnoticias.com\/news\/wp-content\/uploads\/2012\/06\/Desde-el-martes-por-la-noche-la-liga-ensenadense-podr\u00e1-competir-en-eventos-oficiales-150x100.jpg 150w, https:\/\/agpnoticias.com\/news\/wp-content\/uploads\/2012\/06\/Desde-el-martes-por-la-noche-la-liga-ensenadense-podr\u00e1-competir-en-eventos-oficiales-478x320.jpg 478w, https:\/\/agpnoticias.com\/news\/wp-content\/uploads\/2012\/06\/Desde-el-martes-por-la-noche-la-liga-ensenadense-podr\u00e1-competir-en-eventos-oficiales.jpg 640w\" sizes=\"(max-width: 150px) 100vw, 150px\" \/><\/a><figcaption id=\"caption-attachment-12774\" class=\"wp-caption-text\">Desde el martes por la noche, la liga ensenadense podr\u00e1 competir en eventos oficiales<\/figcaption><\/figure>\n<p>\u201cEl caso de Ortega es m\u00e1s complejo, porque \u00e9l aparece en un acta de congreso nacional donde consta que fue incitador del movimiento en contra del beisbol federado (Ligas Unidas)\u201d, apunt\u00f3.<\/p>\n<p>Por lo pronto, \u201cmientras no acudan a nosotros, ellos no pueden participar de ninguna forma en la Liga Instruccional\u201d.<\/p>\n<figure id=\"attachment_12776\" aria-describedby=\"caption-attachment-12776\" style=\"width: 100px\" class=\"wp-caption alignleft\"><a href=\"http:\/\/agpnoticias.com\/news\/wp-content\/uploads\/2012\/06\/Alberto-Mancilla-\u00c1valos-fue-el-principal-promotor-del-ingreso-de-la-liga-a-la-Aebbc.jpg\"><img loading=\"lazy\" decoding=\"async\" class=\"size-thumbnail wp-image-12776\" title=\"Alberto Mancilla fue el principal promotor del ingreso de la liga a la Aebbc\" src=\"http:\/\/agpnoticias.com\/news\/wp-content\/uploads\/2012\/06\/Alberto-Mancilla-\u00c1valos-fue-el-principal-promotor-del-ingreso-de-la-liga-a-la-Aebbc-100x150.jpg\" alt=\"\" width=\"100\" height=\"150\" srcset=\"https:\/\/agpnoticias.com\/news\/wp-content\/uploads\/2012\/06\/Alberto-Mancilla-\u00c1valos-fue-el-principal-promotor-del-ingreso-de-la-liga-a-la-Aebbc-100x150.jpg 100w, https:\/\/agpnoticias.com\/news\/wp-content\/uploads\/2012\/06\/Alberto-Mancilla-\u00c1valos-fue-el-principal-promotor-del-ingreso-de-la-liga-a-la-Aebbc-214x320.jpg 214w, https:\/\/agpnoticias.com\/news\/wp-content\/uploads\/2012\/06\/Alberto-Mancilla-\u00c1valos-fue-el-principal-promotor-del-ingreso-de-la-liga-a-la-Aebbc.jpg 428w\" sizes=\"(max-width: 100px) 100vw, 100px\" \/><\/a><figcaption id=\"caption-attachment-12776\" class=\"wp-caption-text\">Alberto Mancilla fue el principal promotor del ingreso de la liga a la Aebbc<\/figcaption><\/figure>\n<p>Momentos antes de recibir su constancia, Marcelino C\u00f3rdova inform\u00f3 que \u201cen m\u00e1ximo dos d\u00edas\u201d la Liga Instruccional entregar\u00e1 su padr\u00f3n de jugadores a la Asociaci\u00f3n Estatal de Beisbol.<\/p>\n<p>Por su parte, Alberto Mancilla \u00c1valos, directivo que promovi\u00f3 el ingreso de la liga a la asociaci\u00f3n estatal, calific\u00f3 la afiliaci\u00f3n como \u201cun gran paso para trabajar con tranquilidad\u201d.<\/p>\n<p>\u201cEn esta liga todos estamos relacionados con la liga mayor IC (Industrial Comercial) y esto nos permitir\u00e1 trabajar en paz y unidos por el bien de los ni\u00f1os\u201d, coment\u00f3.<\/p>\n<p>Al acto acudieron la mayor parte de los delegados de equipos que participan en la Liga Instruccional.<\/p>\n","protected":false},"excerpt":{"rendered":"<p>Ensenada, Baja California.- La Liga Instruccional Infantil y Juvenil ya forma parte de la Asociaci\u00f3n&#8230;<\/p>\n","protected":false},"author":1,"featured_media":12770,"comment_status":"closed","ping_status":"closed","sticky":false,"template":"","format":"standard","meta":{"footnotes":""},"categories":[1,7,29],"tags":[],"class_list":["post-12769","post","type-post","status-publish","format-standard","has-post-thumbnail","hentry","category-uncategorized","category-deportes","category-liga-instruccional-de-beisbol-de-ensenada"],"_links":{"self":[{"href":"https:\/\/agpnoticias.com\/news\/index.php?rest_route=\/wp\/v2\/posts\/12769","targetHints":{"allow":["GET"]}}],"collection":[{"href":"https:\/\/agpnoticias.com\/news\/index.php?rest_route=\/wp\/v2\/posts"}],"about":[{"href":"https:\/\/agpnoticias.com\/news\/index.php?rest_route=\/wp\/v2\/types\/post"}],"author":[{"embeddable":true,"href":"https:\/\/agpnoticias.com\/news\/index.php?rest_route=\/wp\/v2\/users\/1"}],"replies":[{"embeddable":true,"href":"https:\/\/agpnoticias.com\/news\/index.php?rest_route=%2Fwp%2Fv2%2Fcomments&post=12769"}],"version-history":[{"count":7,"href":"https:\/\/agpnoticias.com\/news\/index.php?rest_route=\/wp\/v2\/posts\/12769\/revisions"}],"predecessor-version":[{"id":16779,"href":"https:\/\/agpnoticias.com\/news\/index.php?rest_route=\/wp\/v2\/posts\/12769\/revisions\/16779"}],"wp:featuredmedia":[{"embeddable":true,"href":"https:\/\/agpnoticias.com\/news\/index.php?rest_route=\/wp\/v2\/media\/12770"}],"wp:attachment":[{"href":"https:\/\/agpnoticias.com\/news\/index.php?rest_route=%2Fwp%2Fv2%2Fmedia&parent=12769"}],"wp:term":[{"taxonomy":"category","embeddable":true,"href":"https:\/\/agpnoticias.com\/news\/index.php?rest_route=%2Fwp%2Fv2%2Fcategories&post=12769"},{"taxonomy":"post_tag","embeddable":true,"href":"https:\/\/agpnoticias.com\/news\/index.php?rest_route=%2Fwp%2Fv2%2Ftags&post=12769"}],"curies":[{"name":"wp","href":"https:\/\/api.w.org\/{rel}","templated":true}]}}