{"id":12799,"date":"2012-06-13T13:49:01","date_gmt":"2012-06-13T21:49:01","guid":{"rendered":"http:\/\/agpnoticias.com\/news\/?p=12799"},"modified":"2012-12-10T23:04:39","modified_gmt":"2012-12-11T06:04:39","slug":"la-aficion-de-baja-le-da-triunfo-a-los-herrera","status":"publish","type":"post","link":"https:\/\/agpnoticias.com\/news\/?p=12799","title":{"rendered":"La afici\u00f3n de Baja le da triunfo a los Herrera"},"content":{"rendered":"<p>Ensenada, Baja California.- V\u00edctor Herrera Junior y su pap\u00e1 V\u00edctor regresaron por la puerta grande a Score International al ganar la edici\u00f3n 44 de la carrera fuera de camino Baja 500 en la Clase 7 Libre.<\/p>\n<p>Los tijuanenses lograron salir bien librados de la exigente ruta de 450 millas, gracias a la ayuda de fans en la zona de Er\u00e9ndira, ya que la marea subi\u00f3 en esa parte de la traves\u00eda y los dej\u00f3 atorados.<!--more--><\/p>\n<p>\u201cEstuvimos como una hora atorados en Er\u00e9ndira, pero la gente viendo que \u00e9ramos mexicanos nos dio la mano con sus carros para sacarnos, les quise dar un dinero por el gran apoyo y no lo aceptaron, solo que mencion\u00e1ramos que gracias a ellos pudimos llegar a la meta\u201d indic\u00f3 Herrera Junior.<\/p>\n<p>Para Herrera, el nivel de competidores en la 7 fue muy bueno, especialmente por el duelazo que vivi\u00f3 con el californiano Dan Chamlee, quien los superaba y luego volv\u00eda a rebasarlo, algo que se dio hasta la zona de Er\u00e9ndira.<\/p>\n<p><strong>\u201cMe siento muy orgulloso de ganar por M\u00e9xico\u201d: Herrera<\/strong><\/p>\n<p>La \u00fanica carrera que les faltaba ganar a los Herrera era la 500 y eso se dio en esta edici\u00f3n 44, demostrando que est\u00e1n de vuelta y que son orgullosos representantes de M\u00e9xico.<\/p>\n<p>\u201cYa podemos decir que hemos ganado todo en Score en la 7, nos faltaba la 500 y ya la tenemos, la verdad que esta victoria es algo muy importante para nosotros y todo el equipo Herrera Motorsports\u201d se\u00f1al\u00f3 el tijuanense.<\/p>\n<p>Acerca de sus planes en la 1000, V\u00edctor Junior no sabe en que clase correr\u00e1, pero afirm\u00f3 que no se la pierde al ser este a\u00f1o la traves\u00eda Ensenada-La Paz y pensando en obtener otro gran resultado para la Armada Mexicana.<\/p>\n<p>Otros problemas que tuvieron los mexicanos fueron un par de ponchadas, primero una de V\u00edctor Se\u00f1or y posteriormente una de noche en la milla 228 de V\u00edctor Junior.<\/p>\n","protected":false},"excerpt":{"rendered":"<p>Ensenada, Baja California.- V\u00edctor Herrera Junior y su pap\u00e1 V\u00edctor regresaron por la puerta grande&#8230;<\/p>\n","protected":false},"author":1,"featured_media":12800,"comment_status":"closed","ping_status":"closed","sticky":false,"template":"","format":"standard","meta":{"footnotes":""},"categories":[1,37,7],"tags":[],"class_list":["post-12799","post","type-post","status-publish","format-standard","has-post-thumbnail","hentry","category-uncategorized","category-off-road","category-deportes"],"_links":{"self":[{"href":"https:\/\/agpnoticias.com\/news\/index.php?rest_route=\/wp\/v2\/posts\/12799","targetHints":{"allow":["GET"]}}],"collection":[{"href":"https:\/\/agpnoticias.com\/news\/index.php?rest_route=\/wp\/v2\/posts"}],"about":[{"href":"https:\/\/agpnoticias.com\/news\/index.php?rest_route=\/wp\/v2\/types\/post"}],"author":[{"embeddable":true,"href":"https:\/\/agpnoticias.com\/news\/index.php?rest_route=\/wp\/v2\/users\/1"}],"replies":[{"embeddable":true,"href":"https:\/\/agpnoticias.com\/news\/index.php?rest_route=%2Fwp%2Fv2%2Fcomments&post=12799"}],"version-history":[{"count":3,"href":"https:\/\/agpnoticias.com\/news\/index.php?rest_route=\/wp\/v2\/posts\/12799\/revisions"}],"predecessor-version":[{"id":21130,"href":"https:\/\/agpnoticias.com\/news\/index.php?rest_route=\/wp\/v2\/posts\/12799\/revisions\/21130"}],"wp:featuredmedia":[{"embeddable":true,"href":"https:\/\/agpnoticias.com\/news\/index.php?rest_route=\/wp\/v2\/media\/12800"}],"wp:attachment":[{"href":"https:\/\/agpnoticias.com\/news\/index.php?rest_route=%2Fwp%2Fv2%2Fmedia&parent=12799"}],"wp:term":[{"taxonomy":"category","embeddable":true,"href":"https:\/\/agpnoticias.com\/news\/index.php?rest_route=%2Fwp%2Fv2%2Fcategories&post=12799"},{"taxonomy":"post_tag","embeddable":true,"href":"https:\/\/agpnoticias.com\/news\/index.php?rest_route=%2Fwp%2Fv2%2Ftags&post=12799"}],"curies":[{"name":"wp","href":"https:\/\/api.w.org\/{rel}","templated":true}]}}