{"id":1282104,"date":"2014-09-20T16:08:20","date_gmt":"2014-09-20T23:08:20","guid":{"rendered":"http:\/\/agpnoticias.com\/news\/?p=1282104"},"modified":"2014-09-20T16:08:22","modified_gmt":"2014-09-20T23:08:22","slug":"inauguran-burocratas-nueva-competencia","status":"publish","type":"post","link":"https:\/\/agpnoticias.com\/news\/?p=1282104","title":{"rendered":"Inauguran Bur\u00f3cratas nueva competencia"},"content":{"rendered":"<figure id=\"attachment_1282144\" aria-describedby=\"caption-attachment-1282144\" style=\"width: 800px\" class=\"wp-caption aligncenter\"><a href=\"http:\/\/agpnoticias.com\/news\/uncategorized\/inauguran-burocratas-nueva-competencia\/attachment\/sony-dsc-952\/\" rel=\"attachment wp-att-1282144\"><img fetchpriority=\"high\" decoding=\"async\" class=\"size-full wp-image-1282144\" src=\"http:\/\/agpnoticias.com\/news\/wp-content\/uploads\/2014\/09\/El-gimnasio-de-la-UABC-fue-sede-de-la-ceremonia-bur\u00f3crata.jpg\" alt=\"El gimnasio de la UABC fue sede del acto\" width=\"800\" height=\"501\" srcset=\"https:\/\/agpnoticias.com\/news\/wp-content\/uploads\/2014\/09\/El-gimnasio-de-la-UABC-fue-sede-de-la-ceremonia-bur\u00f3crata.jpg 800w, https:\/\/agpnoticias.com\/news\/wp-content\/uploads\/2014\/09\/El-gimnasio-de-la-UABC-fue-sede-de-la-ceremonia-bur\u00f3crata-200x125.jpg 200w, https:\/\/agpnoticias.com\/news\/wp-content\/uploads\/2014\/09\/El-gimnasio-de-la-UABC-fue-sede-de-la-ceremonia-bur\u00f3crata-600x375.jpg 600w\" sizes=\"(max-width: 800px) 100vw, 800px\" \/><\/a><figcaption id=\"caption-attachment-1282144\" class=\"wp-caption-text\">El gimnasio de la UABC fue sede del acto<\/figcaption><\/figure>\n<figure id=\"attachment_1282149\" aria-describedby=\"caption-attachment-1282149\" style=\"width: 133px\" class=\"wp-caption alignleft\"><a href=\"http:\/\/agpnoticias.com\/news\/uncategorized\/inauguran-burocratas-nueva-competencia\/attachment\/la-trayectoria-de-angel-franco-fue-reconocida\/\" rel=\"attachment wp-att-1282149\"><img decoding=\"async\" class=\"size-thumbnail wp-image-1282149\" src=\"http:\/\/agpnoticias.com\/news\/wp-content\/uploads\/2014\/09\/La-trayectoria-de-\u00c1ngel-Franco-fue-reconocida-133x200.jpg\" alt=\"La trayectoria de \u00c1ngel Franco fue reconocida\" width=\"133\" height=\"200\" srcset=\"https:\/\/agpnoticias.com\/news\/wp-content\/uploads\/2014\/09\/La-trayectoria-de-\u00c1ngel-Franco-fue-reconocida-133x200.jpg 133w, https:\/\/agpnoticias.com\/news\/wp-content\/uploads\/2014\/09\/La-trayectoria-de-\u00c1ngel-Franco-fue-reconocida.jpg 533w\" sizes=\"(max-width: 133px) 100vw, 133px\" \/><\/a><figcaption id=\"caption-attachment-1282149\" class=\"wp-caption-text\">La trayectoria de \u00c1ngel Franco fue reconocida<\/figcaption><\/figure>\n<figure id=\"attachment_1282150\" aria-describedby=\"caption-attachment-1282150\" style=\"width: 147px\" class=\"wp-caption alignright\"><a href=\"http:\/\/agpnoticias.com\/news\/uncategorized\/inauguran-burocratas-nueva-competencia\/attachment\/alfonso-villegas-con-la-placa-que-reconoce-su-trayectoria-en-el-deporte-burocrata\/\" rel=\"attachment wp-att-1282150\"><img decoding=\"async\" class=\"size-thumbnail wp-image-1282150\" src=\"http:\/\/agpnoticias.com\/news\/wp-content\/uploads\/2014\/09\/Alfonso-Villegas-con-la-placa-que-reconoce-su-trayectoria-en-el-deporte-bur\u00f3crata-147x200.jpg\" alt=\"Alfonso Villegas con la placa que reconoce su trayectoria en el deporte bur\u00f3crata\" width=\"147\" height=\"200\" srcset=\"https:\/\/agpnoticias.com\/news\/wp-content\/uploads\/2014\/09\/Alfonso-Villegas-con-la-placa-que-reconoce-su-trayectoria-en-el-deporte-bur\u00f3crata-147x200.jpg 147w, https:\/\/agpnoticias.com\/news\/wp-content\/uploads\/2014\/09\/Alfonso-Villegas-con-la-placa-que-reconoce-su-trayectoria-en-el-deporte-bur\u00f3crata.jpg 589w\" sizes=\"(max-width: 147px) 100vw, 147px\" \/><\/a><figcaption id=\"caption-attachment-1282150\" class=\"wp-caption-text\">Alfonso Villegas con la placa que reconoce su trayectoria en el deporte bur\u00f3crata<\/figcaption><\/figure>\n<p>Ensenada, Baja California.- El Sindicato de Bur\u00f3cratas inaugur\u00f3 los juegos deportivos que conmemoran su aniversario 77 y reconoci\u00f3 las trayectorias de tres deportistas sobresalientes surgidos de sus filas.<\/p>\n<p>El gimnasio de la UABC Valle Dorado fue el escenario de la ceremonia encabezada por el Secretario General de la burocracia en Ensenada, Jos\u00e9 Antonio Anguiano Ortega.<\/p>\n<p>Por la duela desfilaron los equipos que competir\u00e1n en la nueva justa tanto en las disciplinas de Futbol como en Softbol donde ser\u00e1n reconocidas las trayectorias de los deportistas bur\u00f3cratas Romualdo Ramos, Alfonso Villegas y \u00c1ngel Franco.<\/p>\n<p>Alfonso Villegas inici\u00f3 su trayectoria con el equipo de Softbol T\u00f3mate Una en 1999 cuando fue campe\u00f3n jonronero, adem\u00e1s de contar con campeonatos en las temporadas 2007, 2008, 2009, 2011 y 2012.<\/p>\n<figure id=\"attachment_1282153\" aria-describedby=\"caption-attachment-1282153\" style=\"width: 173px\" class=\"wp-caption alignleft\"><a href=\"http:\/\/agpnoticias.com\/news\/uncategorized\/inauguran-burocratas-nueva-competencia\/attachment\/el-sindicato-de-burocratas-inauguro-su-nuevo-torneo\/\" rel=\"attachment wp-att-1282153\"><img loading=\"lazy\" decoding=\"async\" class=\"size-thumbnail wp-image-1282153\" src=\"http:\/\/agpnoticias.com\/news\/wp-content\/uploads\/2014\/09\/El-Sindicato-de-Bur\u00f3cratas-inaugur\u00f3-su-nuevo-torneo-173x200.jpg\" alt=\"El Sindicato de Bur\u00f3cratas inaugur\u00f3 su nuevo torneo\" width=\"173\" height=\"200\" srcset=\"https:\/\/agpnoticias.com\/news\/wp-content\/uploads\/2014\/09\/El-Sindicato-de-Bur\u00f3cratas-inaugur\u00f3-su-nuevo-torneo-173x200.jpg 173w, https:\/\/agpnoticias.com\/news\/wp-content\/uploads\/2014\/09\/El-Sindicato-de-Bur\u00f3cratas-inaugur\u00f3-su-nuevo-torneo.jpg 600w\" sizes=\"(max-width: 173px) 100vw, 173px\" \/><\/a><figcaption id=\"caption-attachment-1282153\" class=\"wp-caption-text\">El Sindicato de Bur\u00f3cratas inaugur\u00f3 su nuevo torneo<\/figcaption><\/figure>\n<p>Y \u00c1ngel Franco participa desde 1990 con el equipo<\/p>\n<figure id=\"attachment_1282169\" aria-describedby=\"caption-attachment-1282169\" style=\"width: 200px\" class=\"wp-caption alignright\"><a href=\"http:\/\/agpnoticias.com\/news\/uncategorized\/inauguran-burocratas-nueva-competencia\/attachment\/romualdo-ramos-tambien-fue-reconocido\/\" rel=\"attachment wp-att-1282169\"><img loading=\"lazy\" decoding=\"async\" class=\"size-thumbnail wp-image-1282169\" src=\"http:\/\/agpnoticias.com\/news\/wp-content\/uploads\/2014\/09\/Romualdo-Ramos-tambi\u00e9n-fue-reconocido-200x181.jpg\" alt=\"Romualdo Ramos tambi\u00e9n fue reconocido\" width=\"200\" height=\"181\" srcset=\"https:\/\/agpnoticias.com\/news\/wp-content\/uploads\/2014\/09\/Romualdo-Ramos-tambi\u00e9n-fue-reconocido-200x181.jpg 200w, https:\/\/agpnoticias.com\/news\/wp-content\/uploads\/2014\/09\/Romualdo-Ramos-tambi\u00e9n-fue-reconocido-600x544.jpg 600w, https:\/\/agpnoticias.com\/news\/wp-content\/uploads\/2014\/09\/Romualdo-Ramos-tambi\u00e9n-fue-reconocido.jpg 661w\" sizes=\"(max-width: 200px) 100vw, 200px\" \/><\/a><figcaption id=\"caption-attachment-1282169\" class=\"wp-caption-text\">Romualdo Ramos tambi\u00e9n fue reconocido<\/figcaption><\/figure>\n<p>Tatankas con logros como un juego sin hit en 1993; tambi\u00e9n ha jugado con Rockies, Cerveceros y Miserables hasta que lleg\u00f3 a su actual plantel Facturaci\u00f3n.<\/p>\n<p>Por su parte, Romualdo Ramos juega futbol bur\u00f3crata desde que apareci\u00f3 con Departamento de Limpia y luego con Parques y Jardines y Vialidades.<\/p>\n<p>Adem\u00e1s, durante la ceremonia coordinada por el responsable de fomento al deporte, Hugo D\u00edaz Castro, hubo un espect\u00e1culo a cargo del Grupo Goshn Tae Kwon Do In Action<\/p>\n<p>En el acto, al que acudieron representantes de las autoridades estatales y municipales, fueron premiados los mejores equipos del pasado torneo Alfonso Villegas.<\/p>\n<p><strong>Premiaci\u00f3n<\/strong><\/p>\n<p><strong>Categor\u00eda Segunda Fuerza A<\/strong><\/p>\n<p>Campe\u00f3n: Rastro Municipal<\/p>\n<p>Sub Campe\u00f3n: Rockies de Cespe<\/p>\n<p>Pitcher Campe\u00f3n: Alejandro Chavira (Rastro)<\/p>\n<p>Campe\u00f3n de Bateo: Arturo Navarro (Club Amigos)<\/p>\n<p>Campe\u00f3n Jonronero: Jorge \u00c1lvarez (Titanes)<\/p>\n<p><strong>Categor\u00eda Segunda Fuerza B<\/strong><\/p>\n<p>Campe\u00f3n: Alumbrado P\u00fablico<\/p>\n<p>Sub Campe\u00f3n: Cascaritas<\/p>\n<p>Tercer Lugar: Bomberos B<\/p>\n<p>Pitcher Campe\u00f3n: Jos\u00e9 Castillo (Fender)<\/p>\n<p>Campe\u00f3n Bateador: Luis \u00c1lvarez (Cascaritas)<\/p>\n<figure id=\"attachment_1282160\" aria-describedby=\"caption-attachment-1282160\" style=\"width: 800px\" class=\"wp-caption aligncenter\"><a href=\"http:\/\/agpnoticias.com\/news\/uncategorized\/inauguran-burocratas-nueva-competencia\/attachment\/el-lider-de-los-burocratas-reconocio-al-campeon-rastro-municipal\/\" rel=\"attachment wp-att-1282160\"><img loading=\"lazy\" decoding=\"async\" class=\"size-full wp-image-1282160\" src=\"http:\/\/agpnoticias.com\/news\/wp-content\/uploads\/2014\/09\/El-l\u00edder-de-los-bur\u00f3cratas-reconoci\u00f3-al-campe\u00f3n-Rastro-Municipal.jpg\" alt=\"El l\u00edder de los bur\u00f3cratas reconoci\u00f3 al campe\u00f3n Rastro Municipal\" width=\"800\" height=\"505\" srcset=\"https:\/\/agpnoticias.com\/news\/wp-content\/uploads\/2014\/09\/El-l\u00edder-de-los-bur\u00f3cratas-reconoci\u00f3-al-campe\u00f3n-Rastro-Municipal.jpg 800w, https:\/\/agpnoticias.com\/news\/wp-content\/uploads\/2014\/09\/El-l\u00edder-de-los-bur\u00f3cratas-reconoci\u00f3-al-campe\u00f3n-Rastro-Municipal-200x126.jpg 200w, https:\/\/agpnoticias.com\/news\/wp-content\/uploads\/2014\/09\/El-l\u00edder-de-los-bur\u00f3cratas-reconoci\u00f3-al-campe\u00f3n-Rastro-Municipal-600x378.jpg 600w\" sizes=\"(max-width: 800px) 100vw, 800px\" \/><\/a><figcaption id=\"caption-attachment-1282160\" class=\"wp-caption-text\">El l\u00edder de los bur\u00f3cratas reconoci\u00f3 al campe\u00f3n Rastro Municipal<\/figcaption><\/figure>\n<figure id=\"attachment_1282162\" aria-describedby=\"caption-attachment-1282162\" style=\"width: 600px\" class=\"wp-caption aligncenter\"><a href=\"http:\/\/agpnoticias.com\/news\/uncategorized\/inauguran-burocratas-nueva-competencia\/attachment\/alejandro-chavira-pitcher-campeon-de-segunda-fuerza-a-2\/\" rel=\"attachment wp-att-1282162\"><img loading=\"lazy\" decoding=\"async\" class=\"size-full wp-image-1282162\" src=\"http:\/\/agpnoticias.com\/news\/wp-content\/uploads\/2014\/09\/Alejandro-Chavira-pitcher-campe\u00f3n-de-Segunda-Fuerza-A1.jpg\" alt=\"Alejandro Chavira, pitcher campe\u00f3n de Segunda Fuerza A\" width=\"600\" height=\"631\" srcset=\"https:\/\/agpnoticias.com\/news\/wp-content\/uploads\/2014\/09\/Alejandro-Chavira-pitcher-campe\u00f3n-de-Segunda-Fuerza-A1.jpg 600w, https:\/\/agpnoticias.com\/news\/wp-content\/uploads\/2014\/09\/Alejandro-Chavira-pitcher-campe\u00f3n-de-Segunda-Fuerza-A1-190x200.jpg 190w\" sizes=\"(max-width: 600px) 100vw, 600px\" \/><\/a><figcaption id=\"caption-attachment-1282162\" class=\"wp-caption-text\">Alejandro Chavira, pitcher campe\u00f3n de Segunda Fuerza A<\/figcaption><\/figure>\n<figure id=\"attachment_1282163\" aria-describedby=\"caption-attachment-1282163\" style=\"width: 800px\" class=\"wp-caption aligncenter\"><a href=\"http:\/\/agpnoticias.com\/news\/uncategorized\/inauguran-burocratas-nueva-competencia\/attachment\/arturo-navarro-campeon-de-bateo-con-club-amigos\/\" rel=\"attachment wp-att-1282163\"><img loading=\"lazy\" decoding=\"async\" class=\"size-full wp-image-1282163\" src=\"http:\/\/agpnoticias.com\/news\/wp-content\/uploads\/2014\/09\/Arturo-Navarro-campe\u00f3n-de-bateo-con-Club-Amigos.jpg\" alt=\"Arturo Navarro, campe\u00f3n de bateo con Club Amigos\" width=\"800\" height=\"587\" srcset=\"https:\/\/agpnoticias.com\/news\/wp-content\/uploads\/2014\/09\/Arturo-Navarro-campe\u00f3n-de-bateo-con-Club-Amigos.jpg 800w, https:\/\/agpnoticias.com\/news\/wp-content\/uploads\/2014\/09\/Arturo-Navarro-campe\u00f3n-de-bateo-con-Club-Amigos-200x146.jpg 200w, https:\/\/agpnoticias.com\/news\/wp-content\/uploads\/2014\/09\/Arturo-Navarro-campe\u00f3n-de-bateo-con-Club-Amigos-600x440.jpg 600w\" sizes=\"(max-width: 800px) 100vw, 800px\" \/><\/a><figcaption id=\"caption-attachment-1282163\" class=\"wp-caption-text\">Arturo Navarro, campe\u00f3n de bateo con Club Amigos<\/figcaption><\/figure>\n<figure id=\"attachment_1282165\" aria-describedby=\"caption-attachment-1282165\" style=\"width: 781px\" class=\"wp-caption aligncenter\"><a href=\"http:\/\/agpnoticias.com\/news\/uncategorized\/inauguran-burocratas-nueva-competencia\/attachment\/alumbrado-publico-campeon-de-segunda-b\/\" rel=\"attachment wp-att-1282165\"><img loading=\"lazy\" decoding=\"async\" class=\"size-full wp-image-1282165\" src=\"http:\/\/agpnoticias.com\/news\/wp-content\/uploads\/2014\/09\/Alumbrado-P\u00fablico-campe\u00f3n-de-Segunda-B.jpg\" alt=\"Alumbrado P\u00fablico, campe\u00f3n de Segunda B\" width=\"781\" height=\"600\" srcset=\"https:\/\/agpnoticias.com\/news\/wp-content\/uploads\/2014\/09\/Alumbrado-P\u00fablico-campe\u00f3n-de-Segunda-B.jpg 781w, https:\/\/agpnoticias.com\/news\/wp-content\/uploads\/2014\/09\/Alumbrado-P\u00fablico-campe\u00f3n-de-Segunda-B-200x153.jpg 200w, https:\/\/agpnoticias.com\/news\/wp-content\/uploads\/2014\/09\/Alumbrado-P\u00fablico-campe\u00f3n-de-Segunda-B-600x460.jpg 600w\" sizes=\"(max-width: 781px) 100vw, 781px\" \/><\/a><figcaption id=\"caption-attachment-1282165\" class=\"wp-caption-text\">Alumbrado P\u00fablico, campe\u00f3n de Segunda B<\/figcaption><\/figure>\n","protected":false},"excerpt":{"rendered":"<p>Ensenada, Baja California.- El Sindicato de Bur\u00f3cratas inaugur\u00f3 los juegos deportivos que conmemoran su aniversario&#8230;<\/p>\n","protected":false},"author":1,"featured_media":1282144,"comment_status":"closed","ping_status":"closed","sticky":false,"template":"","format":"standard","meta":{"footnotes":""},"categories":[1,7],"tags":[],"class_list":["post-1282104","post","type-post","status-publish","format-standard","has-post-thumbnail","hentry","category-uncategorized","category-deportes"],"_links":{"self":[{"href":"https:\/\/agpnoticias.com\/news\/index.php?rest_route=\/wp\/v2\/posts\/1282104","targetHints":{"allow":["GET"]}}],"collection":[{"href":"https:\/\/agpnoticias.com\/news\/index.php?rest_route=\/wp\/v2\/posts"}],"about":[{"href":"https:\/\/agpnoticias.com\/news\/index.php?rest_route=\/wp\/v2\/types\/post"}],"author":[{"embeddable":true,"href":"https:\/\/agpnoticias.com\/news\/index.php?rest_route=\/wp\/v2\/users\/1"}],"replies":[{"embeddable":true,"href":"https:\/\/agpnoticias.com\/news\/index.php?rest_route=%2Fwp%2Fv2%2Fcomments&post=1282104"}],"version-history":[{"count":4,"href":"https:\/\/agpnoticias.com\/news\/index.php?rest_route=\/wp\/v2\/posts\/1282104\/revisions"}],"predecessor-version":[{"id":1282183,"href":"https:\/\/agpnoticias.com\/news\/index.php?rest_route=\/wp\/v2\/posts\/1282104\/revisions\/1282183"}],"wp:featuredmedia":[{"embeddable":true,"href":"https:\/\/agpnoticias.com\/news\/index.php?rest_route=\/wp\/v2\/media\/1282144"}],"wp:attachment":[{"href":"https:\/\/agpnoticias.com\/news\/index.php?rest_route=%2Fwp%2Fv2%2Fmedia&parent=1282104"}],"wp:term":[{"taxonomy":"category","embeddable":true,"href":"https:\/\/agpnoticias.com\/news\/index.php?rest_route=%2Fwp%2Fv2%2Fcategories&post=1282104"},{"taxonomy":"post_tag","embeddable":true,"href":"https:\/\/agpnoticias.com\/news\/index.php?rest_route=%2Fwp%2Fv2%2Ftags&post=1282104"}],"curies":[{"name":"wp","href":"https:\/\/api.w.org\/{rel}","templated":true}]}}