{"id":12835,"date":"2012-06-14T17:51:57","date_gmt":"2012-06-15T01:51:57","guid":{"rendered":"http:\/\/agpnoticias.com\/news\/?p=12835"},"modified":"2012-07-29T15:56:06","modified_gmt":"2012-07-29T23:56:06","slug":"oro-y-plata-para-corral-en-olimpiada-nacional","status":"publish","type":"post","link":"https:\/\/agpnoticias.com\/news\/?p=12835","title":{"rendered":"Oro y plata para Corral en Olimpiada Nacional"},"content":{"rendered":"<p>Puebla, Puebla.- S\u00f3lo para robustecer su historial en Olimpiadas Nacionales, Daniel Corral Barr\u00f3n gan\u00f3 la medalla de oro en arzones durante la jornada de jueves en Puebla, Puebla.<\/p>\n<p>Como parte del cierre de su preparaci\u00f3n rumbo a los Juegos Ol\u00edmpicos de Londres, el ensenadense obtuvo el oro en arzones con puntuaci\u00f3n de 15.000, as\u00ed como una plata en barras paralelas.<!--more--><\/p>\n<figure id=\"attachment_12837\" aria-describedby=\"caption-attachment-12837\" style=\"width: 123px\" class=\"wp-caption alignright\"><a href=\"http:\/\/agpnoticias.com\/news\/wp-content\/uploads\/2012\/06\/En-barras-conquist\u00f3-plata.jpg\"><img decoding=\"async\" class=\"size-thumbnail wp-image-12837\" title=\"En barras conquist\u00f3 plata\" src=\"http:\/\/agpnoticias.com\/news\/wp-content\/uploads\/2012\/06\/En-barras-conquist\u00f3-plata-123x150.jpg\" alt=\"\" width=\"123\" height=\"150\" srcset=\"https:\/\/agpnoticias.com\/news\/wp-content\/uploads\/2012\/06\/En-barras-conquist\u00f3-plata-123x150.jpg 123w, https:\/\/agpnoticias.com\/news\/wp-content\/uploads\/2012\/06\/En-barras-conquist\u00f3-plata-657x800.jpg 657w, https:\/\/agpnoticias.com\/news\/wp-content\/uploads\/2012\/06\/En-barras-conquist\u00f3-plata-263x320.jpg 263w, https:\/\/agpnoticias.com\/news\/wp-content\/uploads\/2012\/06\/En-barras-conquist\u00f3-plata.jpg 1000w\" sizes=\"(max-width: 123px) 100vw, 123px\" \/><\/a><figcaption id=\"caption-attachment-12837\" class=\"wp-caption-text\">En barras conquist\u00f3 plata<\/figcaption><\/figure>\n<p>En ese aparato Corral sum\u00f3 13.650 de calificaci\u00f3n, superado por el regio Javier Balboa (13.800), quien actualmente estudia en los Estados Unidos y compite dentro de la NCAA con los Hawkeyes de la Universidad de Iowa.<\/p>\n<p>\u201cParticipar en una olimpiada es algo padre, una buena experiencia, y ahora lo que hicimos fue incorporar elementos nuevos en los aparatos en los que participamos\u201d, explic\u00f3<\/p>\n<figure id=\"attachment_12846\" aria-describedby=\"caption-attachment-12846\" style=\"width: 126px\" class=\"wp-caption alignleft\"><a href=\"http:\/\/agpnoticias.com\/news\/wp-content\/uploads\/2012\/06\/Las-barras-son-una-de-las-pruebas-donde-el-gimnasta-de-B.C.-ha-destacado-a-nivel-internacional.jpg\"><img decoding=\"async\" class=\"size-thumbnail wp-image-12846\" title=\"Las barras son una de las pruebas donde el gimnasta de B.C. ha destacado a nivel internacional\" src=\"http:\/\/agpnoticias.com\/news\/wp-content\/uploads\/2012\/06\/Las-barras-son-una-de-las-pruebas-donde-el-gimnasta-de-B.C.-ha-destacado-a-nivel-internacional-126x150.jpg\" alt=\"\" width=\"126\" height=\"150\" srcset=\"https:\/\/agpnoticias.com\/news\/wp-content\/uploads\/2012\/06\/Las-barras-son-una-de-las-pruebas-donde-el-gimnasta-de-B.C.-ha-destacado-a-nivel-internacional-126x150.jpg 126w, https:\/\/agpnoticias.com\/news\/wp-content\/uploads\/2012\/06\/Las-barras-son-una-de-las-pruebas-donde-el-gimnasta-de-B.C.-ha-destacado-a-nivel-internacional-676x800.jpg 676w, https:\/\/agpnoticias.com\/news\/wp-content\/uploads\/2012\/06\/Las-barras-son-una-de-las-pruebas-donde-el-gimnasta-de-B.C.-ha-destacado-a-nivel-internacional-270x320.jpg 270w, https:\/\/agpnoticias.com\/news\/wp-content\/uploads\/2012\/06\/Las-barras-son-una-de-las-pruebas-donde-el-gimnasta-de-B.C.-ha-destacado-a-nivel-internacional.jpg 1100w\" sizes=\"(max-width: 126px) 100vw, 126px\" \/><\/a><figcaption id=\"caption-attachment-12846\" class=\"wp-caption-text\">Las barras son una de las pruebas donde el gimnasta de B.C. ha destacado a nivel internacional<\/figcaption><\/figure>\n<p>Las barras paralelas son uno de los aparatos donde el bajacaliforniano aspira a clasificar como finalista en Juegos Ol\u00edmpicos, pero en esta ocasi\u00f3n present\u00f3 adecuaciones encaminadas a adaptarse a un mayor grado de dificultad.<\/p>\n<figure id=\"attachment_12850\" aria-describedby=\"caption-attachment-12850\" style=\"width: 150px\" class=\"wp-caption alignright\"><a href=\"http:\/\/agpnoticias.com\/news\/wp-content\/uploads\/2012\/06\/Antes-de-Londres-Daniel-Corral-hizo-una-escala-en-Puebla.jpg\"><img decoding=\"async\" class=\"size-thumbnail wp-image-12850\" title=\"Antes de Londres, Daniel Corral hizo una escala en O.N.\" src=\"http:\/\/agpnoticias.com\/news\/wp-content\/uploads\/2012\/06\/Antes-de-Londres-Daniel-Corral-hizo-una-escala-en-Puebla-150x116.jpg\" alt=\"\" width=\"150\" height=\"116\" srcset=\"https:\/\/agpnoticias.com\/news\/wp-content\/uploads\/2012\/06\/Antes-de-Londres-Daniel-Corral-hizo-una-escala-en-Puebla-150x116.jpg 150w, https:\/\/agpnoticias.com\/news\/wp-content\/uploads\/2012\/06\/Antes-de-Londres-Daniel-Corral-hizo-una-escala-en-Puebla-800x620.jpg 800w, https:\/\/agpnoticias.com\/news\/wp-content\/uploads\/2012\/06\/Antes-de-Londres-Daniel-Corral-hizo-una-escala-en-Puebla-412x320.jpg 412w, https:\/\/agpnoticias.com\/news\/wp-content\/uploads\/2012\/06\/Antes-de-Londres-Daniel-Corral-hizo-una-escala-en-Puebla.jpg 1200w\" sizes=\"(max-width: 150px) 100vw, 150px\" \/><\/a><figcaption id=\"caption-attachment-12850\" class=\"wp-caption-text\">Antes de Londres, Daniel Corral hizo una escala en O.N.<\/figcaption><\/figure>\n<p>\u201cTuvimos algunas fallas, pero es parte de los cambios y de lo que estamos practicando para los Juegos Ol\u00edmpicos y que tambi\u00e9n estuvimos incorporando en la Copa Challenger en B\u00e9lgica\u201d, coment\u00f3 tras su actuaci\u00f3n.<\/p>\n<p>Despu\u00e9s de su participaci\u00f3n en Puebla, la producci\u00f3n de Daniel Corral en once ediciones de Olimpiada Nacional qued\u00f3 en 57 oros, 14 platas y 13 bronces.<\/p>\n<p>Ahora regresar\u00e1 a Ensenada para cerrar su preparaci\u00f3n rumbo a Londres 2012.<\/p>\n<p>Informaci\u00f3n y fotograf\u00edas: Instituto del Deporte y la Cultura F\u00edsica de Baja California (INDE).<\/p>\n","protected":false},"excerpt":{"rendered":"<p>Puebla, Puebla.- S\u00f3lo para robustecer su historial en Olimpiadas Nacionales, Daniel Corral Barr\u00f3n gan\u00f3 la&#8230;<\/p>\n","protected":false},"author":1,"featured_media":12836,"comment_status":"closed","ping_status":"closed","sticky":false,"template":"","format":"standard","meta":{"footnotes":""},"categories":[1,7],"tags":[],"class_list":["post-12835","post","type-post","status-publish","format-standard","has-post-thumbnail","hentry","category-uncategorized","category-deportes"],"_links":{"self":[{"href":"https:\/\/agpnoticias.com\/news\/index.php?rest_route=\/wp\/v2\/posts\/12835","targetHints":{"allow":["GET"]}}],"collection":[{"href":"https:\/\/agpnoticias.com\/news\/index.php?rest_route=\/wp\/v2\/posts"}],"about":[{"href":"https:\/\/agpnoticias.com\/news\/index.php?rest_route=\/wp\/v2\/types\/post"}],"author":[{"embeddable":true,"href":"https:\/\/agpnoticias.com\/news\/index.php?rest_route=\/wp\/v2\/users\/1"}],"replies":[{"embeddable":true,"href":"https:\/\/agpnoticias.com\/news\/index.php?rest_route=%2Fwp%2Fv2%2Fcomments&post=12835"}],"version-history":[{"count":7,"href":"https:\/\/agpnoticias.com\/news\/index.php?rest_route=\/wp\/v2\/posts\/12835\/revisions"}],"predecessor-version":[{"id":12839,"href":"https:\/\/agpnoticias.com\/news\/index.php?rest_route=\/wp\/v2\/posts\/12835\/revisions\/12839"}],"wp:featuredmedia":[{"embeddable":true,"href":"https:\/\/agpnoticias.com\/news\/index.php?rest_route=\/wp\/v2\/media\/12836"}],"wp:attachment":[{"href":"https:\/\/agpnoticias.com\/news\/index.php?rest_route=%2Fwp%2Fv2%2Fmedia&parent=12835"}],"wp:term":[{"taxonomy":"category","embeddable":true,"href":"https:\/\/agpnoticias.com\/news\/index.php?rest_route=%2Fwp%2Fv2%2Fcategories&post=12835"},{"taxonomy":"post_tag","embeddable":true,"href":"https:\/\/agpnoticias.com\/news\/index.php?rest_route=%2Fwp%2Fv2%2Ftags&post=12835"}],"curies":[{"name":"wp","href":"https:\/\/api.w.org\/{rel}","templated":true}]}}