{"id":12852,"date":"2012-06-14T20:08:50","date_gmt":"2012-06-15T04:08:50","guid":{"rendered":"http:\/\/agpnoticias.com\/news\/?p=12852"},"modified":"2012-12-21T12:39:48","modified_gmt":"2012-12-21T19:39:48","slug":"los-xolos-a-sudar-en-mazatlan","status":"publish","type":"post","link":"https:\/\/agpnoticias.com\/news\/?p=12852","title":{"rendered":"Los Xolos a sudar en Mazatl\u00e1n"},"content":{"rendered":"<p>Mazatl\u00e1n, Sinaloa.- Los Xoloitzcuintles de Tijuana ya se encuentran en Mazatl\u00e1n, Sinaloa, para iniciar el trabajo f\u00edsico con miras al Torneo Apertura 2012 de la Liga MX.<\/p>\n<p>El grupo de jugadores dirigido por Antonio Mohamed estar\u00e1 en ese lugar hasta el 24 de junio antes de regresar a la regi\u00f3n para enfrentar en un encuentro amistoso al Am\u00e9rica el s\u00e1bado 30 en el Estadio Qualcomm de San Diego.<!--more--><\/p>\n<figure id=\"attachment_12854\" aria-describedby=\"caption-attachment-12854\" style=\"width: 105px\" class=\"wp-caption alignright\"><a href=\"http:\/\/agpnoticias.com\/news\/wp-content\/uploads\/2012\/06\/El-ecuatoriano-Fidel-Mart\u00ednez-listo-para-iniciar-pre-temporada.jpg\"><img decoding=\"async\" class=\"size-thumbnail wp-image-12854\" title=\"El ecuatoriano Fidel Mart\u00ednez listo para iniciar pre temporada\" src=\"http:\/\/agpnoticias.com\/news\/wp-content\/uploads\/2012\/06\/El-ecuatoriano-Fidel-Mart\u00ednez-listo-para-iniciar-pre-temporada-105x150.jpg\" alt=\"\" width=\"105\" height=\"150\" srcset=\"https:\/\/agpnoticias.com\/news\/wp-content\/uploads\/2012\/06\/El-ecuatoriano-Fidel-Mart\u00ednez-listo-para-iniciar-pre-temporada-105x150.jpg 105w, https:\/\/agpnoticias.com\/news\/wp-content\/uploads\/2012\/06\/El-ecuatoriano-Fidel-Mart\u00ednez-listo-para-iniciar-pre-temporada-563x800.jpg 563w, https:\/\/agpnoticias.com\/news\/wp-content\/uploads\/2012\/06\/El-ecuatoriano-Fidel-Mart\u00ednez-listo-para-iniciar-pre-temporada-225x320.jpg 225w, https:\/\/agpnoticias.com\/news\/wp-content\/uploads\/2012\/06\/El-ecuatoriano-Fidel-Mart\u00ednez-listo-para-iniciar-pre-temporada.jpg 2000w\" sizes=\"(max-width: 105px) 100vw, 105px\" \/><\/a><figcaption id=\"caption-attachment-12854\" class=\"wp-caption-text\">El ecuatoriano Fidel Mart\u00ednez listo para iniciar pre temporada<\/figcaption><\/figure>\n<p>Antes, el 26 de junio, los Xolos se medir\u00e1n a los Dorados en Cualiac\u00e1n en el primer encuentro preparatorio rumbo a la cita pactada el 20 de julio, cuando reciban en el Estadio Caliente a Puebla dentro de la jornada uno del Torneo Apertura.<\/p>\n<figure id=\"attachment_12855\" aria-describedby=\"caption-attachment-12855\" style=\"width: 150px\" class=\"wp-caption alignleft\"><a href=\"http:\/\/agpnoticias.com\/news\/wp-content\/uploads\/2012\/06\/El-t\u00e9cnico-Mohamed-saludado-por-aficionados-mazatlecos.jpg\"><img decoding=\"async\" class=\"size-thumbnail wp-image-12855\" title=\"El t\u00e9cnico Mohamed saludado por aficionados mazatlecos\" src=\"http:\/\/agpnoticias.com\/news\/wp-content\/uploads\/2012\/06\/El-t\u00e9cnico-Mohamed-saludado-por-aficionados-mazatlecos-150x98.jpg\" alt=\"\" width=\"150\" height=\"98\" srcset=\"https:\/\/agpnoticias.com\/news\/wp-content\/uploads\/2012\/06\/El-t\u00e9cnico-Mohamed-saludado-por-aficionados-mazatlecos-150x98.jpg 150w, https:\/\/agpnoticias.com\/news\/wp-content\/uploads\/2012\/06\/El-t\u00e9cnico-Mohamed-saludado-por-aficionados-mazatlecos-800x522.jpg 800w, https:\/\/agpnoticias.com\/news\/wp-content\/uploads\/2012\/06\/El-t\u00e9cnico-Mohamed-saludado-por-aficionados-mazatlecos-489x320.jpg 489w, https:\/\/agpnoticias.com\/news\/wp-content\/uploads\/2012\/06\/El-t\u00e9cnico-Mohamed-saludado-por-aficionados-mazatlecos.jpg 2000w\" sizes=\"(max-width: 150px) 100vw, 150px\" \/><\/a><figcaption id=\"caption-attachment-12855\" class=\"wp-caption-text\">El t\u00e9cnico Mohamed saludado por aficionados antes de viajar<\/figcaption><\/figure>\n<p>El \u201cTurco\u201d Mohamed coment\u00f3 a su partida que la intenci\u00f3n de este tipo de trabajos es afianzar la parte humana del grupo de jugadores, adem\u00e1s de dejar a punto al plantel en el aspecto f\u00edsico.<\/p>\n<figure id=\"attachment_12856\" aria-describedby=\"caption-attachment-12856\" style=\"width: 118px\" class=\"wp-caption alignright\"><a href=\"http:\/\/agpnoticias.com\/news\/wp-content\/uploads\/2012\/06\/Alfredo-Moreno-uno-de-los-refuerzos-estelares-de-Xolos.jpg\"><img decoding=\"async\" class=\"size-thumbnail wp-image-12856\" title=\"Alfredo Moreno, uno de los refuerzos estelares de Xolos\" src=\"http:\/\/agpnoticias.com\/news\/wp-content\/uploads\/2012\/06\/Alfredo-Moreno-uno-de-los-refuerzos-estelares-de-Xolos-118x150.jpg\" alt=\"\" width=\"118\" height=\"150\" srcset=\"https:\/\/agpnoticias.com\/news\/wp-content\/uploads\/2012\/06\/Alfredo-Moreno-uno-de-los-refuerzos-estelares-de-Xolos-118x150.jpg 118w, https:\/\/agpnoticias.com\/news\/wp-content\/uploads\/2012\/06\/Alfredo-Moreno-uno-de-los-refuerzos-estelares-de-Xolos-633x800.jpg 633w, https:\/\/agpnoticias.com\/news\/wp-content\/uploads\/2012\/06\/Alfredo-Moreno-uno-de-los-refuerzos-estelares-de-Xolos-253x320.jpg 253w, https:\/\/agpnoticias.com\/news\/wp-content\/uploads\/2012\/06\/Alfredo-Moreno-uno-de-los-refuerzos-estelares-de-Xolos.jpg 2000w\" sizes=\"(max-width: 118px) 100vw, 118px\" \/><\/a><figcaption id=\"caption-attachment-12856\" class=\"wp-caption-text\">Alfredo Moreno, uno de los refuerzos estelares de Xolos<\/figcaption><\/figure>\n<p>\u201cLo m\u00e1s importante es la parte grupal, consolidar un grupo humano como fue el a\u00f1o pasado, en los momentos complicados nos sac\u00f3 adelante la parte humana del grupo\u201d, coment\u00f3.<br \/>\nOtro inter\u00e9s del entrenador argentino es integrar a los refuerzos llegados durante el \u00faltimo mes, como Alfredo Moreno, Fidel Mart\u00ednez y Diego Olsina, para tomar el ritmo que el equipo mostr\u00f3 en la liguilla del torneo pasado.<\/p>\n<p>\u201cEl equipo tiene que prepararse y competir como el a\u00f1o pasado, tenemos que ir paso a paso, este a\u00f1o es el a\u00f1o de consolidaci\u00f3n en Primera Divisi\u00f3n\u201d, consider\u00f3.<br \/>\nSobre la conformaci\u00f3n de su equipo, dijo que est\u00e1 reforzado \u201cbastante bien en todas las l\u00edneas, estamos bastante completos\u201d.<\/p>\n<p><strong>Juegos amistosos de Xoloitzcuintles<\/strong><\/p>\n<p>26 de junio en el Estadio Banorte de Culiac\u00e1n contra Dorados<\/p>\n<p>30 de junio en el Estadio Qualcomm de San Diego contra Am\u00e9rica<\/p>\n<p>13 de julio en el Estadio Caliente contra Dorados<\/p>\n<p>15 de julio en San Francisco contra Cruz Azul<\/p>\n","protected":false},"excerpt":{"rendered":"<p>Mazatl\u00e1n, Sinaloa.- Los Xoloitzcuintles de Tijuana ya se encuentran en Mazatl\u00e1n, Sinaloa, para iniciar el&#8230;<\/p>\n","protected":false},"author":1,"featured_media":12858,"comment_status":"closed","ping_status":"closed","sticky":false,"template":"","format":"standard","meta":{"footnotes":""},"categories":[1,7,17],"tags":[],"class_list":["post-12852","post","type-post","status-publish","format-standard","has-post-thumbnail","hentry","category-uncategorized","category-deportes","category-xolos-de-tijuana"],"_links":{"self":[{"href":"https:\/\/agpnoticias.com\/news\/index.php?rest_route=\/wp\/v2\/posts\/12852","targetHints":{"allow":["GET"]}}],"collection":[{"href":"https:\/\/agpnoticias.com\/news\/index.php?rest_route=\/wp\/v2\/posts"}],"about":[{"href":"https:\/\/agpnoticias.com\/news\/index.php?rest_route=\/wp\/v2\/types\/post"}],"author":[{"embeddable":true,"href":"https:\/\/agpnoticias.com\/news\/index.php?rest_route=\/wp\/v2\/users\/1"}],"replies":[{"embeddable":true,"href":"https:\/\/agpnoticias.com\/news\/index.php?rest_route=%2Fwp%2Fv2%2Fcomments&post=12852"}],"version-history":[{"count":3,"href":"https:\/\/agpnoticias.com\/news\/index.php?rest_route=\/wp\/v2\/posts\/12852\/revisions"}],"predecessor-version":[{"id":21725,"href":"https:\/\/agpnoticias.com\/news\/index.php?rest_route=\/wp\/v2\/posts\/12852\/revisions\/21725"}],"wp:featuredmedia":[{"embeddable":true,"href":"https:\/\/agpnoticias.com\/news\/index.php?rest_route=\/wp\/v2\/media\/12858"}],"wp:attachment":[{"href":"https:\/\/agpnoticias.com\/news\/index.php?rest_route=%2Fwp%2Fv2%2Fmedia&parent=12852"}],"wp:term":[{"taxonomy":"category","embeddable":true,"href":"https:\/\/agpnoticias.com\/news\/index.php?rest_route=%2Fwp%2Fv2%2Fcategories&post=12852"},{"taxonomy":"post_tag","embeddable":true,"href":"https:\/\/agpnoticias.com\/news\/index.php?rest_route=%2Fwp%2Fv2%2Ftags&post=12852"}],"curies":[{"name":"wp","href":"https:\/\/api.w.org\/{rel}","templated":true}]}}