{"id":1300054,"date":"2014-09-21T18:57:50","date_gmt":"2014-09-22T01:57:50","guid":{"rendered":"http:\/\/agpnoticias.com\/news\/?p=1300054"},"modified":"2014-09-21T18:57:53","modified_gmt":"2014-09-22T01:57:53","slug":"miran-rojas-y-cynthia-de-lejos-al-resto","status":"publish","type":"post","link":"https:\/\/agpnoticias.com\/news\/?p=1300054","title":{"rendered":"Miran Rojas y Cynthia de lejos al resto"},"content":{"rendered":"<figure id=\"attachment_1300060\" aria-describedby=\"caption-attachment-1300060\" style=\"width: 800px\" class=\"wp-caption aligncenter\"><a href=\"http:\/\/agpnoticias.com\/news\/uncategorized\/miran-rojas-y-cynthia-de-lejos-al-resto\/attachment\/la-carrera-formo-parte-de-los-festejos-de-aniversario-de-la-facultad-de-deportes\/\" rel=\"attachment wp-att-1300060\"><img fetchpriority=\"high\" decoding=\"async\" class=\"size-full wp-image-1300060\" src=\"http:\/\/agpnoticias.com\/news\/wp-content\/uploads\/2014\/09\/La-carrera-form\u00f3-parte-de-los-festejos-de-aniversario-de-la-Facultad-de-Deportes.jpg\" alt=\"La carrera form\u00f3 parte de los festejos de aniversario de la Facultad de Deportes\" width=\"800\" height=\"533\" srcset=\"https:\/\/agpnoticias.com\/news\/wp-content\/uploads\/2014\/09\/La-carrera-form\u00f3-parte-de-los-festejos-de-aniversario-de-la-Facultad-de-Deportes.jpg 800w, https:\/\/agpnoticias.com\/news\/wp-content\/uploads\/2014\/09\/La-carrera-form\u00f3-parte-de-los-festejos-de-aniversario-de-la-Facultad-de-Deportes-200x133.jpg 200w, https:\/\/agpnoticias.com\/news\/wp-content\/uploads\/2014\/09\/La-carrera-form\u00f3-parte-de-los-festejos-de-aniversario-de-la-Facultad-de-Deportes-600x399.jpg 600w\" sizes=\"(max-width: 800px) 100vw, 800px\" \/><\/a><figcaption id=\"caption-attachment-1300060\" class=\"wp-caption-text\">La carrera form\u00f3 parte de los festejos de aniversario de la Facultad de Deportes<\/figcaption><\/figure>\n<figure id=\"attachment_1300068\" aria-describedby=\"caption-attachment-1300068\" style=\"width: 336px\" class=\"wp-caption alignright\"><a href=\"http:\/\/agpnoticias.com\/news\/uncategorized\/miran-rojas-y-cynthia-de-lejos-al-resto\/attachment\/humberto-rojas-fue-el-primer-corredor-en-terminar-los-10-kilometros\/\" rel=\"attachment wp-att-1300068\"><img decoding=\"async\" class=\"size-full wp-image-1300068\" src=\"http:\/\/agpnoticias.com\/news\/wp-content\/uploads\/2014\/09\/Humberto-Rojas-fue-el-primer-corredor-en-terminar-los-10-kil\u00f3metros.jpg\" alt=\"Humberto Rojas fue el primer corredor en terminar los 10 kil\u00f3metros\" width=\"336\" height=\"403\" srcset=\"https:\/\/agpnoticias.com\/news\/wp-content\/uploads\/2014\/09\/Humberto-Rojas-fue-el-primer-corredor-en-terminar-los-10-kil\u00f3metros.jpg 336w, https:\/\/agpnoticias.com\/news\/wp-content\/uploads\/2014\/09\/Humberto-Rojas-fue-el-primer-corredor-en-terminar-los-10-kil\u00f3metros-166x200.jpg 166w\" sizes=\"(max-width: 336px) 100vw, 336px\" \/><\/a><figcaption id=\"caption-attachment-1300068\" class=\"wp-caption-text\">Humberto Rojas fue el primer corredor en terminar los 10 kil\u00f3metros<\/figcaption><\/figure>\n<p>Ensenada, Baja California.- Humberto Rojas y Cynthia Medina ganaron con holgura la carrera atl\u00e9tica organizada por la Facultad de Deportes de la Universidad Aut\u00f3noma de Baja California para festejar su und\u00e9cimo aniversario.<\/p>\n<p>En la rama varonil, Humberto Rojas finaliz\u00f3 los 10 kil\u00f3metros con tiempo de 34:50, seguido por Jos\u00e9 Maga\u00f1a, que lleg\u00f3 casi dos minutos m\u00e1s tarde (36:29).<\/p>\n<p>Por su parte, Cynthia Medina gan\u00f3 la rama femenil con 42:57, por casi cinco minutos delante de Brenda Anda (47:11).<\/p>\n<p>Tambi\u00e9n se incluy\u00f3 un circuito de cinco kil\u00f3metros que qued\u00f3 en poder de Pablo Carrillo (17:13) y Guadalupe Monroy (22:23).<\/p>\n<p>\u00abCon esta carrera festejamos nuestro aniversario y tuvimos bastante gente, todo sali\u00f3 bien y cumplimos con lo proyectado por la direcci\u00f3n de la facultad desde Mexicali para promover la uni\u00f3n entre personal administrativo, maestros, alumnos y la comunidad\u00bb, dijo Cruz Iv\u00e1n Acosta.<\/p>\n<p>El Sub Director de la Facultad en Ensenada, dijo que la carrera es \u00fanica en el puerto, pero \u00abya hay plabes de iniciarla en Tijuana y Mexicali.<\/p>\n<figure id=\"attachment_1300080\" aria-describedby=\"caption-attachment-1300080\" style=\"width: 336px\" class=\"wp-caption alignleft\"><a href=\"http:\/\/agpnoticias.com\/news\/uncategorized\/miran-rojas-y-cynthia-de-lejos-al-resto\/attachment\/cynthia-medina-ganadora-de-la-carrera-de-10-kilometros\/\" rel=\"attachment wp-att-1300080\"><img decoding=\"async\" class=\"size-full wp-image-1300080\" src=\"http:\/\/agpnoticias.com\/news\/wp-content\/uploads\/2014\/09\/Cynthia-Medina-ganadora-de-la-carrera-de-10-kil\u00f3metros.jpg\" alt=\"Cynthia Medina, ganadora de la carrera de 10 kil\u00f3metros\" width=\"336\" height=\"426\" srcset=\"https:\/\/agpnoticias.com\/news\/wp-content\/uploads\/2014\/09\/Cynthia-Medina-ganadora-de-la-carrera-de-10-kil\u00f3metros.jpg 336w, https:\/\/agpnoticias.com\/news\/wp-content\/uploads\/2014\/09\/Cynthia-Medina-ganadora-de-la-carrera-de-10-kil\u00f3metros-157x200.jpg 157w\" sizes=\"(max-width: 336px) 100vw, 336px\" \/><\/a><figcaption id=\"caption-attachment-1300080\" class=\"wp-caption-text\">Cynthia Medina, ganadora de la carrera de 10 kil\u00f3metros<\/figcaption><\/figure>\n<p>En cuanto a la realizaci\u00f3n de las dos rutas, \u00abse pens\u00f3 despu\u00e9s de platicar con la comunidad de corredores que pidi\u00f3 la de diez kil\u00f3metros, pero sin descuidar el aspecto recreativo y cumplirle a la gente que quiere convivir con el paseo de cinco kil\u00f3metros\u00bb.<\/p>\n<p>Por su parte, Andr\u00e9s Villalobos, responsable t\u00e9cnico del evento, estim\u00f3 que la participaci\u00f3n pudo ser mayor, pero la fecha coincidi\u00f3 con otras carreras como el Medio Marat\u00f3n de Tecate.<\/p>\n<p>En ese sentido, destac\u00f3 los tiempos de los dos ganadores en los 10 kil\u00f3metros.<\/p>\n<p>Durante la semana continuar\u00e1n los festejos con un paseo ciclista este lunes, cuya meta ser\u00e1 el gimnasio universitario hacia el bulevar costero con regreso al punto de partida para convivir en una kerm\u00e9s.<\/p>\n<p>El martes habr\u00e1 una caminata en Playa Hermosa, donde tambi\u00e9n se jugar\u00e1n torneos de voleibol y futbol, mientras que el mi\u00e9rcoles se llevar\u00e1 a cabo una serie de foros acad\u00e9micos con cinco ponentes y un show de danza acrob\u00e1ticas.<\/p>\n<p>Las actividades seguir\u00e1n el jueves con talleres a las 9:00 horas dentro de la Facultad, y el viernes se promover\u00e1 la convivencia entre maestros y alumnos a trav\u00e9s de un rally.<\/p>\n<p>El s\u00e1bado cerrar\u00e1n las actividades con un evento de convivencia en el Colegio M\u00e9dico.<\/p>\n<p>\u00abLa Facultad de Deportes ha ido creciendo de 32 empleados a 66\u00bb, mientras que entre el alumnado \u00ablos egresados siguen evolucionando y cada vez sirven mejor a su comunidad\u00bb.<\/p>\n<p><strong>Carrera 10 kil\u00f3metros<\/strong><\/p>\n<p><strong>Rama Varonil<\/strong><\/p>\n<ol>\n<li>Humberto Rojas<\/li>\n<li>Jos\u00e9 Maga\u00f1a<\/li>\n<li>Mario Reyes<\/li>\n<li>Adolfo Bautista<\/li>\n<li>Ricardo Montes<\/li>\n<\/ol>\n<p><strong>Rama Femenil<\/strong><\/p>\n<ol>\n<li>Cynthia Medina<\/li>\n<li>Brenda Anda<\/li>\n<li>Mar\u00eda Victoria Rosas<\/li>\n<li>Marbella Garc\u00eda<\/li>\n<li>Hanna Zetina<\/li>\n<\/ol>\n<p><strong>Carrera 5 kil\u00f3metros<\/strong><\/p>\n<p><strong>Rama Varonil<\/strong><\/p>\n<ol>\n<li>Pablo Carrillo<\/li>\n<li>Roberto Lafarga<\/li>\n<li>Diego Guzm\u00e1n<\/li>\n<li>Alejandro Raudales<\/li>\n<li>Christopher Figueroa<\/li>\n<\/ol>\n<p><strong>Rama Femenil<\/strong><\/p>\n<ol>\n<li>Guadalupe Monroy<\/li>\n<li>Margarita Gonz\u00e1lez<\/li>\n<li>Laura Ferrer<\/li>\n<li>Citlalli Romero<\/li>\n<li>Adriana Vel\u00e1zquez<\/li>\n<\/ol>\n","protected":false},"excerpt":{"rendered":"<p>Ensenada, Baja California.- Humberto Rojas y Cynthia Medina ganaron con holgura la carrera atl\u00e9tica organizada&#8230;<\/p>\n","protected":false},"author":1,"featured_media":1300060,"comment_status":"closed","ping_status":"closed","sticky":false,"template":"","format":"standard","meta":{"footnotes":""},"categories":[1,31,7],"tags":[],"class_list":["post-1300054","post","type-post","status-publish","format-standard","has-post-thumbnail","hentry","category-uncategorized","category-atletismo","category-deportes"],"_links":{"self":[{"href":"https:\/\/agpnoticias.com\/news\/index.php?rest_route=\/wp\/v2\/posts\/1300054","targetHints":{"allow":["GET"]}}],"collection":[{"href":"https:\/\/agpnoticias.com\/news\/index.php?rest_route=\/wp\/v2\/posts"}],"about":[{"href":"https:\/\/agpnoticias.com\/news\/index.php?rest_route=\/wp\/v2\/types\/post"}],"author":[{"embeddable":true,"href":"https:\/\/agpnoticias.com\/news\/index.php?rest_route=\/wp\/v2\/users\/1"}],"replies":[{"embeddable":true,"href":"https:\/\/agpnoticias.com\/news\/index.php?rest_route=%2Fwp%2Fv2%2Fcomments&post=1300054"}],"version-history":[{"count":2,"href":"https:\/\/agpnoticias.com\/news\/index.php?rest_route=\/wp\/v2\/posts\/1300054\/revisions"}],"predecessor-version":[{"id":1300116,"href":"https:\/\/agpnoticias.com\/news\/index.php?rest_route=\/wp\/v2\/posts\/1300054\/revisions\/1300116"}],"wp:featuredmedia":[{"embeddable":true,"href":"https:\/\/agpnoticias.com\/news\/index.php?rest_route=\/wp\/v2\/media\/1300060"}],"wp:attachment":[{"href":"https:\/\/agpnoticias.com\/news\/index.php?rest_route=%2Fwp%2Fv2%2Fmedia&parent=1300054"}],"wp:term":[{"taxonomy":"category","embeddable":true,"href":"https:\/\/agpnoticias.com\/news\/index.php?rest_route=%2Fwp%2Fv2%2Fcategories&post=1300054"},{"taxonomy":"post_tag","embeddable":true,"href":"https:\/\/agpnoticias.com\/news\/index.php?rest_route=%2Fwp%2Fv2%2Ftags&post=1300054"}],"curies":[{"name":"wp","href":"https:\/\/api.w.org\/{rel}","templated":true}]}}