{"id":13485,"date":"2012-07-03T00:43:57","date_gmt":"2012-07-03T08:43:57","guid":{"rendered":"http:\/\/agpnoticias.com\/news\/?p=13485"},"modified":"2012-07-04T00:01:39","modified_gmt":"2012-07-04T08:01:39","slug":"trabaja-charrito-con-la-mira-en-diablos","status":"publish","type":"post","link":"https:\/\/agpnoticias.com\/news\/?p=13485","title":{"rendered":"Trabaja \u00abCharrito\u00bb con la mira en Diablos"},"content":{"rendered":"<p>Ensenada, Baja California.- Despu\u00e9s de tres a\u00f1os en Marineros, Julio C\u00e9sar Vel\u00e1zquez se ha afianzado como titular y ahora espera lo que todos los jugadores llegados v\u00eda convenio: recibir el llamado a Liga Mexicana.<\/p>\n<p>\u201cEsta temporada ha sido buena en relaci\u00f3n a las otras, las cosas me han salido bien y sobre todo contento de estar jugando a diario\u201d, refiri\u00f3 el \u201cCharrito\u201d, actualmente colocado como primero en el orden al bat del equipo que disputa la semifinal de la Liga Norte de M\u00e9xico ante Algodoneros.<!--more--><\/p>\n<p>Esa situaci\u00f3n le permite contemplar la opci\u00f3n de recibir el llamado a Liga Mexicana, ya que \u201cDiablos est\u00e1 al pendiente de nosotros y ahora que aquella liga va a finalizar despu\u00e9s que \u00e9sta se abren m\u00e1s posibilidades\u201d.<\/p>\n<p>\u201cYa tengo tres temporadas aqu\u00ed y en cuanto a todo, como persona y deportivamente, me ha ido mejor, he aprendido mucho y creo que he mejorado\u201d, coment\u00f3.<\/p>\n<p>Dos ejemplos que motivan tanto a Julio C\u00e9sar Vel\u00e1zquez como al resto de los jugadores llegados de Diablos Rojos y Guerreros de Oaxaca son Alejandro \u201cCora\u201d Ortiz y Carlos Figueroa.<\/p>\n<p>\u201cA ellos los vemos como ejemplo porque han logrado el sue\u00f1o que todos compartimos y por el que todos luchamos\u201d, indic\u00f3 sobre la presencia de ambos peloteros en Diablos Rojos.<\/p>\n<p>Aunque apenas cuenta con 21 a\u00f1os, el \u201cCharrito\u201d es de los beisbolistas m\u00e1s experimentados de Marineros, lo que para \u00e9l no significa mayor presi\u00f3n.<\/p>\n<p>\u201cEl equipo es muy joven y yo ayudo en lo que puedo, pero tampoco tengo tanta experiencia, as\u00ed que tambi\u00e9n trabajo para seguir aprendiendo\u201d, apunt\u00f3.<\/p>\n","protected":false},"excerpt":{"rendered":"<p>Ensenada, Baja California.- Despu\u00e9s de tres a\u00f1os en Marineros, Julio C\u00e9sar Vel\u00e1zquez se ha afianzado&#8230;<\/p>\n","protected":false},"author":1,"featured_media":13486,"comment_status":"closed","ping_status":"closed","sticky":false,"template":"","format":"standard","meta":{"footnotes":""},"categories":[1,7,18],"tags":[],"class_list":["post-13485","post","type-post","status-publish","format-standard","has-post-thumbnail","hentry","category-uncategorized","category-deportes","category-marineros-de-ensenada"],"_links":{"self":[{"href":"https:\/\/agpnoticias.com\/news\/index.php?rest_route=\/wp\/v2\/posts\/13485","targetHints":{"allow":["GET"]}}],"collection":[{"href":"https:\/\/agpnoticias.com\/news\/index.php?rest_route=\/wp\/v2\/posts"}],"about":[{"href":"https:\/\/agpnoticias.com\/news\/index.php?rest_route=\/wp\/v2\/types\/post"}],"author":[{"embeddable":true,"href":"https:\/\/agpnoticias.com\/news\/index.php?rest_route=\/wp\/v2\/users\/1"}],"replies":[{"embeddable":true,"href":"https:\/\/agpnoticias.com\/news\/index.php?rest_route=%2Fwp%2Fv2%2Fcomments&post=13485"}],"version-history":[{"count":2,"href":"https:\/\/agpnoticias.com\/news\/index.php?rest_route=\/wp\/v2\/posts\/13485\/revisions"}],"predecessor-version":[{"id":13550,"href":"https:\/\/agpnoticias.com\/news\/index.php?rest_route=\/wp\/v2\/posts\/13485\/revisions\/13550"}],"wp:featuredmedia":[{"embeddable":true,"href":"https:\/\/agpnoticias.com\/news\/index.php?rest_route=\/wp\/v2\/media\/13486"}],"wp:attachment":[{"href":"https:\/\/agpnoticias.com\/news\/index.php?rest_route=%2Fwp%2Fv2%2Fmedia&parent=13485"}],"wp:term":[{"taxonomy":"category","embeddable":true,"href":"https:\/\/agpnoticias.com\/news\/index.php?rest_route=%2Fwp%2Fv2%2Fcategories&post=13485"},{"taxonomy":"post_tag","embeddable":true,"href":"https:\/\/agpnoticias.com\/news\/index.php?rest_route=%2Fwp%2Fv2%2Ftags&post=13485"}],"curies":[{"name":"wp","href":"https:\/\/api.w.org\/{rel}","templated":true}]}}