{"id":1369070,"date":"2014-10-01T01:48:58","date_gmt":"2014-10-01T08:48:58","guid":{"rendered":"http:\/\/agpnoticias.com\/news\/?p=1369070"},"modified":"2014-10-01T01:54:12","modified_gmt":"2014-10-01T08:54:12","slug":"selecciones-de-mexico-varonil-y-femenil-ajustan-preparacion-en-china","status":"publish","type":"post","link":"https:\/\/agpnoticias.com\/news\/?p=1369070","title":{"rendered":"Selecciones de M\u00e9xico, varonil y femenil, ajustan preparaci\u00f3n en China"},"content":{"rendered":"<figure id=\"attachment_1369076\" aria-describedby=\"caption-attachment-1369076\" style=\"width: 806px\" class=\"wp-caption aligncenter\"><a href=\"http:\/\/agpnoticias.com\/news\/uncategorized\/selecciones-de-mexico-varonil-y-femenil-ajustan-preparacion-en-china\/attachment\/la-seleccion-mexicana-ya-entrena-en-china\/\" rel=\"attachment wp-att-1369076\"><img fetchpriority=\"high\" decoding=\"async\" class=\"size-full wp-image-1369076\" src=\"http:\/\/agpnoticias.com\/news\/wp-content\/uploads\/2014\/10\/La-selecci\u00f3n-mexicana-ya-entrena-en-China.jpg\" alt=\"La selecci\u00f3n mexicana ya entrena en China\" width=\"806\" height=\"485\" srcset=\"https:\/\/agpnoticias.com\/news\/wp-content\/uploads\/2014\/10\/La-selecci\u00f3n-mexicana-ya-entrena-en-China.jpg 806w, https:\/\/agpnoticias.com\/news\/wp-content\/uploads\/2014\/10\/La-selecci\u00f3n-mexicana-ya-entrena-en-China-200x120.jpg 200w, https:\/\/agpnoticias.com\/news\/wp-content\/uploads\/2014\/10\/La-selecci\u00f3n-mexicana-ya-entrena-en-China-600x361.jpg 600w\" sizes=\"(max-width: 806px) 100vw, 806px\" \/><\/a><figcaption id=\"caption-attachment-1369076\" class=\"wp-caption-text\">La selecci\u00f3n mexicana ya entrena en China<\/figcaption><\/figure>\n<p>Nanjing, China.- La selecci\u00f3n varonil de gimnasia art\u00edstica de M\u00e9xico, con Daniel Corral como capit\u00e1n, logr\u00f3 subir a trav\u00e9s de las redes sociales una fotograf\u00eda de la sesi\u00f3n de entrenamiento sostenida este martes en Najing, China, sede del campeonato del mundo.<\/p>\n<p>Debido a las restricciones existentes en materia de internet dentro de la Rep\u00fablica Popular China, la posibilidad de ingresar a las redes sociales es limitada.<\/p>\n<p>Sin embargo, trascendi\u00f3 la primera de las fotograf\u00edas del grupo que tratar\u00e1 de colocarse entre las primeras 24 selecciones de la competencia para clasificar al Mundial de 2015 cuando se pondr\u00e1n en juego los boletos a Juegos Ol\u00edmpicos.<\/p>\n<p>Daniel Corral Barr\u00f3n, como l\u00edder del seleccionado, competir\u00e1 en caballo con arzones, barras paralelas, salto de caballo y anillos.<\/p>\n<p>Por su parte, Adri\u00e1n Prieto, tambi\u00e9n de Ensenada, competir\u00e1 en barra fija, piso, caballo con arzones y barras paralelas.<\/p>\n<p>Javier Cervantes, de Jalisco, competir\u00e1 en el concurso all around (todos los aparatos), al igual que el capitalino Rodolfo Bonilla.<\/p>\n<p>El jalisciense Jaime Romero participar\u00e1 en barra fija, piso, arzones y salto de caballo, mientras que Kevin Cerda, de Sonora, tratar\u00e1 de aportar la mayor cantidad de puntos en barra fija, piso, salto de caballo y anillos.<\/p>\n<p><strong>Femeniles<\/strong><\/p>\n<p>Tambi\u00e9n la selecci\u00f3n femenil de M\u00e9xico cuenta con presencia bajacaliforniana.<\/p>\n<p>Las representantes del Club AGimnasia de Tijuana, Karla R\u00e9tiz y Amaranta Torres forman parte del seleccionado junto a la mexicalense Alexa Moreno.<\/p>\n<p>El grupo es completado por las regiomontanas Elsa Garc\u00eda y Ana Lago, as\u00ed como la jalisciense Atziri Sandoval.<\/p>\n<p>El objetivo del equipo juvenil es, del mismo modo que el varonil, ubicarse entre los 24 mejores.<\/p>\n<p>La competencia inicia el 3 de octubre y concluye nueve d\u00edas m\u00e1s tarde.<\/p>\n<figure id=\"attachment_1369093\" aria-describedby=\"caption-attachment-1369093\" style=\"width: 800px\" class=\"wp-caption aligncenter\"><a href=\"http:\/\/agpnoticias.com\/news\/uncategorized\/selecciones-de-mexico-varonil-y-femenil-ajustan-preparacion-en-china\/attachment\/la-seleccion-femenil-tambien-tratara-de-ubicarse-entre-las-24-mejores-del-mundial\/\" rel=\"attachment wp-att-1369093\"><img decoding=\"async\" class=\"size-full wp-image-1369093\" src=\"http:\/\/agpnoticias.com\/news\/wp-content\/uploads\/2014\/10\/La-selecci\u00f3n-femenil-tambi\u00e9n-tratar\u00e1-de-ubicarse-entre-las-24-mejores-del-mundial.jpg\" alt=\"La selecci\u00f3n femenil tambi\u00e9n tratar\u00e1 de ubicarse entre las 24 mejores del mundial\" width=\"800\" height=\"445\" srcset=\"https:\/\/agpnoticias.com\/news\/wp-content\/uploads\/2014\/10\/La-selecci\u00f3n-femenil-tambi\u00e9n-tratar\u00e1-de-ubicarse-entre-las-24-mejores-del-mundial.jpg 800w, https:\/\/agpnoticias.com\/news\/wp-content\/uploads\/2014\/10\/La-selecci\u00f3n-femenil-tambi\u00e9n-tratar\u00e1-de-ubicarse-entre-las-24-mejores-del-mundial-200x111.jpg 200w, https:\/\/agpnoticias.com\/news\/wp-content\/uploads\/2014\/10\/La-selecci\u00f3n-femenil-tambi\u00e9n-tratar\u00e1-de-ubicarse-entre-las-24-mejores-del-mundial-600x333.jpg 600w\" sizes=\"(max-width: 800px) 100vw, 800px\" \/><\/a><figcaption id=\"caption-attachment-1369093\" class=\"wp-caption-text\">La selecci\u00f3n femenil tambi\u00e9n tratar\u00e1 de ubicarse entre las 24 mejores del mundial<\/figcaption><\/figure>\n","protected":false},"excerpt":{"rendered":"<p>Nanjing, China.- La selecci\u00f3n varonil de gimnasia art\u00edstica de M\u00e9xico, con Daniel Corral como capit\u00e1n,&#8230;<\/p>\n","protected":false},"author":1,"featured_media":1369076,"comment_status":"closed","ping_status":"closed","sticky":false,"template":"","format":"standard","meta":{"footnotes":""},"categories":[1,73,7,46],"tags":[],"class_list":["post-1369070","post","type-post","status-publish","format-standard","has-post-thumbnail","hentry","category-uncategorized","category-deportebajacalifornia","category-deportes","category-gimnasia"],"_links":{"self":[{"href":"https:\/\/agpnoticias.com\/news\/index.php?rest_route=\/wp\/v2\/posts\/1369070","targetHints":{"allow":["GET"]}}],"collection":[{"href":"https:\/\/agpnoticias.com\/news\/index.php?rest_route=\/wp\/v2\/posts"}],"about":[{"href":"https:\/\/agpnoticias.com\/news\/index.php?rest_route=\/wp\/v2\/types\/post"}],"author":[{"embeddable":true,"href":"https:\/\/agpnoticias.com\/news\/index.php?rest_route=\/wp\/v2\/users\/1"}],"replies":[{"embeddable":true,"href":"https:\/\/agpnoticias.com\/news\/index.php?rest_route=%2Fwp%2Fv2%2Fcomments&post=1369070"}],"version-history":[{"count":3,"href":"https:\/\/agpnoticias.com\/news\/index.php?rest_route=\/wp\/v2\/posts\/1369070\/revisions"}],"predecessor-version":[{"id":1369135,"href":"https:\/\/agpnoticias.com\/news\/index.php?rest_route=\/wp\/v2\/posts\/1369070\/revisions\/1369135"}],"wp:featuredmedia":[{"embeddable":true,"href":"https:\/\/agpnoticias.com\/news\/index.php?rest_route=\/wp\/v2\/media\/1369076"}],"wp:attachment":[{"href":"https:\/\/agpnoticias.com\/news\/index.php?rest_route=%2Fwp%2Fv2%2Fmedia&parent=1369070"}],"wp:term":[{"taxonomy":"category","embeddable":true,"href":"https:\/\/agpnoticias.com\/news\/index.php?rest_route=%2Fwp%2Fv2%2Fcategories&post=1369070"},{"taxonomy":"post_tag","embeddable":true,"href":"https:\/\/agpnoticias.com\/news\/index.php?rest_route=%2Fwp%2Fv2%2Ftags&post=1369070"}],"curies":[{"name":"wp","href":"https:\/\/api.w.org\/{rel}","templated":true}]}}