{"id":1392,"date":"2010-12-10T12:18:58","date_gmt":"2010-12-10T20:18:58","guid":{"rendered":"http:\/\/agpnoticias.com\/news\/?p=1392"},"modified":"2014-12-17T11:57:39","modified_gmt":"2014-12-17T19:57:39","slug":"marco-deportivo-el-pasado-presente","status":"publish","type":"post","link":"https:\/\/agpnoticias.com\/news\/?p=1392","title":{"rendered":"Marco Deportivo :: El pasado, presente"},"content":{"rendered":"<p>\u201cSe hace as\u00ed porque yo quiero y porque soy el que manda\u201d, reproduce el diario local con su respetiva atribuci\u00f3n: \u201cdijo el presidente municipal\u2026\u201d.<br \/>\nFrases como \u201cnadie va a pagar por hacer deporte en las unidades p\u00fablicas, porque yo lo digo\u201d, son publicadas con su respectiva atribuci\u00f3n: \u201csostuvo el alcalde\u2026\u201d.<br \/>\nEn la primera plana del peri\u00f3dico de la ciudad aparecen todas las comisiones distribuidas en el cabildo con su respectivo responsable, menos una, la de deporte, cuya titularidad no es reclamada por ninguno de los oportunistas de la pol\u00edtica disfrazados de representantes populares.<!--more--><br \/>\n\u201cNo es una comisi\u00f3n permanente\u201d, publica el peri\u00f3dico de la ciudad en torno a la omisi\u00f3n del deporte en el reparto a los regidores, con su respectiva atribuci\u00f3n: \u201cdeclar\u00f3 el alcalde\u2026\u201d.<br \/>\nLuego, lo secundan dos ediles igualmente desinformados, quienes desestiman la representaci\u00f3n del deporte en el cabildo, aunque uno de ellos porte el atuendo de tenista por debajo del traje.<br \/>\nY as\u00ed, el deporte es ignorado mientras los supuestos defensores de los intereses del pueblo &#8211;en una feroz defensa de los intereses propios y los de su partido&#8211; pelean con \u201cel cuchillo entre los dientes\u201d por las comisiones.<br \/>\nPor ignorancia, por desinter\u00e9s o por lo que sea, nadie habla del instituto del deporte ni de su junta de gobierno ni de los tres regidores que deben que integrarla, ya que de su participaci\u00f3n depende la ratificaci\u00f3n del director de la dependencia paramunicipal, as\u00ed como la aprobaci\u00f3n o rechazo de cualquier propuesta (aunque sea ordenada por el alcalde en un arranque de populismo).<br \/>\nAnte el caos, la prensa de la ciudad solicita entrevistas con el funcionario \u201cfulano de tal\u201d para conocer el estado en el que encuentra la dependencia que dirigir\u00e1 por tres a\u00f1os, pero los reporteros tienen que hacer antesala de d\u00edas en espera del funcionario \u201cfulano de tal\u201d que pide tiempo para conceder la entrevista porque se est\u00e1 \u201cacomodando\u201d o porque \u201cvamos llegando y somos nuevos\u201d o porque simplemente no le da la gana.<br \/>\nEl peri\u00f3dico no est\u00e1 fechado en 1985 sino en diciembre de 2010; no es informaci\u00f3n extra\u00edda de los ejemplares guardados en el archivo, sino que es informaci\u00f3n extra\u00edda de los ejemplares m\u00e1s recientes; tampoco son las declaraciones de un diputado federal a mediados de los ochentas, sino que son las declaraciones de un presidente municipal en la actualidad.<br \/>\nDe repente, desde hace algunos d\u00edas, la ciudad parece haber retrocedido en el tiempo.<\/p>\n<p><a href=\"mailto:mdominguez@elvigia.net\">mdominguez@elvigia.net<\/a><br \/>\n<a href=\"mailto:md_niebla@hotmail.com\">md_niebla@hotmail.com<\/a><\/p>\n","protected":false},"excerpt":{"rendered":"<p>\u201cSe hace as\u00ed porque yo quiero y porque soy el que manda\u201d, reproduce el diario&#8230;<\/p>\n","protected":false},"author":9,"featured_media":0,"comment_status":"open","ping_status":"open","sticky":false,"template":"","format":"standard","meta":{"footnotes":""},"categories":[24],"tags":[],"class_list":["post-1392","post","type-post","status-publish","format-standard","hentry","category-la-columna"],"_links":{"self":[{"href":"https:\/\/agpnoticias.com\/news\/index.php?rest_route=\/wp\/v2\/posts\/1392","targetHints":{"allow":["GET"]}}],"collection":[{"href":"https:\/\/agpnoticias.com\/news\/index.php?rest_route=\/wp\/v2\/posts"}],"about":[{"href":"https:\/\/agpnoticias.com\/news\/index.php?rest_route=\/wp\/v2\/types\/post"}],"author":[{"embeddable":true,"href":"https:\/\/agpnoticias.com\/news\/index.php?rest_route=\/wp\/v2\/users\/9"}],"replies":[{"embeddable":true,"href":"https:\/\/agpnoticias.com\/news\/index.php?rest_route=%2Fwp%2Fv2%2Fcomments&post=1392"}],"version-history":[{"count":4,"href":"https:\/\/agpnoticias.com\/news\/index.php?rest_route=\/wp\/v2\/posts\/1392\/revisions"}],"predecessor-version":[{"id":1395,"href":"https:\/\/agpnoticias.com\/news\/index.php?rest_route=\/wp\/v2\/posts\/1392\/revisions\/1395"}],"wp:attachment":[{"href":"https:\/\/agpnoticias.com\/news\/index.php?rest_route=%2Fwp%2Fv2%2Fmedia&parent=1392"}],"wp:term":[{"taxonomy":"category","embeddable":true,"href":"https:\/\/agpnoticias.com\/news\/index.php?rest_route=%2Fwp%2Fv2%2Fcategories&post=1392"},{"taxonomy":"post_tag","embeddable":true,"href":"https:\/\/agpnoticias.com\/news\/index.php?rest_route=%2Fwp%2Fv2%2Ftags&post=1392"}],"curies":[{"name":"wp","href":"https:\/\/api.w.org\/{rel}","templated":true}]}}