{"id":1465605,"date":"2014-10-08T17:04:54","date_gmt":"2014-10-09T00:04:54","guid":{"rendered":"http:\/\/agpnoticias.com\/news\/?p=1465605"},"modified":"2016-12-28T22:21:45","modified_gmt":"2016-12-29T06:21:45","slug":"finaliza-semana-de-intercambio-mexico-peru","status":"publish","type":"post","link":"https:\/\/agpnoticias.com\/news\/?p=1465605","title":{"rendered":"Finaliza semana de intercambio M\u00e9xico-Per\u00fa"},"content":{"rendered":"<figure id=\"attachment_1465639\" aria-describedby=\"caption-attachment-1465639\" style=\"width: 800px\" class=\"wp-caption aligncenter\"><a href=\"http:\/\/agpnoticias.com\/news\/finaliza-semana-de-intercambio-mexico-peru\/sony-dsc-975\/\" rel=\"attachment wp-att-1465639\"><img fetchpriority=\"high\" decoding=\"async\" class=\"size-full wp-image-1465639\" src=\"http:\/\/agpnoticias.com\/news\/wp-content\/uploads\/2014\/10\/Seleccionados-de-M\u00e9xico-y-Per\u00fa-finalizaron-su-semana-de-intercambio.jpg\" alt=\"Seleccionados de M\u00e9xico y Per\u00fa finalizaron su semana de intercambio en Ensenada\" width=\"800\" height=\"478\" srcset=\"https:\/\/agpnoticias.com\/news\/wp-content\/uploads\/2014\/10\/Seleccionados-de-M\u00e9xico-y-Per\u00fa-finalizaron-su-semana-de-intercambio.jpg 800w, https:\/\/agpnoticias.com\/news\/wp-content\/uploads\/2014\/10\/Seleccionados-de-M\u00e9xico-y-Per\u00fa-finalizaron-su-semana-de-intercambio-200x119.jpg 200w, https:\/\/agpnoticias.com\/news\/wp-content\/uploads\/2014\/10\/Seleccionados-de-M\u00e9xico-y-Per\u00fa-finalizaron-su-semana-de-intercambio-600x358.jpg 600w\" sizes=\"(max-width: 800px) 100vw, 800px\" \/><\/a><figcaption id=\"caption-attachment-1465639\" class=\"wp-caption-text\">Seleccionados de M\u00e9xico y Per\u00fa finalizaron su semana de intercambio en Ensenada<\/figcaption><\/figure>\n<p>Ensenada, Baja California.- Fue una sola pelea de diferencia.<\/p>\n<p>El tope entre los seleccionados de M\u00e9xico y Per\u00fa se encontraba empatado a cuatro peleas por bando.<\/p>\n<figure id=\"attachment_1465651\" aria-describedby=\"caption-attachment-1465651\" style=\"width: 480px\" class=\"wp-caption alignright\"><a href=\"http:\/\/agpnoticias.com\/news\/finaliza-semana-de-intercambio-mexico-peru\/diego-rodriguez-gano-el-ultimo-combate\/\" rel=\"attachment wp-att-1465651\"><img decoding=\"async\" class=\"size-full wp-image-1465651\" src=\"http:\/\/agpnoticias.com\/news\/wp-content\/uploads\/2014\/10\/Diego-Rodr\u00edguez-gan\u00f3-el-\u00faltimo-combate.jpg\" alt=\"Diego Rodr\u00edguez gan\u00f3 el \u00faltimo combate\" width=\"480\" height=\"625\" srcset=\"https:\/\/agpnoticias.com\/news\/wp-content\/uploads\/2014\/10\/Diego-Rodr\u00edguez-gan\u00f3-el-\u00faltimo-combate.jpg 480w, https:\/\/agpnoticias.com\/news\/wp-content\/uploads\/2014\/10\/Diego-Rodr\u00edguez-gan\u00f3-el-\u00faltimo-combate-153x200.jpg 153w\" sizes=\"(max-width: 480px) 100vw, 480px\" \/><\/a><figcaption id=\"caption-attachment-1465651\" class=\"wp-caption-text\">Diego Rodr\u00edguez gan\u00f3 el \u00faltimo combate<\/figcaption><\/figure>\n<p>Y entonces hubo de realizarse un desempate.<\/p>\n<p>Para el equipo peruano Per\u00fa fue turno del bronce panamericano Ray Lira, mientras que por M\u00e9xico la responsabilidad recay\u00f3 en Diego Rodr\u00edguez, uno de los m\u00e1s experimentados representantes de la organizaci\u00f3n Shito Ryu Rodr\u00edguez y tambi\u00e9n medallista panamericano.<\/p>\n<p>Al final, M\u00e9xico gan\u00f3 el intercambio deportivo sostenido entre los representantes de ambos pa\u00edses en el Centro de Alto Rendimiento de Ensenada por 5-4.<\/p>\n<p>Con ese evento, adem\u00e1s, finaliz\u00f3 una semana de concentraci\u00f3n de la delegaci\u00f3n a cargo del Sensei Juan Luis Velasco e integrada por Ray Lira, Joseph Flores y Paul L\u00f3pez, quienes sostuvieron entre tres y cuatro peleas contra un grupo de seleccionados locales.<\/p>\n<p>\u00abFue un muy buen resultado tanto para ellos como para nosotros. Los topes estuvieron muy nivelados, tanto que quedamos cinco por cuarto\u00bb, explic\u00f3 Juan Diego Rodr\u00edguez.<\/p>\n<p>El titular de la organizaci\u00f3n Shito Ryu se encarg\u00f3 de capacitar a los seleccionados de Per\u00fa en la modalidad de combate y con apenas una semana de trabajo trat\u00f3 de aportar los conocimientos en el \u00e1rea que m\u00e1s domina.<\/p>\n<p>\u00abHubo dos o tres acciones que estuvieron a punto de salirles, pero fue muy poco tiempo de trabajo, aunque nos exigieron m\u00e1s que en el tope que sostuvimos con ellos en Lima hace unas semanas, donde ganamos seis peleas y perdimos tres, porque all\u00e1 fuimos m\u00e1s aguerridos\u00bb, dijo.<\/p>\n<p>El tambi\u00e9n t\u00e9cnico de la Federaci\u00f3n Mexicana de Karate agradeci\u00f3 la clase brindada por Juan Luis Velasco a sus dirigidos \u00abpara descubrir algunos secretos en Kata (formas), que es su especialidad\u00bb.<\/p>\n<p>\u00abFue un placer tener a estos chicos\u00bb, refiri\u00f3 despu\u00e9s de invitarlos durante su estad\u00eda en el Campeonato Panamericano Infantil y Juvenil disputado en Lima.<\/p>\n<p><strong>Agradecidos<\/strong><\/p>\n<figure id=\"attachment_1465676\" aria-describedby=\"caption-attachment-1465676\" style=\"width: 640px\" class=\"wp-caption alignleft\"><a href=\"http:\/\/agpnoticias.com\/news\/finaliza-semana-de-intercambio-mexico-peru\/el-tope-entre-los-seleccionados-se-realizo-en-el-car\/\" rel=\"attachment wp-att-1465676\"><img decoding=\"async\" class=\"size-large wp-image-1465676\" src=\"http:\/\/agpnoticias.com\/news\/wp-content\/uploads\/2014\/10\/El-tope-entre-los-seleccionados-se-realiz\u00f3-en-el-CAR-640x480.jpg\" alt=\"El tope entre los seleccionados se realiz\u00f3 en el CAR\" width=\"640\" height=\"480\" srcset=\"https:\/\/agpnoticias.com\/news\/wp-content\/uploads\/2014\/10\/El-tope-entre-los-seleccionados-se-realiz\u00f3-en-el-CAR-640x480.jpg 640w, https:\/\/agpnoticias.com\/news\/wp-content\/uploads\/2014\/10\/El-tope-entre-los-seleccionados-se-realiz\u00f3-en-el-CAR-320x240.jpg 320w\" sizes=\"(max-width: 640px) 100vw, 640px\" \/><\/a><figcaption id=\"caption-attachment-1465676\" class=\"wp-caption-text\">El tope entre los seleccionados se realiz\u00f3 en el CAR<\/figcaption><\/figure>\n<p>Juan Velasco, titular del seleccionado de Per\u00fa, calific\u00f3 a los seleccionados ensenadenses como \u00ablos mejores de M\u00e9xico\u00bb.<\/p>\n<p>\u00abPor eso nos vamos totalmente agradecidos, ya que nos llevamos un aprendizaje que trataremos de aplicar en cuanto regresemos a Lima\u00bb, apunt\u00f3.<\/p>\n<p>El titular de la delegaci\u00f3n sudamericana consider\u00f3 que \u00abs\u00f3lo fue una semana, muy poco tiempo, pero ya se ve un cambio impresionante en los chicos, que lo hicieron muy bien en este tope que termin\u00f3 muy parejo\u00bb.<\/p>\n<p>Adem\u00e1s, \u00abfueron peleas muy aguerridas y eso me ha permitido ver hasta qu\u00e9 extremo pueden llegar mis compa\u00f1eros\u00bb.<\/p>\n<p>El s\u00e1bado, Juan Velasco imparti\u00f3 un seminario en Kata dentro de las instalaciones del Dojo de Shito Ryu en Valle Dorado como parte del intercambio entre ambos seleccionados.<\/p>\n<p>\u00abKata es mi especialidad y pude compartir algunos de mis conocimientos, cosas b\u00e1sicas ante el poco tiempo y espero haber dejado algo\u00bb, expres\u00f3.<\/p>\n<p>Por su parte, el medallista panamericano Ray Lira perdi\u00f3 tres de los cuatro combates que sostuvo en el CAR de Ensenada, pero rescat\u00f3 \u00abtodo lo aprendido en Ensenada\u00bb.<\/p>\n<p>\u00abA m\u00ed en particular me servir\u00e1 mucho porque he venido a aprender y me voy con los brazos llenos de nuevos conocimientos\u00bb, apunt\u00f3.<\/p>\n<p>En especial, destac\u00f3 \u00abtoda la garra\u00bb mostrada por sus compa\u00f1eros Joseph Flores y Paul L\u00f3pez, para meter a la pelea a Per\u00fa contra los disc\u00edpulos de Juan Diego Rodr\u00edguez.<\/p>\n<p>\u00abEnsenada es una ciudad que me ha encantado y nos vamos tristes por el poco tiempo que estuvimos ac\u00e1, pero contentos a la vez por haber convivido con seleccionados tan competitivos\u00bb, agreg\u00f3.<\/p>\n<p><strong>Combates ganados por M\u00e9xico<\/strong><\/p>\n<p>Jorge Mc Cormick sobre Ray Lira<\/p>\n<p>Armando Luque sobre Paul L\u00f3pez<\/p>\n<p>Luis Reyes sobre Ray Lira<\/p>\n<p>Adri\u00e1n Mart\u00ednez sobre Paul L\u00f3pez<\/p>\n<p>Diego Rodr\u00edguez sobre Ray Lira<\/p>\n<p><strong>Combates ganados por Per\u00fa<\/strong><\/p>\n<p>Joseph Flores sobre Abdiel Quintero<\/p>\n<p>Paul L\u00f3pez sobre Rogelio Acosta<\/p>\n<p>Ray Lira sobre Ra\u00fal Arreola<\/p>\n<p>Joseph Flores sobre Rafael Cobos<\/p>\n<p><strong>Pelea empatada<\/strong><\/p>\n<p>Joseph Flores contra Adri\u00e1n Mart\u00ednez<\/p>\n<figure id=\"attachment_1465691\" aria-describedby=\"caption-attachment-1465691\" style=\"width: 800px\" class=\"wp-caption aligncenter\"><a href=\"http:\/\/agpnoticias.com\/news\/finaliza-semana-de-intercambio-mexico-peru\/la-familia-rodriguez-anfitriona-de-los-seleccionados-peruanos\/\" rel=\"attachment wp-att-1465691\"><img loading=\"lazy\" decoding=\"async\" class=\"size-full wp-image-1465691\" src=\"http:\/\/agpnoticias.com\/news\/wp-content\/uploads\/2014\/10\/La-familia-Rodr\u00edguez-anfitriona-de-los-seleccionados-peruanos.jpg\" alt=\"La familia Rodr\u00edguez, anfitriona de los seleccionados peruanos\" width=\"800\" height=\"488\" srcset=\"https:\/\/agpnoticias.com\/news\/wp-content\/uploads\/2014\/10\/La-familia-Rodr\u00edguez-anfitriona-de-los-seleccionados-peruanos.jpg 800w, https:\/\/agpnoticias.com\/news\/wp-content\/uploads\/2014\/10\/La-familia-Rodr\u00edguez-anfitriona-de-los-seleccionados-peruanos-200x122.jpg 200w, https:\/\/agpnoticias.com\/news\/wp-content\/uploads\/2014\/10\/La-familia-Rodr\u00edguez-anfitriona-de-los-seleccionados-peruanos-600x366.jpg 600w\" sizes=\"(max-width: 800px) 100vw, 800px\" \/><\/a><figcaption id=\"caption-attachment-1465691\" class=\"wp-caption-text\">La familia Rodr\u00edguez, anfitriona de los seleccionados peruanos<\/figcaption><\/figure>\n","protected":false},"excerpt":{"rendered":"<p>Ensenada, Baja California.- Fue una sola pelea de diferencia. El tope entre los seleccionados de&#8230;<\/p>\n","protected":false},"author":1,"featured_media":1465639,"comment_status":"closed","ping_status":"closed","sticky":false,"template":"","format":"standard","meta":{"footnotes":""},"categories":[1,73,7,695],"tags":[],"class_list":["post-1465605","post","type-post","status-publish","format-standard","has-post-thumbnail","hentry","category-uncategorized","category-deportebajacalifornia","category-deportes","category-karate"],"_links":{"self":[{"href":"https:\/\/agpnoticias.com\/news\/index.php?rest_route=\/wp\/v2\/posts\/1465605","targetHints":{"allow":["GET"]}}],"collection":[{"href":"https:\/\/agpnoticias.com\/news\/index.php?rest_route=\/wp\/v2\/posts"}],"about":[{"href":"https:\/\/agpnoticias.com\/news\/index.php?rest_route=\/wp\/v2\/types\/post"}],"author":[{"embeddable":true,"href":"https:\/\/agpnoticias.com\/news\/index.php?rest_route=\/wp\/v2\/users\/1"}],"replies":[{"embeddable":true,"href":"https:\/\/agpnoticias.com\/news\/index.php?rest_route=%2Fwp%2Fv2%2Fcomments&post=1465605"}],"version-history":[{"count":2,"href":"https:\/\/agpnoticias.com\/news\/index.php?rest_route=\/wp\/v2\/posts\/1465605\/revisions"}],"predecessor-version":[{"id":1465699,"href":"https:\/\/agpnoticias.com\/news\/index.php?rest_route=\/wp\/v2\/posts\/1465605\/revisions\/1465699"}],"wp:featuredmedia":[{"embeddable":true,"href":"https:\/\/agpnoticias.com\/news\/index.php?rest_route=\/wp\/v2\/media\/1465639"}],"wp:attachment":[{"href":"https:\/\/agpnoticias.com\/news\/index.php?rest_route=%2Fwp%2Fv2%2Fmedia&parent=1465605"}],"wp:term":[{"taxonomy":"category","embeddable":true,"href":"https:\/\/agpnoticias.com\/news\/index.php?rest_route=%2Fwp%2Fv2%2Fcategories&post=1465605"},{"taxonomy":"post_tag","embeddable":true,"href":"https:\/\/agpnoticias.com\/news\/index.php?rest_route=%2Fwp%2Fv2%2Ftags&post=1465605"}],"curies":[{"name":"wp","href":"https:\/\/api.w.org\/{rel}","templated":true}]}}