{"id":1466289,"date":"2014-10-08T18:00:52","date_gmt":"2014-10-09T01:00:52","guid":{"rendered":"http:\/\/agpnoticias.com\/news\/?p=1466289"},"modified":"2014-10-08T18:26:46","modified_gmt":"2014-10-09T01:26:46","slug":"abre-b-c-segunda-ronda-del-nacional-este-jueves","status":"publish","type":"post","link":"https:\/\/agpnoticias.com\/news\/?p=1466289","title":{"rendered":"Abre B.C. segunda ronda del nacional este jueves"},"content":{"rendered":"<figure id=\"attachment_1466317\" aria-describedby=\"caption-attachment-1466317\" style=\"width: 480px\" class=\"wp-caption alignright\"><a href=\"http:\/\/agpnoticias.com\/news\/abre-b-c-segunda-ronda-del-nacional-este-jueves\/la-seleccion-de-baja-california-ya-clasifco-a-la-segunda-ronda-del-nacional\/\" rel=\"attachment wp-att-1466317\"><img fetchpriority=\"high\" decoding=\"async\" class=\"size-full wp-image-1466317\" src=\"http:\/\/agpnoticias.com\/news\/wp-content\/uploads\/2014\/10\/La-selecci\u00f3n-de-Baja-California-ya-clasifc\u00f3-a-la-segunda-ronda-del-nacional.jpg\" alt=\"La selecci\u00f3n de Baja California ya clasifc\u00f3 a la segunda ronda del nacional\" width=\"480\" height=\"320\" srcset=\"https:\/\/agpnoticias.com\/news\/wp-content\/uploads\/2014\/10\/La-selecci\u00f3n-de-Baja-California-ya-clasifc\u00f3-a-la-segunda-ronda-del-nacional.jpg 480w, https:\/\/agpnoticias.com\/news\/wp-content\/uploads\/2014\/10\/La-selecci\u00f3n-de-Baja-California-ya-clasifc\u00f3-a-la-segunda-ronda-del-nacional-200x133.jpg 200w\" sizes=\"(max-width: 480px) 100vw, 480px\" \/><\/a><figcaption id=\"caption-attachment-1466317\" class=\"wp-caption-text\">La selecci\u00f3n de Baja California ya clasifc\u00f3 a la segunda ronda del nacional (Cortes\u00eda)<\/figcaption><\/figure>\n<p>Ciudad Ju\u00e1rez, Chihuahua.- Con la victoria de 4-2 registrada este mi\u00e9rcoles sobre Aguascalientes, la selecci\u00f3n de Baja California lig\u00f3 la tercera victoria que le calific\u00f3 a la siguiente ronda del Campeonato Nacional de Beisbol.<\/p>\n<p>Erick Aguirre lanz\u00f3 seis entradas y el ensenadense Jes\u00fas \u00abChuyito\u00bb Garc\u00eda complet\u00f3 el trayecto.<\/p>\n<p>Superado el tropiezo del debut contra Chihuahua Dorado, el seleccionado peninsular se repuso con triunfos sobre Argentina, Puebla y Aguascalientes.<\/p>\n<p>Ahora, compartir\u00e1 grupo, nuevamente en Ciudad Ju\u00e1rez, con Nuevo Le\u00f3n, Argentina, Aguascalientes, Distrito Federal y San Luis Potos\u00ed, su primer rival este jueves.<\/p>\n<p><strong>Grupo Chihuahua<\/strong><br \/>\nChihuahua Morado<br \/>\nSonora<br \/>\nTamaulipas<br \/>\nCoahuila<br \/>\nGuatemala<br \/>\nChihuahua Dorado<br \/>\n<strong>Grupo Ju\u00e1rez<\/strong><br \/>\nNuevo Le\u00f3n<br \/>\nBaja California<br \/>\nArgentina<br \/>\nSan Luis Potos\u00ed<br \/>\nAguascalientes<br \/>\nDistrito Federal<\/p>\n<figure id=\"attachment_1466323\" aria-describedby=\"caption-attachment-1466323\" style=\"width: 800px\" class=\"wp-caption aligncenter\"><a href=\"http:\/\/agpnoticias.com\/news\/abre-b-c-segunda-ronda-del-nacional-este-jueves\/el-ensenandense-jesus-garcia-cerro-el-juego-del-miercoles-por-baja-california\/\" rel=\"attachment wp-att-1466323\"><img decoding=\"async\" class=\"size-full wp-image-1466323\" src=\"http:\/\/agpnoticias.com\/news\/wp-content\/uploads\/2014\/10\/El-ensenandense-Jes\u00fas-Garc\u00eda-cerr\u00f3-el-juego-del-mi\u00e9rcoles-por-Baja-California.jpg\" alt=\"El ensenandense Jes\u00fas Garc\u00eda cerr\u00f3 el juego del mi\u00e9rcoles por Baja California\" width=\"800\" height=\"480\" srcset=\"https:\/\/agpnoticias.com\/news\/wp-content\/uploads\/2014\/10\/El-ensenandense-Jes\u00fas-Garc\u00eda-cerr\u00f3-el-juego-del-mi\u00e9rcoles-por-Baja-California.jpg 800w, https:\/\/agpnoticias.com\/news\/wp-content\/uploads\/2014\/10\/El-ensenandense-Jes\u00fas-Garc\u00eda-cerr\u00f3-el-juego-del-mi\u00e9rcoles-por-Baja-California-200x120.jpg 200w, https:\/\/agpnoticias.com\/news\/wp-content\/uploads\/2014\/10\/El-ensenandense-Jes\u00fas-Garc\u00eda-cerr\u00f3-el-juego-del-mi\u00e9rcoles-por-Baja-California-600x360.jpg 600w\" sizes=\"(max-width: 800px) 100vw, 800px\" \/><\/a><figcaption id=\"caption-attachment-1466323\" class=\"wp-caption-text\">El ensenandense Jes\u00fas Garc\u00eda cerr\u00f3 el juego del mi\u00e9rcoles por Baja California (Cortes\u00eda)<\/figcaption><\/figure>\n","protected":false},"excerpt":{"rendered":"<p>Ciudad Ju\u00e1rez, Chihuahua.- Con la victoria de 4-2 registrada este mi\u00e9rcoles sobre Aguascalientes, la selecci\u00f3n&#8230;<\/p>\n","protected":false},"author":1,"featured_media":1466317,"comment_status":"closed","ping_status":"closed","sticky":false,"template":"","format":"standard","meta":{"footnotes":""},"categories":[1,30,7],"tags":[],"class_list":["post-1466289","post","type-post","status-publish","format-standard","has-post-thumbnail","hentry","category-uncategorized","category-beisbol","category-deportes"],"_links":{"self":[{"href":"https:\/\/agpnoticias.com\/news\/index.php?rest_route=\/wp\/v2\/posts\/1466289","targetHints":{"allow":["GET"]}}],"collection":[{"href":"https:\/\/agpnoticias.com\/news\/index.php?rest_route=\/wp\/v2\/posts"}],"about":[{"href":"https:\/\/agpnoticias.com\/news\/index.php?rest_route=\/wp\/v2\/types\/post"}],"author":[{"embeddable":true,"href":"https:\/\/agpnoticias.com\/news\/index.php?rest_route=\/wp\/v2\/users\/1"}],"replies":[{"embeddable":true,"href":"https:\/\/agpnoticias.com\/news\/index.php?rest_route=%2Fwp%2Fv2%2Fcomments&post=1466289"}],"version-history":[{"count":2,"href":"https:\/\/agpnoticias.com\/news\/index.php?rest_route=\/wp\/v2\/posts\/1466289\/revisions"}],"predecessor-version":[{"id":1466328,"href":"https:\/\/agpnoticias.com\/news\/index.php?rest_route=\/wp\/v2\/posts\/1466289\/revisions\/1466328"}],"wp:featuredmedia":[{"embeddable":true,"href":"https:\/\/agpnoticias.com\/news\/index.php?rest_route=\/wp\/v2\/media\/1466317"}],"wp:attachment":[{"href":"https:\/\/agpnoticias.com\/news\/index.php?rest_route=%2Fwp%2Fv2%2Fmedia&parent=1466289"}],"wp:term":[{"taxonomy":"category","embeddable":true,"href":"https:\/\/agpnoticias.com\/news\/index.php?rest_route=%2Fwp%2Fv2%2Fcategories&post=1466289"},{"taxonomy":"post_tag","embeddable":true,"href":"https:\/\/agpnoticias.com\/news\/index.php?rest_route=%2Fwp%2Fv2%2Ftags&post=1466289"}],"curies":[{"name":"wp","href":"https:\/\/api.w.org\/{rel}","templated":true}]}}