{"id":1474260,"date":"2014-10-09T11:58:12","date_gmt":"2014-10-09T18:58:12","guid":{"rendered":"http:\/\/agpnoticias.com\/news\/?p=1474260"},"modified":"2014-10-09T18:08:50","modified_gmt":"2014-10-10T01:08:50","slug":"regresa-la-base-del-sub-campeon","status":"publish","type":"post","link":"https:\/\/agpnoticias.com\/news\/?p=1474260","title":{"rendered":"Regresa la base del sub campe\u00f3n"},"content":{"rendered":"<figure id=\"attachment_1475740\" aria-describedby=\"caption-attachment-1475740\" style=\"width: 480px\" class=\"wp-caption alignright\"><a href=\"http:\/\/agpnoticias.com\/news\/regresa-la-base-del-sub-campeon\/juan-rascon-jugara-con-mariscos-bahia\/\" rel=\"attachment wp-att-1475740\"><img fetchpriority=\"high\" decoding=\"async\" class=\"size-full wp-image-1475740\" src=\"http:\/\/agpnoticias.com\/news\/wp-content\/uploads\/2014\/10\/Juan-Rasc\u00f3n-jugar\u00e1-con-Mariscos-Bah\u00eda.jpg\" alt=\"Juan Rasc\u00f3n jugar\u00e1 con Mariscos Bah\u00eda\" width=\"480\" height=\"563\" srcset=\"https:\/\/agpnoticias.com\/news\/wp-content\/uploads\/2014\/10\/Juan-Rasc\u00f3n-jugar\u00e1-con-Mariscos-Bah\u00eda.jpg 480w, https:\/\/agpnoticias.com\/news\/wp-content\/uploads\/2014\/10\/Juan-Rasc\u00f3n-jugar\u00e1-con-Mariscos-Bah\u00eda-170x200.jpg 170w\" sizes=\"(max-width: 480px) 100vw, 480px\" \/><\/a><figcaption id=\"caption-attachment-1475740\" class=\"wp-caption-text\">Juan Rasc\u00f3n jugar\u00e1 con Mariscos Bah\u00eda<\/figcaption><\/figure>\n<p>Ensenada, Baja California.- Este domingo, contra los campeones Mineros de la Liga Rural, Mariscos Bah\u00eda ya se parecer\u00e1 m\u00e1s al plantel que disput\u00f3 la pasada final de la Liga Industrial Comercial.<\/p>\n<p>Despu\u00e9s de presentar un equipo juvenil la semana pasada durante el triunfo ante Bravos, el equipo dirigido por Alberto Mancilla Ponce recuperar\u00e1 al grupo de jugadores de experiencia que conjunt\u00f3 el torneo previo.<\/p>\n<p>Dos de los nuevos elementos son el bateador de poder Juan Rasc\u00f3n y el infielder Alejandro Garc\u00eda, ambos provenientes de los Ericeros.<\/p>\n<p>El resto del plantel, seg\u00fan lo confirmado por Alberto Mancilla \u00c1valos, ser\u00e1 completado por la base de 2014.<\/p>\n<p>Entre ellos, el primera base y patrocinador del equipo mencion\u00f3 al pitcher C\u00e9sar Baguer y los hermanos Jonathan y Mickey Colmenares, as\u00ed como Rhams\u00e9s Orozco, Roberto Sol\u00eds, Jes\u00fas Mart\u00ednez y Daniel Garc\u00eda Marchena.<\/p>\n<p>Adem\u00e1s, aunque no se presentar\u00e1 este domingo, est\u00e1 confirmado el regreso del lanzador mexicalense Ricky Guzm\u00e1n.<\/p>\n","protected":false},"excerpt":{"rendered":"<p>Ensenada, Baja California.- Este domingo, contra los campeones Mineros de la Liga Rural, Mariscos Bah\u00eda&#8230;<\/p>\n","protected":false},"author":1,"featured_media":1475734,"comment_status":"closed","ping_status":"closed","sticky":false,"template":"","format":"standard","meta":{"footnotes":""},"categories":[1,30,20,7],"tags":[],"class_list":["post-1474260","post","type-post","status-publish","format-standard","has-post-thumbnail","hentry","category-uncategorized","category-beisbol","category-beisbol-industrial-y-comercial","category-deportes"],"_links":{"self":[{"href":"https:\/\/agpnoticias.com\/news\/index.php?rest_route=\/wp\/v2\/posts\/1474260","targetHints":{"allow":["GET"]}}],"collection":[{"href":"https:\/\/agpnoticias.com\/news\/index.php?rest_route=\/wp\/v2\/posts"}],"about":[{"href":"https:\/\/agpnoticias.com\/news\/index.php?rest_route=\/wp\/v2\/types\/post"}],"author":[{"embeddable":true,"href":"https:\/\/agpnoticias.com\/news\/index.php?rest_route=\/wp\/v2\/users\/1"}],"replies":[{"embeddable":true,"href":"https:\/\/agpnoticias.com\/news\/index.php?rest_route=%2Fwp%2Fv2%2Fcomments&post=1474260"}],"version-history":[{"count":3,"href":"https:\/\/agpnoticias.com\/news\/index.php?rest_route=\/wp\/v2\/posts\/1474260\/revisions"}],"predecessor-version":[{"id":1475760,"href":"https:\/\/agpnoticias.com\/news\/index.php?rest_route=\/wp\/v2\/posts\/1474260\/revisions\/1475760"}],"wp:featuredmedia":[{"embeddable":true,"href":"https:\/\/agpnoticias.com\/news\/index.php?rest_route=\/wp\/v2\/media\/1475734"}],"wp:attachment":[{"href":"https:\/\/agpnoticias.com\/news\/index.php?rest_route=%2Fwp%2Fv2%2Fmedia&parent=1474260"}],"wp:term":[{"taxonomy":"category","embeddable":true,"href":"https:\/\/agpnoticias.com\/news\/index.php?rest_route=%2Fwp%2Fv2%2Fcategories&post=1474260"},{"taxonomy":"post_tag","embeddable":true,"href":"https:\/\/agpnoticias.com\/news\/index.php?rest_route=%2Fwp%2Fv2%2Ftags&post=1474260"}],"curies":[{"name":"wp","href":"https:\/\/api.w.org\/{rel}","templated":true}]}}