{"id":14904,"date":"2012-08-06T19:40:30","date_gmt":"2012-08-07T03:40:30","guid":{"rendered":"http:\/\/agpnoticias.com\/news\/?p=14904"},"modified":"2012-08-06T19:40:30","modified_gmt":"2012-08-07T03:40:30","slug":"arranca-pre-temporada-de-soles-en-ensenada","status":"publish","type":"post","link":"https:\/\/agpnoticias.com\/news\/?p=14904","title":{"rendered":"Arranca pre temporada de Soles en Ensenada"},"content":{"rendered":"<p>Ensenada, Baja California.- Los Soles de Mexicali llegaron este lunes a Ensenada para sostener su proceso de preparaci\u00f3n rumbo al inicio de la temporada de la Liga Nacional de Baloncesto Profesional.<\/p>\n<p>El equipo dirigido por Iv\u00e1n Deniz inici\u00f3 este mismo d\u00eda con trabajo f\u00edsico en playa, as\u00ed como acondicionamiento con pesas y t\u00e1ctica en la cancha del gimnasio de la UABC Valle Dorado, antes de disputar un par de encuentros amistosos la pr\u00f3xima semana.<!--more--><\/p>\n<figure id=\"attachment_14906\" aria-describedby=\"caption-attachment-14906\" style=\"width: 150px\" class=\"wp-caption alignright\"><a href=\"http:\/\/agpnoticias.com\/news\/wp-content\/uploads\/2012\/08\/Ayer-inici\u00f3-la-pre-temporada-en-esta-ciudad.jpg\"><img decoding=\"async\" class=\"size-thumbnail wp-image-14906\" title=\"Ayer inici\u00f3 la pre temporada en esta ciudad\" src=\"http:\/\/agpnoticias.com\/news\/wp-content\/uploads\/2012\/08\/Ayer-inici\u00f3-la-pre-temporada-en-esta-ciudad-150x100.jpg\" alt=\"\" width=\"150\" height=\"100\" srcset=\"https:\/\/agpnoticias.com\/news\/wp-content\/uploads\/2012\/08\/Ayer-inici\u00f3-la-pre-temporada-en-esta-ciudad-150x100.jpg 150w, https:\/\/agpnoticias.com\/news\/wp-content\/uploads\/2012\/08\/Ayer-inici\u00f3-la-pre-temporada-en-esta-ciudad-478x320.jpg 478w, https:\/\/agpnoticias.com\/news\/wp-content\/uploads\/2012\/08\/Ayer-inici\u00f3-la-pre-temporada-en-esta-ciudad.jpg 640w\" sizes=\"(max-width: 150px) 100vw, 150px\" \/><\/a><figcaption id=\"caption-attachment-14906\" class=\"wp-caption-text\">Ayer inici\u00f3 la pre temporada en esta ciudad<\/figcaption><\/figure>\n<p>\u201cTratamos de alejarnos un poco de las altas temperaturas de Mexicali y poder tener unos mejores entrenamientos\u201d, indic\u00f3 el auxiliar t\u00e9cnico Ronald Guill\u00e9n.<\/p>\n<p>En Ensenada est\u00e1n 18 jugadores que buscar\u00e1n quedar entre los 14 que iniciar\u00e1n la temporada durante los primeros d\u00edas de septiembre.<\/p>\n<p>Tres de esos puestos, precis\u00f3, ser\u00e1n ocupados por los jugadores extranjeros que permite la liga, cupo que se redujo en relaci\u00f3n a 2011 cuando Soles qued\u00f3 eliminado en cuartos de final.<\/p>\n<p>En 2012, \u201cqueremos un equipo r\u00e1pido, joven, de sangre nueva, que tenga hambre de triunfar y mostrarse en esta liga tan dura\u201d, refiri\u00f3.<\/p>\n<p>\u201cEsperemos tener a los jugadores a tope en septiembre para iniciar la temporada sin lesiones\u201d, apunt\u00f3.<\/p>\n<p>&nbsp;<\/p>\n<p><strong>Bucio por su tercera temporada; Mart\u00ednez, contrataci\u00f3n estelar<\/strong><\/p>\n<figure id=\"attachment_14907\" aria-describedby=\"caption-attachment-14907\" style=\"width: 92px\" class=\"wp-caption alignleft\"><a href=\"http:\/\/agpnoticias.com\/news\/wp-content\/uploads\/2012\/08\/El-ensenadense-Jos\u00e9-Luis-Bucio-en-su-tercera-campa\u00f1a-con-Soles.jpg\"><img decoding=\"async\" class=\"size-thumbnail wp-image-14907\" title=\"El ensenadense Jos\u00e9 Luis Bucio en su tercera campa\u00f1a con Soles\" src=\"http:\/\/agpnoticias.com\/news\/wp-content\/uploads\/2012\/08\/El-ensenadense-Jos\u00e9-Luis-Bucio-en-su-tercera-campa\u00f1a-con-Soles-92x150.jpg\" alt=\"\" width=\"92\" height=\"150\" srcset=\"https:\/\/agpnoticias.com\/news\/wp-content\/uploads\/2012\/08\/El-ensenadense-Jos\u00e9-Luis-Bucio-en-su-tercera-campa\u00f1a-con-Soles-92x150.jpg 92w, https:\/\/agpnoticias.com\/news\/wp-content\/uploads\/2012\/08\/El-ensenadense-Jos\u00e9-Luis-Bucio-en-su-tercera-campa\u00f1a-con-Soles-197x320.jpg 197w, https:\/\/agpnoticias.com\/news\/wp-content\/uploads\/2012\/08\/El-ensenadense-Jos\u00e9-Luis-Bucio-en-su-tercera-campa\u00f1a-con-Soles.jpg 395w\" sizes=\"(max-width: 92px) 100vw, 92px\" \/><\/a><figcaption id=\"caption-attachment-14907\" class=\"wp-caption-text\">El ensenadense Jos\u00e9 Luis Bucio en su tercera campa\u00f1a con Soles<\/figcaption><\/figure>\n<p>Ent<strong>r<\/strong>e los jugadores que pretende ocupar un lugar dentro de Soles se encuentra el ensenadense Jos\u00e9 Luis Bucio, integrante del plantel mexicalense durante las dos campa\u00f1as previas.<\/p>\n<p>\u201cEn mi posici\u00f3n somos cuatro jugadores, ya es mi tercera temporada, pero cada a\u00f1o tengo que renovar contrato y al parecer todo va muy bien\u201d, refiri\u00f3.<\/p>\n<p>De regreso a su ciudad natal, Bucio destac\u00f3 las bondades del clima, pues en Mexicali el clima les dificult\u00f3 los primeros d\u00edas de trabajo.<\/p>\n<figure id=\"attachment_14908\" aria-describedby=\"caption-attachment-14908\" style=\"width: 100px\" class=\"wp-caption alignright\"><a href=\"http:\/\/agpnoticias.com\/news\/wp-content\/uploads\/2012\/08\/Rom\u00e1n-Mart\u00ednez-contrataci\u00f3n-estelar-de-Mexicali.jpg\"><img decoding=\"async\" class=\"size-thumbnail wp-image-14908\" title=\"Rom\u00e1n Mart\u00ednez, contrataci\u00f3n estelar de Mexicali\" src=\"http:\/\/agpnoticias.com\/news\/wp-content\/uploads\/2012\/08\/Rom\u00e1n-Mart\u00ednez-contrataci\u00f3n-estelar-de-Mexicali-100x150.jpg\" alt=\"\" width=\"100\" height=\"150\" srcset=\"https:\/\/agpnoticias.com\/news\/wp-content\/uploads\/2012\/08\/Rom\u00e1n-Mart\u00ednez-contrataci\u00f3n-estelar-de-Mexicali-100x150.jpg 100w, https:\/\/agpnoticias.com\/news\/wp-content\/uploads\/2012\/08\/Rom\u00e1n-Mart\u00ednez-contrataci\u00f3n-estelar-de-Mexicali-213x320.jpg 213w, https:\/\/agpnoticias.com\/news\/wp-content\/uploads\/2012\/08\/Rom\u00e1n-Mart\u00ednez-contrataci\u00f3n-estelar-de-Mexicali.jpg 427w\" sizes=\"(max-width: 100px) 100vw, 100px\" \/><\/a><figcaption id=\"caption-attachment-14908\" class=\"wp-caption-text\">Rom\u00e1n Mart\u00ednez, contrataci\u00f3n estelar<\/figcaption><\/figure>\n<p>Por su parte, Rom\u00e1n Mart\u00ednez manifest\u00f3 su inter\u00e9s de mostrar lo que de \u00e9l se espera tras participar en la liga de Espa\u00f1a.<\/p>\n<p>\u201cMexicali es una gran organizaci\u00f3n y estoy emocionado de jugar aqu\u00ed, ya que significa mucho para m\u00ed\u201d, refiri\u00f3 en torno a sus ra\u00edces mexicanas.<\/p>\n<p>Los Soles ya practican bajo las \u00f3rdenes del entrenador Iv\u00e1n Deniz, quien sigue en la plaza para continuar con su trabajo.<\/p>\n<p>El t\u00e9cnico se sum\u00f3 a los trabajos este lunes por la tarde.<\/p>\n","protected":false},"excerpt":{"rendered":"<p>Ensenada, Baja California.- Los Soles de Mexicali llegaron este lunes a Ensenada para sostener su&#8230;<\/p>\n","protected":false},"author":1,"featured_media":14905,"comment_status":"closed","ping_status":"closed","sticky":false,"template":"","format":"standard","meta":{"footnotes":""},"categories":[1,7],"tags":[],"class_list":["post-14904","post","type-post","status-publish","format-standard","has-post-thumbnail","hentry","category-uncategorized","category-deportes"],"_links":{"self":[{"href":"https:\/\/agpnoticias.com\/news\/index.php?rest_route=\/wp\/v2\/posts\/14904","targetHints":{"allow":["GET"]}}],"collection":[{"href":"https:\/\/agpnoticias.com\/news\/index.php?rest_route=\/wp\/v2\/posts"}],"about":[{"href":"https:\/\/agpnoticias.com\/news\/index.php?rest_route=\/wp\/v2\/types\/post"}],"author":[{"embeddable":true,"href":"https:\/\/agpnoticias.com\/news\/index.php?rest_route=\/wp\/v2\/users\/1"}],"replies":[{"embeddable":true,"href":"https:\/\/agpnoticias.com\/news\/index.php?rest_route=%2Fwp%2Fv2%2Fcomments&post=14904"}],"version-history":[{"count":1,"href":"https:\/\/agpnoticias.com\/news\/index.php?rest_route=\/wp\/v2\/posts\/14904\/revisions"}],"predecessor-version":[{"id":14909,"href":"https:\/\/agpnoticias.com\/news\/index.php?rest_route=\/wp\/v2\/posts\/14904\/revisions\/14909"}],"wp:featuredmedia":[{"embeddable":true,"href":"https:\/\/agpnoticias.com\/news\/index.php?rest_route=\/wp\/v2\/media\/14905"}],"wp:attachment":[{"href":"https:\/\/agpnoticias.com\/news\/index.php?rest_route=%2Fwp%2Fv2%2Fmedia&parent=14904"}],"wp:term":[{"taxonomy":"category","embeddable":true,"href":"https:\/\/agpnoticias.com\/news\/index.php?rest_route=%2Fwp%2Fv2%2Fcategories&post=14904"},{"taxonomy":"post_tag","embeddable":true,"href":"https:\/\/agpnoticias.com\/news\/index.php?rest_route=%2Fwp%2Fv2%2Ftags&post=14904"}],"curies":[{"name":"wp","href":"https:\/\/api.w.org\/{rel}","templated":true}]}}