{"id":14958,"date":"2012-08-07T20:54:17","date_gmt":"2012-08-08T04:54:17","guid":{"rendered":"http:\/\/agpnoticias.com\/news\/?p=14958"},"modified":"2012-08-07T21:08:04","modified_gmt":"2012-08-08T05:08:04","slug":"orgulloso-saul-castro-de-una-generacion-que-nos-inspira","status":"publish","type":"post","link":"https:\/\/agpnoticias.com\/news\/?p=14958","title":{"rendered":"Orgulloso Sa\u00fal Castro de \u201cuna generaci\u00f3n que nos inspira\u201d"},"content":{"rendered":"<p>Londres, Inglaterra.- Orgulloso. As\u00ed se siente Sa\u00fal Castro por ver de cerca, desde su gestaci\u00f3n, ahora como representantes destacados de M\u00e9xico, a los integrantes de \u201cuna generaci\u00f3n que nos inspira, productos hechos en casa a nivel de lo mejor del mundo\u201d.<\/p>\n<p>El gimnasta Daniel Corral, el nadador Arturo P\u00e9rez Vertti y el arquero Luis \u00c1lvarez son los atletas ol\u00edmpicos que merecen esa apreciaci\u00f3n por parte del director del Instituto del Deporte de Baja California (INDE).<!--more--><\/p>\n<figure id=\"attachment_14962\" aria-describedby=\"caption-attachment-14962\" style=\"width: 150px\" class=\"wp-caption alignright\"><a href=\"http:\/\/agpnoticias.com\/news\/wp-content\/uploads\/2012\/08\/Arturo-P\u00e9rez-Vertti1.jpg\"><img decoding=\"async\" class=\"size-thumbnail wp-image-14962\" title=\"Arturo P\u00e9rez Vertti\" src=\"http:\/\/agpnoticias.com\/news\/wp-content\/uploads\/2012\/08\/Arturo-P\u00e9rez-Vertti1-150x100.jpg\" alt=\"\" width=\"150\" height=\"100\" srcset=\"https:\/\/agpnoticias.com\/news\/wp-content\/uploads\/2012\/08\/Arturo-P\u00e9rez-Vertti1-150x100.jpg 150w, https:\/\/agpnoticias.com\/news\/wp-content\/uploads\/2012\/08\/Arturo-P\u00e9rez-Vertti1-479x320.jpg 479w, https:\/\/agpnoticias.com\/news\/wp-content\/uploads\/2012\/08\/Arturo-P\u00e9rez-Vertti1.jpg 640w\" sizes=\"(max-width: 150px) 100vw, 150px\" \/><\/a><figcaption id=\"caption-attachment-14962\" class=\"wp-caption-text\">Arturo P\u00e9rez Vertti<\/figcaption><\/figure>\n<p>\u201cEn general, califico la actuaci\u00f3n de los muchachos de Baja de extraordinaria, sobre todo, primero, porque lograron su clasificaci\u00f3n, y segundo, porque son los primeros juegos ol\u00edmpicos de los tres\u201d, indic\u00f3 desde Londres, Inglaterra.<\/p>\n<figure id=\"attachment_14964\" aria-describedby=\"caption-attachment-14964\" style=\"width: 150px\" class=\"wp-caption alignleft\"><a href=\"http:\/\/agpnoticias.com\/news\/wp-content\/uploads\/2012\/08\/Luis-\u00c1lvarez.jpg\"><img decoding=\"async\" class=\"size-thumbnail wp-image-14964\" title=\"Luis \u00c1lvarez\" src=\"http:\/\/agpnoticias.com\/news\/wp-content\/uploads\/2012\/08\/Luis-\u00c1lvarez-150x99.jpg\" alt=\"\" width=\"150\" height=\"99\" srcset=\"https:\/\/agpnoticias.com\/news\/wp-content\/uploads\/2012\/08\/Luis-\u00c1lvarez-150x99.jpg 150w, https:\/\/agpnoticias.com\/news\/wp-content\/uploads\/2012\/08\/Luis-\u00c1lvarez.jpg 452w\" sizes=\"(max-width: 150px) 100vw, 150px\" \/><\/a><figcaption id=\"caption-attachment-14964\" class=\"wp-caption-text\">Luis \u00abAbuelo\u00bb \u00c1lvarez<\/figcaption><\/figure>\n<p>Sobre el nadador ensenadense Arturo P\u00e9rez Vertti opin\u00f3 que \u201cfue el mejor en su heat pero los tiempos no le dieron (para avanzar a la final de los mil 500 metros), quiz\u00e1s si le hubiera tocado un heat m\u00e1s fuerte habr\u00eda llegado a m\u00e1s\u201d.<\/p>\n<figure id=\"attachment_14966\" aria-describedby=\"caption-attachment-14966\" style=\"width: 132px\" class=\"wp-caption alignright\"><a href=\"http:\/\/agpnoticias.com\/news\/wp-content\/uploads\/2012\/08\/Daniel-Corral1.jpg\"><img decoding=\"async\" class=\"size-thumbnail wp-image-14966\" title=\"Daniel Corral\" src=\"http:\/\/agpnoticias.com\/news\/wp-content\/uploads\/2012\/08\/Daniel-Corral1-132x150.jpg\" alt=\"\" width=\"132\" height=\"150\" srcset=\"https:\/\/agpnoticias.com\/news\/wp-content\/uploads\/2012\/08\/Daniel-Corral1-132x150.jpg 132w, https:\/\/agpnoticias.com\/news\/wp-content\/uploads\/2012\/08\/Daniel-Corral1-282x320.jpg 282w, https:\/\/agpnoticias.com\/news\/wp-content\/uploads\/2012\/08\/Daniel-Corral1.jpg 480w\" sizes=\"(max-width: 132px) 100vw, 132px\" \/><\/a><figcaption id=\"caption-attachment-14966\" class=\"wp-caption-text\">Daniel Corral<\/figcaption><\/figure>\n<p>El arquero Luis \u00c1lvarez, cuarto por equipos y participante individual hasta la ronda de dieciseisavos de final \u201cestuvo a nada de un bronce y fue el mejor del equipo mexicano, as\u00ed que tenemos \u00b4abuelo\u00b4para rato\u201d.<\/p>\n<p>\u201cFinalmente Daniel Corral ha pasado a la final (de barras paralelas), qued\u00f3 quinto y sencillamente es el mejor gimnasta mexicano de todos los tiempos en la historia de juegos ol\u00edmpicos, y todav\u00eda vienen sus juegos que ser\u00e1n en Brasil (2016)\u201d, apunt\u00f3.<\/p>\n<figure id=\"attachment_14967\" aria-describedby=\"caption-attachment-14967\" style=\"width: 150px\" class=\"wp-caption alignleft\"><a href=\"http:\/\/agpnoticias.com\/news\/wp-content\/uploads\/2012\/08\/H\u00e9ctor-Herrera.jpg\"><img loading=\"lazy\" decoding=\"async\" class=\"size-thumbnail wp-image-14967\" title=\"H\u00e9ctor Herrera\" src=\"http:\/\/agpnoticias.com\/news\/wp-content\/uploads\/2012\/08\/H\u00e9ctor-Herrera-150x85.jpg\" alt=\"\" width=\"150\" height=\"85\" srcset=\"https:\/\/agpnoticias.com\/news\/wp-content\/uploads\/2012\/08\/H\u00e9ctor-Herrera-150x85.jpg 150w, https:\/\/agpnoticias.com\/news\/wp-content\/uploads\/2012\/08\/H\u00e9ctor-Herrera-560x320.jpg 560w, https:\/\/agpnoticias.com\/news\/wp-content\/uploads\/2012\/08\/H\u00e9ctor-Herrera.jpg 615w\" sizes=\"(max-width: 150px) 100vw, 150px\" \/><\/a><figcaption id=\"caption-attachment-14967\" class=\"wp-caption-text\">H\u00e9ctor Herrera<\/figcaption><\/figure>\n<p>Por esos resultados, \u201cme siento contento, pero me siento mucho m\u00e1s lleno de orgullo y de cari\u00f1o por los tres atletas y por sus familias porque no ha sido en lo absoluto nada f\u00e1cil\u201d.<\/p>\n<p>El director del INDE dijo que seguir\u00e1 la final de futbol, donde el tijuanense H\u00e9ctor Herrera disputar\u00e1 la medalla de oro contra Brasil.<\/p>\n<p>Sa\u00fal Castro tambi\u00e9n espera \u201cuna agradable sorpresa\u201d de parte de la atleta bajacaliforniana que competir\u00e1 en los Juegos Paral\u00edmpicos de Londres, Tania Lorena Jim\u00e9nez (100 metros y lanzamiento de bala).<\/p>\n<p>\u201cLos felicito a todos ellos porque son una generaci\u00f3n que nos inspira\u201d, concluy\u00f3.<\/p>\n","protected":false},"excerpt":{"rendered":"<p>Londres, Inglaterra.- Orgulloso. As\u00ed se siente Sa\u00fal Castro por ver de cerca, desde su gestaci\u00f3n,&#8230;<\/p>\n","protected":false},"author":1,"featured_media":14959,"comment_status":"closed","ping_status":"closed","sticky":false,"template":"","format":"standard","meta":{"footnotes":""},"categories":[1,7],"tags":[],"class_list":["post-14958","post","type-post","status-publish","format-standard","has-post-thumbnail","hentry","category-uncategorized","category-deportes"],"_links":{"self":[{"href":"https:\/\/agpnoticias.com\/news\/index.php?rest_route=\/wp\/v2\/posts\/14958","targetHints":{"allow":["GET"]}}],"collection":[{"href":"https:\/\/agpnoticias.com\/news\/index.php?rest_route=\/wp\/v2\/posts"}],"about":[{"href":"https:\/\/agpnoticias.com\/news\/index.php?rest_route=\/wp\/v2\/types\/post"}],"author":[{"embeddable":true,"href":"https:\/\/agpnoticias.com\/news\/index.php?rest_route=\/wp\/v2\/users\/1"}],"replies":[{"embeddable":true,"href":"https:\/\/agpnoticias.com\/news\/index.php?rest_route=%2Fwp%2Fv2%2Fcomments&post=14958"}],"version-history":[{"count":5,"href":"https:\/\/agpnoticias.com\/news\/index.php?rest_route=\/wp\/v2\/posts\/14958\/revisions"}],"predecessor-version":[{"id":34067,"href":"https:\/\/agpnoticias.com\/news\/index.php?rest_route=\/wp\/v2\/posts\/14958\/revisions\/34067"}],"wp:featuredmedia":[{"embeddable":true,"href":"https:\/\/agpnoticias.com\/news\/index.php?rest_route=\/wp\/v2\/media\/14959"}],"wp:attachment":[{"href":"https:\/\/agpnoticias.com\/news\/index.php?rest_route=%2Fwp%2Fv2%2Fmedia&parent=14958"}],"wp:term":[{"taxonomy":"category","embeddable":true,"href":"https:\/\/agpnoticias.com\/news\/index.php?rest_route=%2Fwp%2Fv2%2Fcategories&post=14958"},{"taxonomy":"post_tag","embeddable":true,"href":"https:\/\/agpnoticias.com\/news\/index.php?rest_route=%2Fwp%2Fv2%2Ftags&post=14958"}],"curies":[{"name":"wp","href":"https:\/\/api.w.org\/{rel}","templated":true}]}}