{"id":15012,"date":"2012-08-08T23:20:40","date_gmt":"2012-08-09T07:20:40","guid":{"rendered":"http:\/\/agpnoticias.com\/news\/?p=15012"},"modified":"2012-08-08T23:22:52","modified_gmt":"2012-08-09T07:22:52","slug":"para-estados-unidos-duelo-de-invictos","status":"publish","type":"post","link":"https:\/\/agpnoticias.com\/news\/?p=15012","title":{"rendered":"Para Estados Unidos duelo de invictos"},"content":{"rendered":"<p>Tijuana, Baja California.-\u00a0La selecci\u00f3n femenil mexicana sub 18 perdi\u00f3 ante Estados Unidos en \u00faltimo encuentro de la fase de grupos dentro del Campeonato Continental Sub 18 por parciales de 25-14, 25-12 y 25-17.<\/p>\n<p>En el Centro de Alto Rendimiento de Tijuana, Carli Snyder y Simone Lee fueron las l\u00edderes del conjunto estadounidense con 14 untos cada una. Por M\u00e9xico, Fernanda Guitr\u00f3n anot\u00f3 7.<!--more--><\/p>\n<figure id=\"attachment_15014\" aria-describedby=\"caption-attachment-15014\" style=\"width: 150px\" class=\"wp-caption alignright\"><a href=\"http:\/\/agpnoticias.com\/news\/wp-content\/uploads\/2012\/08\/Copa-Las-locales-no-pudieron-con-Estados-Unidos.jpg\"><img decoding=\"async\" class=\"size-thumbnail wp-image-15014\" title=\"(Copa) Las locales no pudieron con Estados Unidos\" src=\"http:\/\/agpnoticias.com\/news\/wp-content\/uploads\/2012\/08\/Copa-Las-locales-no-pudieron-con-Estados-Unidos-150x100.jpg\" alt=\"\" width=\"150\" height=\"100\" srcset=\"https:\/\/agpnoticias.com\/news\/wp-content\/uploads\/2012\/08\/Copa-Las-locales-no-pudieron-con-Estados-Unidos-150x100.jpg 150w, https:\/\/agpnoticias.com\/news\/wp-content\/uploads\/2012\/08\/Copa-Las-locales-no-pudieron-con-Estados-Unidos-479x320.jpg 479w, https:\/\/agpnoticias.com\/news\/wp-content\/uploads\/2012\/08\/Copa-Las-locales-no-pudieron-con-Estados-Unidos.jpg 640w\" sizes=\"(max-width: 150px) 100vw, 150px\" \/><\/a><figcaption id=\"caption-attachment-15014\" class=\"wp-caption-text\">Las locales no pudieron con Estados Unidos<\/figcaption><\/figure>\n<p>\u201cNosotras sab\u00edamos desde un inicio que Estados Unidos no era un rival f\u00e1cil, pero esto nos sirve como preparaci\u00f3n para seguir adelante en los otros partidos, nos falt\u00f3 m\u00e1s comunicaci\u00f3n pero vamos a irlo mejorando\u201d, dijo la capitana mexicana Ivonne Mart\u00ednez.<\/p>\n<p>\u201cNo jugamos por respeto por miedo, as\u00ed no se puede. Este tipo de equipos que a lo mejor t\u00e9cnicamente es igual o inferior tiene la mentalidad de venir a clasificar y nosotros no\u201d, dijo el dirigente Estanislao Vachino.<\/p>\n<figure id=\"attachment_15015\" aria-describedby=\"caption-attachment-15015\" style=\"width: 150px\" class=\"wp-caption alignleft\"><a href=\"http:\/\/agpnoticias.com\/news\/wp-content\/uploads\/2012\/08\/Copa-Rep\u00fablica-Dominica-fue-primero-de-grupo.jpg\"><img decoding=\"async\" class=\"size-thumbnail wp-image-15015\" title=\"(Copa) Rep\u00fablica Dominica fue primero de grupo\" src=\"http:\/\/agpnoticias.com\/news\/wp-content\/uploads\/2012\/08\/Copa-Rep\u00fablica-Dominica-fue-primero-de-grupo-150x114.jpg\" alt=\"\" width=\"150\" height=\"114\" srcset=\"https:\/\/agpnoticias.com\/news\/wp-content\/uploads\/2012\/08\/Copa-Rep\u00fablica-Dominica-fue-primero-de-grupo-150x114.jpg 150w, https:\/\/agpnoticias.com\/news\/wp-content\/uploads\/2012\/08\/Copa-Rep\u00fablica-Dominica-fue-primero-de-grupo-420x320.jpg 420w, https:\/\/agpnoticias.com\/news\/wp-content\/uploads\/2012\/08\/Copa-Rep\u00fablica-Dominica-fue-primero-de-grupo.jpg 631w\" sizes=\"(max-width: 150px) 100vw, 150px\" \/><\/a><figcaption id=\"caption-attachment-15015\" class=\"wp-caption-text\">Rep\u00fablica Dominicana, l\u00edder de grupo<\/figcaption><\/figure>\n<p>La etapa de cuartos de final inicia este jueves dentro del campeonato. Puerto Rico, segundo lugar del Grupo B, se enfrentar\u00e1 a Guatemala, tercero del A. En la otra contienda, Trinidad y Tobago, que qued\u00f3 tercero dentro del B, jugar\u00e1 ante el subl\u00edder del A, que en este caso fue M\u00e9xico, al perder ante Estados Unidos, que al igual que Dominicana, clasificaron a la semifinal como l\u00edderes de sus respectivos sectores.<\/p>\n<p>&nbsp;<\/p>\n<p>Triunfo dominicano<\/p>\n<figure id=\"attachment_15016\" aria-describedby=\"caption-attachment-15016\" style=\"width: 150px\" class=\"wp-caption alignright\"><a href=\"http:\/\/agpnoticias.com\/news\/wp-content\/uploads\/2012\/08\/Copa-Guatemala-derrot\u00f3-a-Costa-Rica.jpg\"><img decoding=\"async\" class=\"size-thumbnail wp-image-15016\" title=\"(Copa) Guatemala derrot\u00f3 a Costa Rica\" src=\"http:\/\/agpnoticias.com\/news\/wp-content\/uploads\/2012\/08\/Copa-Guatemala-derrot\u00f3-a-Costa-Rica-150x118.jpg\" alt=\"\" width=\"150\" height=\"118\" srcset=\"https:\/\/agpnoticias.com\/news\/wp-content\/uploads\/2012\/08\/Copa-Guatemala-derrot\u00f3-a-Costa-Rica-150x118.jpg 150w, https:\/\/agpnoticias.com\/news\/wp-content\/uploads\/2012\/08\/Copa-Guatemala-derrot\u00f3-a-Costa-Rica-404x320.jpg 404w, https:\/\/agpnoticias.com\/news\/wp-content\/uploads\/2012\/08\/Copa-Guatemala-derrot\u00f3-a-Costa-Rica.jpg 606w\" sizes=\"(max-width: 150px) 100vw, 150px\" \/><\/a><figcaption id=\"caption-attachment-15016\" class=\"wp-caption-text\">Guatemala derrot\u00f3 a Costa Rica<\/figcaption><\/figure>\n<p>Rep\u00fablica Dominicana derrot\u00f3 este mi\u00e9rcoles a Puerto Rico en tres sets (25-20, 25-21, 25-19) en su segundo encuentro en el Campeonato Continental Sub 18 Femenil de la Confederaci\u00f3n Norceca.<\/p>\n<p>Brayelin Martinez anot\u00f3 25 puntos y Natalia Martinez 10 para la escuadra de Dominicana. Julymar Otero registr\u00f3 10 mientras que G\u00e9nesis Miranda y Paola Rojas anotaron 9 cada una, para Puerto Rico.<\/p>\n<p>Por su parte, Guatemala tuvo su primera victoria dentro del campeonato Continental Sub 18 de la Confederaci\u00f3n Norceca, tras derrotar a Costa Rica 3-2 (25-21, 17-25, 24-26, 25-17, 15-11).<\/p>\n<p>Estefanie Bethancourth fue la l\u00edder anotadora del encuentro con 22 puntos para Guatemala, mientras que Angie Montero Alfaro y Daniela Vargas anotaron 15 y 13 respectivamente para Costa Rica.<\/p>\n<p>Informaci\u00f3n y fotograf\u00edas: Instituto del Deporte y la Cultura F\u00edsica de Baja California (INDE).<\/p>\n","protected":false},"excerpt":{"rendered":"<p>Tijuana, Baja California.-\u00a0La selecci\u00f3n femenil mexicana sub 18 perdi\u00f3 ante Estados Unidos en \u00faltimo encuentro&#8230;<\/p>\n","protected":false},"author":1,"featured_media":15013,"comment_status":"closed","ping_status":"closed","sticky":false,"template":"","format":"standard","meta":{"footnotes":""},"categories":[1,7],"tags":[],"class_list":["post-15012","post","type-post","status-publish","format-standard","has-post-thumbnail","hentry","category-uncategorized","category-deportes"],"_links":{"self":[{"href":"https:\/\/agpnoticias.com\/news\/index.php?rest_route=\/wp\/v2\/posts\/15012","targetHints":{"allow":["GET"]}}],"collection":[{"href":"https:\/\/agpnoticias.com\/news\/index.php?rest_route=\/wp\/v2\/posts"}],"about":[{"href":"https:\/\/agpnoticias.com\/news\/index.php?rest_route=\/wp\/v2\/types\/post"}],"author":[{"embeddable":true,"href":"https:\/\/agpnoticias.com\/news\/index.php?rest_route=\/wp\/v2\/users\/1"}],"replies":[{"embeddable":true,"href":"https:\/\/agpnoticias.com\/news\/index.php?rest_route=%2Fwp%2Fv2%2Fcomments&post=15012"}],"version-history":[{"count":3,"href":"https:\/\/agpnoticias.com\/news\/index.php?rest_route=\/wp\/v2\/posts\/15012\/revisions"}],"predecessor-version":[{"id":15019,"href":"https:\/\/agpnoticias.com\/news\/index.php?rest_route=\/wp\/v2\/posts\/15012\/revisions\/15019"}],"wp:featuredmedia":[{"embeddable":true,"href":"https:\/\/agpnoticias.com\/news\/index.php?rest_route=\/wp\/v2\/media\/15013"}],"wp:attachment":[{"href":"https:\/\/agpnoticias.com\/news\/index.php?rest_route=%2Fwp%2Fv2%2Fmedia&parent=15012"}],"wp:term":[{"taxonomy":"category","embeddable":true,"href":"https:\/\/agpnoticias.com\/news\/index.php?rest_route=%2Fwp%2Fv2%2Fcategories&post=15012"},{"taxonomy":"post_tag","embeddable":true,"href":"https:\/\/agpnoticias.com\/news\/index.php?rest_route=%2Fwp%2Fv2%2Ftags&post=15012"}],"curies":[{"name":"wp","href":"https:\/\/api.w.org\/{rel}","templated":true}]}}