{"id":15024,"date":"2012-08-10T01:05:55","date_gmt":"2012-08-10T09:05:55","guid":{"rendered":"http:\/\/agpnoticias.com\/news\/?p=15024"},"modified":"2012-08-10T01:05:55","modified_gmt":"2012-08-10T09:05:55","slug":"diablos-campeones-de-cuarta-division","status":"publish","type":"post","link":"https:\/\/agpnoticias.com\/news\/?p=15024","title":{"rendered":"Diablos, campeones de Cuarta Divisi\u00f3n"},"content":{"rendered":"<p>Nogales, Sonora.-\u00a0 Los Diablos de Ensenada son campeones del Circuito de Cuarta Divisi\u00f3n del Pac\u00edfico.<\/p>\n<p>Pero, m\u00e1s all\u00e1 del m\u00e9rito natural que conlleva la consecuci\u00f3n de cualquier t\u00edtulo, \u00e9ste tiene un sabor especial por la dificultad que implic\u00f3: el calor, el lleno registrado en el Estadio Jes\u00fas \u201cJesgar\u201d Garc\u00eda y a un adversario, Nogales United, lanzado al ataque desde el primer minuto.<!--more--><\/p>\n<figure id=\"attachment_15026\" aria-describedby=\"caption-attachment-15026\" style=\"width: 150px\" class=\"wp-caption alignright\"><a href=\"http:\/\/agpnoticias.com\/news\/wp-content\/uploads\/2012\/08\/Jugadores-clave-en-la-fase-definitoria.jpg\"><img decoding=\"async\" class=\"size-thumbnail wp-image-15026\" title=\"Jugadores clave en la fase definitoria\" src=\"http:\/\/agpnoticias.com\/news\/wp-content\/uploads\/2012\/08\/Jugadores-clave-en-la-fase-definitoria-150x135.jpg\" alt=\"\" width=\"150\" height=\"135\" srcset=\"https:\/\/agpnoticias.com\/news\/wp-content\/uploads\/2012\/08\/Jugadores-clave-en-la-fase-definitoria-150x135.jpg 150w, https:\/\/agpnoticias.com\/news\/wp-content\/uploads\/2012\/08\/Jugadores-clave-en-la-fase-definitoria-354x320.jpg 354w, https:\/\/agpnoticias.com\/news\/wp-content\/uploads\/2012\/08\/Jugadores-clave-en-la-fase-definitoria.jpg 531w\" sizes=\"(max-width: 150px) 100vw, 150px\" \/><\/a><figcaption id=\"caption-attachment-15026\" class=\"wp-caption-text\">Jugadores clave en la fase definitoria<\/figcaption><\/figure>\n<p>Durante el juego de ida, el conjunto dirigido por Manuel Montalvo venci\u00f3 1-0 a la visita en el campo Nueva Ensenada.<\/p>\n<p>Con esa ventaja, el conjunto ensenadense se plant\u00f3 con seguridad en el terreno de juego sonorense y a punto estuvo de ganar durante los segundos noventa minutes.<\/p>\n<figure id=\"attachment_15027\" aria-describedby=\"caption-attachment-15027\" style=\"width: 150px\" class=\"wp-caption alignleft\"><a href=\"http:\/\/agpnoticias.com\/news\/wp-content\/uploads\/2012\/08\/La-afici\u00f3n-nogalense-se-qued\u00f3-con-las-ganas-de-festejar-el-t\u00edtulo-de-los-suyos.jpg\"><img decoding=\"async\" class=\"size-thumbnail wp-image-15027\" title=\"La afici\u00f3n nogalense se qued\u00f3 con las ganas de festejar el t\u00edtulo de los suyos\" src=\"http:\/\/agpnoticias.com\/news\/wp-content\/uploads\/2012\/08\/La-afici\u00f3n-nogalense-se-qued\u00f3-con-las-ganas-de-festejar-el-t\u00edtulo-de-los-suyos-150x112.jpg\" alt=\"\" width=\"150\" height=\"112\" srcset=\"https:\/\/agpnoticias.com\/news\/wp-content\/uploads\/2012\/08\/La-afici\u00f3n-nogalense-se-qued\u00f3-con-las-ganas-de-festejar-el-t\u00edtulo-de-los-suyos-150x112.jpg 150w, https:\/\/agpnoticias.com\/news\/wp-content\/uploads\/2012\/08\/La-afici\u00f3n-nogalense-se-qued\u00f3-con-las-ganas-de-festejar-el-t\u00edtulo-de-los-suyos-428x320.jpg 428w, https:\/\/agpnoticias.com\/news\/wp-content\/uploads\/2012\/08\/La-afici\u00f3n-nogalense-se-qued\u00f3-con-las-ganas-de-festejar-el-t\u00edtulo-de-los-suyos.jpg 640w\" sizes=\"(max-width: 150px) 100vw, 150px\" \/><\/a><figcaption id=\"caption-attachment-15027\" class=\"wp-caption-text\">La afici\u00f3n nogalense se qued\u00f3 con las ganas de festejar el t\u00edtulo de los suyos<\/figcaption><\/figure>\n<p>Sin embargo, al minute 72, Ren\u00e9 Huerta marc\u00f3 el tanto que le dio el empate al conjunto nogalense para enviar la definici\u00f3n del campeonato a la serie de penales.<\/p>\n<p>Antes, Diablos dispuso de acciones para sentenciar el encuentro, sobre todo en el ultimo minuto cuando Riguian Castro pudo liquidar todo sin tanto suspenso.<\/p>\n<figure id=\"attachment_15028\" aria-describedby=\"caption-attachment-15028\" style=\"width: 150px\" class=\"wp-caption alignright\"><a href=\"http:\/\/agpnoticias.com\/news\/wp-content\/uploads\/2012\/08\/Los-locales-lamentaron-la-derrota-ante-el-plantel-ensenadense.jpg\"><img decoding=\"async\" class=\"size-thumbnail wp-image-15028\" title=\"Los locales lamentaron la derrota ante el plantel ensenadense\" src=\"http:\/\/agpnoticias.com\/news\/wp-content\/uploads\/2012\/08\/Los-locales-lamentaron-la-derrota-ante-el-plantel-ensenadense-150x92.jpg\" alt=\"\" width=\"150\" height=\"92\" srcset=\"https:\/\/agpnoticias.com\/news\/wp-content\/uploads\/2012\/08\/Los-locales-lamentaron-la-derrota-ante-el-plantel-ensenadense-150x92.jpg 150w, https:\/\/agpnoticias.com\/news\/wp-content\/uploads\/2012\/08\/Los-locales-lamentaron-la-derrota-ante-el-plantel-ensenadense-521x320.jpg 521w, https:\/\/agpnoticias.com\/news\/wp-content\/uploads\/2012\/08\/Los-locales-lamentaron-la-derrota-ante-el-plantel-ensenadense.jpg 640w\" sizes=\"(max-width: 150px) 100vw, 150px\" \/><\/a><figcaption id=\"caption-attachment-15028\" class=\"wp-caption-text\">Los locales lamentaron la derrota ante el plantel ensenadense<\/figcaption><\/figure>\n<p>Ya desde los once pasos, los seis Diablos elegidos para cobrar, lo hicieron con tino: Juan de Dios D\u00edaz, Gabriel Huerta, Diego Vel\u00e1zquez, Everardo \u00c1lvarez, Riguian Castro y el penal ganador Julio Mart\u00ednez.<\/p>\n<p>Los Diablos con bi campeones, pues ganaron el torneo ante pasado cuando derrotaron a Santos Tijuana.<\/p>\n<p>Adem\u00e1s, Carlos Soltero es bi campe\u00f3n de goleo, con los 17 tantos marcados para los Diablos.<\/p>\n<p>&nbsp;<\/p>\n<p><strong>Diablos de Ensenada (Campe\u00f3n)<\/strong><\/p>\n<p>Miguel Lamah<\/p>\n<p>Marco Arroyo<\/p>\n<p>Osvaldo Gallego<\/p>\n<p>Sergio Tamayo<\/p>\n<p>Everardo \u00c1lvarez<\/p>\n<p>Luis Pacheco<\/p>\n<p>Antonio Patino<\/p>\n<p>Gabriel Huerta<\/p>\n<p>Julio Mart\u00ednez<\/p>\n<p>Carlos Soltero<\/p>\n<p>Riguian Castro<\/p>\n<p><strong>Suplentes<\/strong><\/p>\n<p>Jos\u00e9 Leyva<\/p>\n<p>Sa\u00fal Mancillas<\/p>\n<p>Jorge L\u00f3pez<\/p>\n<p>Jos\u00e9 Reyes<\/p>\n<p>Diego Vel\u00e1zquez<\/p>\n<p>Samuel Covarrubias<\/p>\n<p>&nbsp;<\/p>\n<p><strong>Directiva<\/strong><\/p>\n<p>Presidente: Zenaido Villeda<\/p>\n<p>&nbsp;<\/p>\n<p><strong>Cuerpo T\u00e9cnico<\/strong><\/p>\n<p>D.T.: Manuel Montalvo<\/p>\n<p>Auxiliar: Jorge Ruelas<\/p>\n<p>Delegado: Ernesto Ch\u00e1vez<\/p>\n<p>&nbsp;<\/p>\n<p><strong>Cuadro de campeones<\/strong><\/p>\n<p>2009: Xoloitzcuintles Caliente A<\/p>\n<p>2010: Diablos de Ensenada<\/p>\n<p>2011: Santos Tijuana<\/p>\n<p>2012: Diablos de Ensenada<\/p>\n<p>&nbsp;<\/p>\n<p>&nbsp;<\/p>\n<p><strong>Logros de Diablos en 2012<\/strong><\/p>\n<p>Liga Intermedia: Campe\u00f3n de Copa.<\/p>\n<p>Liga Empresarial: Campe\u00f3n de Copa y Campe\u00f3n de Campeones<\/p>\n<p>Reservas: Campe\u00f3n de Copa<\/p>\n<p>Copa Caborca: Campeones (96-97)<\/p>\n<p>Municipal de Futbol R\u00e1pido: Campeones (96-97)<\/p>\n<p>Liga Infantil y Juvenil de Ensenada: Subcampe\u00f3n de Copa, Subcampe\u00f3n de Liga (Juvenil Mayor 96-97)<\/p>\n<p>Liga de Primera Fuerza: Subcampe\u00f3n Copa<\/p>\n<p>Copa Chivas Regional: Subcampe\u00f3n Benito Ju\u00e1rez (94-95)<\/p>\n<p>Liga Furaens: Categor\u00eda Especial, Subcampe\u00f3n.<\/p>\n<p>Estatal Fut Sal Femenil: Campe\u00f3n<\/p>\n<p>Cuarta Divisi\u00f3n Cidepa: Campe\u00f3n<\/p>\n<p>Quinta Divisi\u00f3n Cidepa: Finalista<\/p>\n<p>&nbsp;<\/p>\n","protected":false},"excerpt":{"rendered":"<p>Nogales, Sonora.-\u00a0 Los Diablos de Ensenada son campeones del Circuito de Cuarta Divisi\u00f3n del Pac\u00edfico&#8230;.<\/p>\n","protected":false},"author":1,"featured_media":15025,"comment_status":"closed","ping_status":"closed","sticky":false,"template":"","format":"standard","meta":{"footnotes":""},"categories":[1,7],"tags":[],"class_list":["post-15024","post","type-post","status-publish","format-standard","has-post-thumbnail","hentry","category-uncategorized","category-deportes"],"_links":{"self":[{"href":"https:\/\/agpnoticias.com\/news\/index.php?rest_route=\/wp\/v2\/posts\/15024","targetHints":{"allow":["GET"]}}],"collection":[{"href":"https:\/\/agpnoticias.com\/news\/index.php?rest_route=\/wp\/v2\/posts"}],"about":[{"href":"https:\/\/agpnoticias.com\/news\/index.php?rest_route=\/wp\/v2\/types\/post"}],"author":[{"embeddable":true,"href":"https:\/\/agpnoticias.com\/news\/index.php?rest_route=\/wp\/v2\/users\/1"}],"replies":[{"embeddable":true,"href":"https:\/\/agpnoticias.com\/news\/index.php?rest_route=%2Fwp%2Fv2%2Fcomments&post=15024"}],"version-history":[{"count":1,"href":"https:\/\/agpnoticias.com\/news\/index.php?rest_route=\/wp\/v2\/posts\/15024\/revisions"}],"predecessor-version":[{"id":15029,"href":"https:\/\/agpnoticias.com\/news\/index.php?rest_route=\/wp\/v2\/posts\/15024\/revisions\/15029"}],"wp:featuredmedia":[{"embeddable":true,"href":"https:\/\/agpnoticias.com\/news\/index.php?rest_route=\/wp\/v2\/media\/15025"}],"wp:attachment":[{"href":"https:\/\/agpnoticias.com\/news\/index.php?rest_route=%2Fwp%2Fv2%2Fmedia&parent=15024"}],"wp:term":[{"taxonomy":"category","embeddable":true,"href":"https:\/\/agpnoticias.com\/news\/index.php?rest_route=%2Fwp%2Fv2%2Fcategories&post=15024"},{"taxonomy":"post_tag","embeddable":true,"href":"https:\/\/agpnoticias.com\/news\/index.php?rest_route=%2Fwp%2Fv2%2Ftags&post=15024"}],"curies":[{"name":"wp","href":"https:\/\/api.w.org\/{rel}","templated":true}]}}