{"id":1503194,"date":"2014-10-12T21:55:09","date_gmt":"2014-10-13T04:55:09","guid":{"rendered":"http:\/\/agpnoticias.com\/news\/?p=1503194"},"modified":"2014-10-12T22:04:37","modified_gmt":"2014-10-13T05:04:37","slug":"se-perfilan-ganadores-del-grand-prix-de-motocross","status":"publish","type":"post","link":"https:\/\/agpnoticias.com\/news\/?p=1503194","title":{"rendered":"Se perfilan ganadores del Grand Prix de Motocross"},"content":{"rendered":"<figure id=\"attachment_1503221\" aria-describedby=\"caption-attachment-1503221\" style=\"width: 800px\" class=\"wp-caption aligncenter\"><a href=\"http:\/\/agpnoticias.com\/news\/se-perfilan-ganadores-del-grand-prix-de-motocross\/rancho-motocross-fue-escenario-de-la-segunda-fecha-del-gran-prix\/\" rel=\"attachment wp-att-1503221\"><img fetchpriority=\"high\" decoding=\"async\" class=\"size-full wp-image-1503221\" src=\"http:\/\/agpnoticias.com\/news\/wp-content\/uploads\/2014\/10\/Rancho-Motocross-fue-escenario-de-la-segunda-fecha-del-Gran-Prix.jpg\" alt=\"Rancho Motocross fue escenario de la segunda fecha del Gran Prix\" width=\"800\" height=\"573\" srcset=\"https:\/\/agpnoticias.com\/news\/wp-content\/uploads\/2014\/10\/Rancho-Motocross-fue-escenario-de-la-segunda-fecha-del-Gran-Prix.jpg 800w, https:\/\/agpnoticias.com\/news\/wp-content\/uploads\/2014\/10\/Rancho-Motocross-fue-escenario-de-la-segunda-fecha-del-Gran-Prix-200x143.jpg 200w, https:\/\/agpnoticias.com\/news\/wp-content\/uploads\/2014\/10\/Rancho-Motocross-fue-escenario-de-la-segunda-fecha-del-Gran-Prix-600x429.jpg 600w\" sizes=\"(max-width: 800px) 100vw, 800px\" \/><\/a><figcaption id=\"caption-attachment-1503221\" class=\"wp-caption-text\">Rancho Motocross fue escenario de la segunda fecha del Gran Prix<\/figcaption><\/figure>\n<p>Ensenada, Baja California.- La promotora de Espect\u00e1culos y Deportes de Playas de Rosarito (Esdros) cumpli\u00f3 la segunda de tres etapas del serial Grand Prix proyectadas en 2014 dentro de Rancho Motocross.<\/p>\n<p>\u00abEsdros es quien opera el beisbol de Liga Norte de M\u00e9xico con Langosteros, pero adem\u00e1s queremos ofertar otro tipo de eventos para hacernos de ingresos que hagan operable al equipo\u00bb, indic\u00f3 Alfredo Peralta N\u00fa\u00f1ez.<\/p>\n<figure id=\"attachment_1503234\" aria-describedby=\"caption-attachment-1503234\" style=\"width: 602px\" class=\"wp-caption alignright\"><a href=\"http:\/\/agpnoticias.com\/news\/se-perfilan-ganadores-del-grand-prix-de-motocross\/esdros-y-rancho-motocross-pretenden-reavivar-la-aficion-por-las-motos\/\" rel=\"attachment wp-att-1503234\"><img decoding=\"async\" class=\"size-full wp-image-1503234\" src=\"http:\/\/agpnoticias.com\/news\/wp-content\/uploads\/2014\/10\/Esdros-y-Rancho-Motocross-pretenden-reavivar-la-afici\u00f3n-por-las-motos.jpg\" alt=\"Esdros y Rancho Motocross pretenden reavivar la afici\u00f3n por las motos\" width=\"602\" height=\"480\" srcset=\"https:\/\/agpnoticias.com\/news\/wp-content\/uploads\/2014\/10\/Esdros-y-Rancho-Motocross-pretenden-reavivar-la-afici\u00f3n-por-las-motos.jpg 602w, https:\/\/agpnoticias.com\/news\/wp-content\/uploads\/2014\/10\/Esdros-y-Rancho-Motocross-pretenden-reavivar-la-afici\u00f3n-por-las-motos-200x159.jpg 200w, https:\/\/agpnoticias.com\/news\/wp-content\/uploads\/2014\/10\/Esdros-y-Rancho-Motocross-pretenden-reavivar-la-afici\u00f3n-por-las-motos-600x478.jpg 600w\" sizes=\"(max-width: 602px) 100vw, 602px\" \/><\/a><figcaption id=\"caption-attachment-1503234\" class=\"wp-caption-text\">Esdros y Rancho Motocross pretenden reavivar la afici\u00f3n por las motos<\/figcaption><\/figure>\n<p>El gerente de Langosteros indic\u00f3 que el enlace con Rancho Motocross \u00abse dio porque familiares de los propietarios del equipo son aficionados al Motocross y la promotora busc\u00f3 acercarse a Fernando Mungu\u00eda y \u00e9l, como conocedor con la pista en el rancho, no est\u00e1 orientando\u00bb.<\/p>\n<p>\u00abPor lo pronto se trata de un serial de tres carreras este a\u00f1o y esperamos retomar todos los eventos de Motocross que en alg\u00fan momento se realizaron en Ensenada antes de que los promotores dejaran de aventurarse a incursionar en el deporte\u00bb, refiri\u00f3.<\/p>\n<p>El tambi\u00e9n scout y manager de beisbol, dijo que con iniciativas de este tipo, \u00abla idea es dar un empuj\u00f3n a lo que es el Motocross en Ensenada con la asesor\u00eda de Fernando para llegar a organizar eventos de la magnitud de los X-Pilots\u00bb.<\/p>\n<p>Despu\u00e9s de la primera etapa celebrada en octubre, y de la segunda realizada el domingo 12 de octubre, el serial llegar\u00e1 a su fin en diciembre.<\/p>\n<figure id=\"attachment_1503252\" aria-describedby=\"caption-attachment-1503252\" style=\"width: 800px\" class=\"wp-caption aligncenter\"><a href=\"http:\/\/agpnoticias.com\/news\/se-perfilan-ganadores-del-grand-prix-de-motocross\/en-diciembre-se-correra-la-tercera-fecha-del-serial-gran-prix\/\" rel=\"attachment wp-att-1503252\"><img decoding=\"async\" class=\"size-full wp-image-1503252\" src=\"http:\/\/agpnoticias.com\/news\/wp-content\/uploads\/2014\/10\/En-diciembre-se-correr\u00e1-la-tercera-fecha-del-serial-Gran-Prix.jpg\" alt=\"En diciembre se correr\u00e1 la tercera fecha del serial Gran Prix\" width=\"800\" height=\"431\" srcset=\"https:\/\/agpnoticias.com\/news\/wp-content\/uploads\/2014\/10\/En-diciembre-se-correr\u00e1-la-tercera-fecha-del-serial-Gran-Prix.jpg 800w, https:\/\/agpnoticias.com\/news\/wp-content\/uploads\/2014\/10\/En-diciembre-se-correr\u00e1-la-tercera-fecha-del-serial-Gran-Prix-200x107.jpg 200w, https:\/\/agpnoticias.com\/news\/wp-content\/uploads\/2014\/10\/En-diciembre-se-correr\u00e1-la-tercera-fecha-del-serial-Gran-Prix-600x323.jpg 600w\" sizes=\"(max-width: 800px) 100vw, 800px\" \/><\/a><figcaption id=\"caption-attachment-1503252\" class=\"wp-caption-text\">En diciembre se correr\u00e1 la tercera fecha del serial Gran Prix<\/figcaption><\/figure>\n<p><strong>Resultados<\/strong><\/p>\n<p><strong>Categor\u00eda Pro<\/strong><strong><br \/>\n<\/strong><span data-reactid=\".h6.$mid=11413173260866=26a87a0ed9de9347977.2:0.0.0.0.0.0.$end:0:$6:0\">1. Manuel G\u00f3mez<\/span><\/p>\n<p><strong><span data-reactid=\".h6.$mid=11413173260866=26a87a0ed9de9347977.2:0.0.0.0.0.0.$end:0:$8:0\">Categor\u00eda Expertos<\/span><\/strong><\/p>\n<p>1. Philip Jaramillo<\/p>\n<p>2. Felipe Jaramillo<\/p>\n<p><span data-reactid=\".h6.$mid=11413173260866=26a87a0ed9de9347977.2:0.0.0.0.0.0.$end:0:$14:0\">3. Alberto Ruiz<\/span><\/p>\n<figure id=\"attachment_1503262\" aria-describedby=\"caption-attachment-1503262\" style=\"width: 480px\" class=\"wp-caption alignright\"><a href=\"http:\/\/agpnoticias.com\/news\/se-perfilan-ganadores-del-grand-prix-de-motocross\/en-2015-estan-proyectados-mas-eventos-de-motocross-en-ensenada\/\" rel=\"attachment wp-att-1503262\"><img loading=\"lazy\" decoding=\"async\" class=\"size-full wp-image-1503262\" src=\"http:\/\/agpnoticias.com\/news\/wp-content\/uploads\/2014\/10\/En-2015-est\u00e1n-proyectados-m\u00e1s-eventos-de-Motocross-en-Ensenada.jpg\" alt=\"En 2015 est\u00e1n proyectados m\u00e1s eventos de Motocross en Ensenada\" width=\"480\" height=\"492\" srcset=\"https:\/\/agpnoticias.com\/news\/wp-content\/uploads\/2014\/10\/En-2015-est\u00e1n-proyectados-m\u00e1s-eventos-de-Motocross-en-Ensenada.jpg 480w, https:\/\/agpnoticias.com\/news\/wp-content\/uploads\/2014\/10\/En-2015-est\u00e1n-proyectados-m\u00e1s-eventos-de-Motocross-en-Ensenada-195x200.jpg 195w\" sizes=\"(max-width: 480px) 100vw, 480px\" \/><\/a><figcaption id=\"caption-attachment-1503262\" class=\"wp-caption-text\">En 2015 est\u00e1n proyectados m\u00e1s eventos de Motocross en Ensenada<\/figcaption><\/figure>\n<p><strong><span data-reactid=\".h6.$mid=11413173260866=26a87a0ed9de9347977.2:0.0.0.0.0.0.$end:0:$16:0\">Categor\u00eda Intermedios<\/span><\/strong><\/p>\n<p>1. H\u00e9ctor C\u00e1rdenas<\/p>\n<p><span data-reactid=\".h6.$mid=11413173260866=26a87a0ed9de9347977.2:0.0.0.0.0.0.$end:0:$20:0\">2. Emanuel V\u00e1zquez<\/span><\/p>\n<p><span data-reactid=\".h6.$mid=11413173260866=26a87a0ed9de9347977.2:0.0.0.0.0.0.$end:0:$22:0\">3. Jorge Luis Ram\u00edrez<\/span><\/p>\n<p><strong><span data-reactid=\".h6.$mid=11413173260866=26a87a0ed9de9347977.2:0.0.0.0.0.0.$end:0:$24:0\">Categor\u00eda Novatos<\/span><\/strong><\/p>\n<p>1. Ad\u00e1n Garc\u00eda<\/p>\n<p><span data-reactid=\".h6.$mid=11413173260866=26a87a0ed9de9347977.2:0.0.0.0.0.0.$end:0:$28:0\">2. Sergio Pe\u00f1a<\/span><\/p>\n<p><span data-reactid=\".h6.$mid=11413173260866=26a87a0ed9de9347977.2:0.0.0.0.0.0.$end:0:$30:0\">3. David \u00c1lvarez<\/span><\/p>\n<p><strong>Categor\u00eda 50 Open<\/strong><\/p>\n<p><span data-reactid=\".h6.$mid=11413173260866=26a87a0ed9de9347977.2:0.0.0.0.0.0.$end:0:$34:0\">1. Andrew Pinz\u00f3n <\/span><\/p>\n<p><span data-reactid=\".h6.$mid=11413173260866=26a87a0ed9de9347977.2:0.0.0.0.0.0.$end:0:$38:0\">2. Gustavo Grijalva <\/span><\/p>\n<p><strong><span data-reactid=\".h6.$mid=11413173260866=26a87a0ed9de9347977.2:0.0.0.0.0.0.$end:0:$40:0\">Categor\u00eda 50 Principiantes<\/span><\/strong><\/p>\n<p><span data-reactid=\".h6.$mid=11413173260866=26a87a0ed9de9347977.2:0.0.0.0.0.0.$end:0:$42:0\">1. Ricardo Silva <\/span><\/p>\n<p><strong><span data-reactid=\".h6.$mid=11413173260866=26a87a0ed9de9347977.2:0.0.0.0.0.0.$end:0:$44:0\">Categor\u00eda 65 Open<\/span><\/strong><\/p>\n<p>1.Francisco Gonz\u00e1lez<\/p>\n<p><span data-reactid=\".h6.$mid=11413173260866=26a87a0ed9de9347977.2:0.0.0.0.0.0.$end:0:$48:0\">2. Manuel G\u00f3mez<\/span><\/p>\n<p><span data-reactid=\".h6.$mid=11413173260866=26a87a0ed9de9347977.2:0.0.0.0.0.0.$end:0:$50:0\">3. Dami\u00e1n Jaramillo<\/span><\/p>\n<p><strong><span data-reactid=\".h6.$mid=11413173260866=26a87a0ed9de9347977.2:0.0.0.0.0.0.$end:0:$52:0\">Categor\u00eda 150 cc<\/span><\/strong><\/p>\n<p><span data-reactid=\".h6.$mid=11413173260866=26a87a0ed9de9347977.2:0.0.0.0.0.0.$end:0:$54:0\">1. Gustavo Gonz\u00e1lez<\/span><\/p>\n<p><span data-reactid=\".h6.$mid=11413173260866=26a87a0ed9de9347977.2:0.0.0.0.0.0.$end:0:$56:0\">2. Ra\u00fal Alejandro Aguilar<\/span><\/p>\n<figure id=\"attachment_1503270\" aria-describedby=\"caption-attachment-1503270\" style=\"width: 800px\" class=\"wp-caption aligncenter\"><a href=\"http:\/\/agpnoticias.com\/news\/se-perfilan-ganadores-del-grand-prix-de-motocross\/la-siguiente-fecha-decidira-a-los-ganadores-del-serial\/\" rel=\"attachment wp-att-1503270\"><img loading=\"lazy\" decoding=\"async\" class=\"size-full wp-image-1503270\" src=\"http:\/\/agpnoticias.com\/news\/wp-content\/uploads\/2014\/10\/La-siguiente-fecha-decidir\u00e1-a-los-ganadores-del-serial.jpg\" alt=\"La siguiente fecha decidir\u00e1 a los ganadores del serial\" width=\"800\" height=\"429\" srcset=\"https:\/\/agpnoticias.com\/news\/wp-content\/uploads\/2014\/10\/La-siguiente-fecha-decidir\u00e1-a-los-ganadores-del-serial.jpg 800w, https:\/\/agpnoticias.com\/news\/wp-content\/uploads\/2014\/10\/La-siguiente-fecha-decidir\u00e1-a-los-ganadores-del-serial-200x107.jpg 200w, https:\/\/agpnoticias.com\/news\/wp-content\/uploads\/2014\/10\/La-siguiente-fecha-decidir\u00e1-a-los-ganadores-del-serial-600x321.jpg 600w\" sizes=\"(max-width: 800px) 100vw, 800px\" \/><\/a><figcaption id=\"caption-attachment-1503270\" class=\"wp-caption-text\">La siguiente fecha decidir\u00e1 a los ganadores del serial<\/figcaption><\/figure>\n","protected":false},"excerpt":{"rendered":"<p>Ensenada, Baja California.- La promotora de Espect\u00e1culos y Deportes de Playas de Rosarito (Esdros) cumpli\u00f3&#8230;<\/p>\n","protected":false},"author":1,"featured_media":1503221,"comment_status":"closed","ping_status":"closed","sticky":false,"template":"","format":"standard","meta":{"footnotes":""},"categories":[1,37,7],"tags":[],"class_list":["post-1503194","post","type-post","status-publish","format-standard","has-post-thumbnail","hentry","category-uncategorized","category-off-road","category-deportes"],"_links":{"self":[{"href":"https:\/\/agpnoticias.com\/news\/index.php?rest_route=\/wp\/v2\/posts\/1503194","targetHints":{"allow":["GET"]}}],"collection":[{"href":"https:\/\/agpnoticias.com\/news\/index.php?rest_route=\/wp\/v2\/posts"}],"about":[{"href":"https:\/\/agpnoticias.com\/news\/index.php?rest_route=\/wp\/v2\/types\/post"}],"author":[{"embeddable":true,"href":"https:\/\/agpnoticias.com\/news\/index.php?rest_route=\/wp\/v2\/users\/1"}],"replies":[{"embeddable":true,"href":"https:\/\/agpnoticias.com\/news\/index.php?rest_route=%2Fwp%2Fv2%2Fcomments&post=1503194"}],"version-history":[{"count":4,"href":"https:\/\/agpnoticias.com\/news\/index.php?rest_route=\/wp\/v2\/posts\/1503194\/revisions"}],"predecessor-version":[{"id":1503421,"href":"https:\/\/agpnoticias.com\/news\/index.php?rest_route=\/wp\/v2\/posts\/1503194\/revisions\/1503421"}],"wp:featuredmedia":[{"embeddable":true,"href":"https:\/\/agpnoticias.com\/news\/index.php?rest_route=\/wp\/v2\/media\/1503221"}],"wp:attachment":[{"href":"https:\/\/agpnoticias.com\/news\/index.php?rest_route=%2Fwp%2Fv2%2Fmedia&parent=1503194"}],"wp:term":[{"taxonomy":"category","embeddable":true,"href":"https:\/\/agpnoticias.com\/news\/index.php?rest_route=%2Fwp%2Fv2%2Fcategories&post=1503194"},{"taxonomy":"post_tag","embeddable":true,"href":"https:\/\/agpnoticias.com\/news\/index.php?rest_route=%2Fwp%2Fv2%2Ftags&post=1503194"}],"curies":[{"name":"wp","href":"https:\/\/api.w.org\/{rel}","templated":true}]}}