{"id":15126,"date":"2012-08-11T17:53:07","date_gmt":"2012-08-12T01:53:07","guid":{"rendered":"http:\/\/agpnoticias.com\/news\/?p=15126"},"modified":"2017-12-12T11:32:42","modified_gmt":"2017-12-12T19:32:42","slug":"cierran-zorros-preparacion-y-viajan-a-monterrey","status":"publish","type":"post","link":"https:\/\/agpnoticias.com\/news\/?p=15126","title":{"rendered":"Cierran Zorros preparaci\u00f3n y viajan a Monterrey"},"content":{"rendered":"<p>Ensenada, Baja California.- Los Zorros del Cetys Ensenada sostuvieron su \u00faltima prueba antes de medirse a los dobles campeones nacionales Borregos del Tec de Monterrey.<\/p>\n<p>El equipo dirigido por Roberto Carlos Garc\u00eda perdi\u00f3 hoy s\u00e1bado por pizarra de 20-14 un encuentro que \u201cdebimos ganar, pero dejamos ir por distracciones\u201d frente al campe\u00f3n de la liga estatal Licofa, Panteras del Cobach La Mesa.<\/p>\n<p>\u201cEl martes viajamos a Monterrey para jugar el viernes a las tres de la tarde de all\u00e1 contra los Borregos, que son los campeones nacionales\u201d, indic\u00f3.<!--more--><\/p>\n<figure id=\"attachment_15128\" aria-describedby=\"caption-attachment-15128\" style=\"width: 139px\" class=\"wp-caption alignright\"><a href=\"http:\/\/agpnoticias.com\/news\/wp-content\/uploads\/2012\/08\/Cetys-Los-Zorros-cerraron-preparaci\u00f3n-antes-de-viajar-a-Monterrey.jpg\"><img decoding=\"async\" class=\"size-thumbnail wp-image-15128\" title=\"(Cetys) Los Zorros del Cetys van a Monterrey\" src=\"http:\/\/agpnoticias.com\/news\/wp-content\/uploads\/2012\/08\/Cetys-Los-Zorros-cerraron-preparaci\u00f3n-antes-de-viajar-a-Monterrey-139x150.jpg\" alt=\"\" width=\"139\" height=\"150\" srcset=\"https:\/\/agpnoticias.com\/news\/wp-content\/uploads\/2012\/08\/Cetys-Los-Zorros-cerraron-preparaci\u00f3n-antes-de-viajar-a-Monterrey-139x150.jpg 139w, https:\/\/agpnoticias.com\/news\/wp-content\/uploads\/2012\/08\/Cetys-Los-Zorros-cerraron-preparaci\u00f3n-antes-de-viajar-a-Monterrey-297x320.jpg 297w, https:\/\/agpnoticias.com\/news\/wp-content\/uploads\/2012\/08\/Cetys-Los-Zorros-cerraron-preparaci\u00f3n-antes-de-viajar-a-Monterrey.jpg 480w\" sizes=\"(max-width: 139px) 100vw, 139px\" \/><\/a><figcaption id=\"caption-attachment-15128\" class=\"wp-caption-text\">Los Zorros del Cetys van a Monterrey (Fotos: J.L. Gorosave)<\/figcaption><\/figure>\n<p>En su mayor\u00eda, los jugadores que viajar\u00e1n en representaci\u00f3n de Zorros son nacidos en 1994 y participan en la categor\u00eda Varsity.<\/p>\n<p>\u201cCasi todos los jugadores son de nosotros, pero tambi\u00e9n llevamos \u00b4extranjeros\u00b4 de otros equipos porque vamos contra uno de los mejores planteles del pa\u00eds\u201d, apunt\u00f3.<\/p>\n<p>El entrenador en jefe de los Zorros sostuvo que \u201cla intenci\u00f3n principal de este viaje es que los jugadores aprendan de este tipo de experiencias\u201d.<\/p>\n<figure id=\"attachment_15129\" aria-describedby=\"caption-attachment-15129\" style=\"width: 150px\" class=\"wp-caption alignleft\"><a href=\"http:\/\/agpnoticias.com\/news\/wp-content\/uploads\/2012\/08\/Cetys-Las-Panteras-fueron-buen-sinodal.jpg\"><img decoding=\"async\" class=\"size-thumbnail wp-image-15129\" title=\"(Cetys)  Las Panteras fueron buen sinodal\" src=\"http:\/\/agpnoticias.com\/news\/wp-content\/uploads\/2012\/08\/Cetys-Las-Panteras-fueron-buen-sinodal-150x87.jpg\" alt=\"\" width=\"150\" height=\"87\" srcset=\"https:\/\/agpnoticias.com\/news\/wp-content\/uploads\/2012\/08\/Cetys-Las-Panteras-fueron-buen-sinodal-150x87.jpg 150w, https:\/\/agpnoticias.com\/news\/wp-content\/uploads\/2012\/08\/Cetys-Las-Panteras-fueron-buen-sinodal-550x320.jpg 550w, https:\/\/agpnoticias.com\/news\/wp-content\/uploads\/2012\/08\/Cetys-Las-Panteras-fueron-buen-sinodal.jpg 640w\" sizes=\"(max-width: 150px) 100vw, 150px\" \/><\/a><figcaption id=\"caption-attachment-15129\" class=\"wp-caption-text\">Las Panteras fueron buen sinodal (Fotos: J.L. Gorosave)<\/figcaption><\/figure>\n<p>Sobre el juego de preparaci\u00f3n disputado la tarde del s\u00e1bado en Ciudad Deportiva, Roberto Carlos Garc\u00eda consider\u00f3 que les ser\u00e1 de utilidad a sus dirigidos por corregir aspectos de cara al duelo ante Borregos.<\/p>\n<p>El torneo de la Organizaci\u00f3n Estudiantil de Futbol Americano (OEFA) iniciar\u00e1 la primera semana de septiembre contra los reci\u00e9n ascendidos a la primera divisi\u00f3n, Lobos Ibero.<\/p>\n","protected":false},"excerpt":{"rendered":"<p>Ensenada, Baja California.- Los Zorros del Cetys Ensenada sostuvieron su \u00faltima prueba antes de medirse&#8230;<\/p>\n","protected":false},"author":1,"featured_media":15127,"comment_status":"closed","ping_status":"closed","sticky":false,"template":"","format":"standard","meta":{"footnotes":""},"categories":[1,879,7,33],"tags":[],"class_list":["post-15126","post","type-post","status-publish","format-standard","has-post-thumbnail","hentry","category-uncategorized","category-cetys-universidad","category-deportes","category-futbol-americano"],"_links":{"self":[{"href":"https:\/\/agpnoticias.com\/news\/index.php?rest_route=\/wp\/v2\/posts\/15126","targetHints":{"allow":["GET"]}}],"collection":[{"href":"https:\/\/agpnoticias.com\/news\/index.php?rest_route=\/wp\/v2\/posts"}],"about":[{"href":"https:\/\/agpnoticias.com\/news\/index.php?rest_route=\/wp\/v2\/types\/post"}],"author":[{"embeddable":true,"href":"https:\/\/agpnoticias.com\/news\/index.php?rest_route=\/wp\/v2\/users\/1"}],"replies":[{"embeddable":true,"href":"https:\/\/agpnoticias.com\/news\/index.php?rest_route=%2Fwp%2Fv2%2Fcomments&post=15126"}],"version-history":[{"count":3,"href":"https:\/\/agpnoticias.com\/news\/index.php?rest_route=\/wp\/v2\/posts\/15126\/revisions"}],"predecessor-version":[{"id":17884,"href":"https:\/\/agpnoticias.com\/news\/index.php?rest_route=\/wp\/v2\/posts\/15126\/revisions\/17884"}],"wp:featuredmedia":[{"embeddable":true,"href":"https:\/\/agpnoticias.com\/news\/index.php?rest_route=\/wp\/v2\/media\/15127"}],"wp:attachment":[{"href":"https:\/\/agpnoticias.com\/news\/index.php?rest_route=%2Fwp%2Fv2%2Fmedia&parent=15126"}],"wp:term":[{"taxonomy":"category","embeddable":true,"href":"https:\/\/agpnoticias.com\/news\/index.php?rest_route=%2Fwp%2Fv2%2Fcategories&post=15126"},{"taxonomy":"post_tag","embeddable":true,"href":"https:\/\/agpnoticias.com\/news\/index.php?rest_route=%2Fwp%2Fv2%2Ftags&post=15126"}],"curies":[{"name":"wp","href":"https:\/\/api.w.org\/{rel}","templated":true}]}}