{"id":1598744,"date":"2014-10-22T15:10:59","date_gmt":"2014-10-22T22:10:59","guid":{"rendered":"http:\/\/agpnoticias.com\/news\/?p=1598744"},"modified":"2015-02-10T19:25:13","modified_gmt":"2015-02-11T03:25:13","slug":"retomarian-proyecto-si-apoya-toros","status":"publish","type":"post","link":"https:\/\/agpnoticias.com\/news\/?p=1598744","title":{"rendered":"Retomar\u00edan proyecto si apoya Toros"},"content":{"rendered":"<figure id=\"attachment_1598752\" aria-describedby=\"caption-attachment-1598752\" style=\"width: 554px\" class=\"wp-caption alignright\"><a href=\"http:\/\/agpnoticias.com\/news\/retomarian-proyecto-si-apoya-toros\/fernando-mancilla\/\" rel=\"attachment wp-att-1598752\"><img fetchpriority=\"high\" decoding=\"async\" class=\"size-full wp-image-1598752\" src=\"http:\/\/agpnoticias.com\/news\/wp-content\/uploads\/2014\/10\/Fernando-Mancilla.jpg\" alt=\"Fernando Mancilla\" width=\"554\" height=\"480\" srcset=\"https:\/\/agpnoticias.com\/news\/wp-content\/uploads\/2014\/10\/Fernando-Mancilla.jpg 554w, https:\/\/agpnoticias.com\/news\/wp-content\/uploads\/2014\/10\/Fernando-Mancilla-200x173.jpg 200w\" sizes=\"(max-width: 554px) 100vw, 554px\" \/><\/a><figcaption id=\"caption-attachment-1598752\" class=\"wp-caption-text\">Fernando Mancilla<\/figcaption><\/figure>\n<p>Ensenada, Baja California.- La intenci\u00f3n de Fernando Mancilla Ponce por hacerse de una franquicia de Liga Norte de M\u00e9xico en Maneadero fue descartada a causa del poco tiempo para conseguir los recursos que permitieran la rehabilitaci\u00f3n del campo Rub\u00e9n S\u00e1nchez Legaspy.<\/p>\n<p>Sin embargo, el empresario ensenadense estar\u00eda dispuesto a retomar el proyecto si se da en conjunto con Toros de Tijuana.<\/p>\n<p>\u00abDesistimos en un principio porque necesit\u00e1bamos como tres millones de pesos para poder cumplir en Maneadero con todas las condiciones que pide Liga Norte de M\u00e9xico,\u00a0y desistimos por el tiempo que te llevan\u00a0las gestiones ante el gobierno\u00bb, explic\u00f3.<\/p>\n<p>La posibilidad se reabri\u00f3 hace unos d\u00edas cuando \u00abconseguimos una cita con Carlos (Orozco, gerente general) de Toros, y ojal\u00e1 podamos avanzar con el apoyo de ellos\u00bb.<\/p>\n<p>Por lo pronto, \u00abseguimos muy entusiasmados con nuestro equipo (Mantarrayas) en la Liga Industrial Comercial, pero s\u00ed nos gustar\u00eda probar en Liga Norte\u00bb.<\/p>\n","protected":false},"excerpt":{"rendered":"<p>Ensenada, Baja California.- La intenci\u00f3n de Fernando Mancilla Ponce por hacerse de una franquicia de&#8230;<\/p>\n","protected":false},"author":1,"featured_media":1598752,"comment_status":"closed","ping_status":"closed","sticky":false,"template":"","format":"standard","meta":{"footnotes":""},"categories":[1,30,7,18,159],"tags":[],"class_list":["post-1598744","post","type-post","status-publish","format-standard","has-post-thumbnail","hentry","category-uncategorized","category-beisbol","category-deportes","category-marineros-de-ensenada","category-toros-de-tijuana"],"_links":{"self":[{"href":"https:\/\/agpnoticias.com\/news\/index.php?rest_route=\/wp\/v2\/posts\/1598744","targetHints":{"allow":["GET"]}}],"collection":[{"href":"https:\/\/agpnoticias.com\/news\/index.php?rest_route=\/wp\/v2\/posts"}],"about":[{"href":"https:\/\/agpnoticias.com\/news\/index.php?rest_route=\/wp\/v2\/types\/post"}],"author":[{"embeddable":true,"href":"https:\/\/agpnoticias.com\/news\/index.php?rest_route=\/wp\/v2\/users\/1"}],"replies":[{"embeddable":true,"href":"https:\/\/agpnoticias.com\/news\/index.php?rest_route=%2Fwp%2Fv2%2Fcomments&post=1598744"}],"version-history":[{"count":2,"href":"https:\/\/agpnoticias.com\/news\/index.php?rest_route=\/wp\/v2\/posts\/1598744\/revisions"}],"predecessor-version":[{"id":1598761,"href":"https:\/\/agpnoticias.com\/news\/index.php?rest_route=\/wp\/v2\/posts\/1598744\/revisions\/1598761"}],"wp:featuredmedia":[{"embeddable":true,"href":"https:\/\/agpnoticias.com\/news\/index.php?rest_route=\/wp\/v2\/media\/1598752"}],"wp:attachment":[{"href":"https:\/\/agpnoticias.com\/news\/index.php?rest_route=%2Fwp%2Fv2%2Fmedia&parent=1598744"}],"wp:term":[{"taxonomy":"category","embeddable":true,"href":"https:\/\/agpnoticias.com\/news\/index.php?rest_route=%2Fwp%2Fv2%2Fcategories&post=1598744"},{"taxonomy":"post_tag","embeddable":true,"href":"https:\/\/agpnoticias.com\/news\/index.php?rest_route=%2Fwp%2Fv2%2Ftags&post=1598744"}],"curies":[{"name":"wp","href":"https:\/\/api.w.org\/{rel}","templated":true}]}}