{"id":1600335,"date":"2014-10-22T23:53:32","date_gmt":"2014-10-23T06:53:32","guid":{"rendered":"http:\/\/agpnoticias.com\/news\/?p=1600335"},"modified":"2014-10-22T23:53:33","modified_gmt":"2014-10-23T06:53:33","slug":"revelaran-manager-a-mitad-de-noviembre","status":"publish","type":"post","link":"https:\/\/agpnoticias.com\/news\/?p=1600335","title":{"rendered":"Revelar\u00e1n manager a mitad de noviembre"},"content":{"rendered":"<figure id=\"attachment_1600368\" aria-describedby=\"caption-attachment-1600368\" style=\"width: 800px\" class=\"wp-caption aligncenter\"><a href=\"http:\/\/agpnoticias.com\/news\/revelaran-manager-a-mitad-de-noviembre\/los-toros-tendran-manager-el-mes-entrante\/\" rel=\"attachment wp-att-1600368\"><img fetchpriority=\"high\" decoding=\"async\" class=\"size-full wp-image-1600368\" src=\"http:\/\/agpnoticias.com\/news\/wp-content\/uploads\/2014\/10\/Los-Toros-tendr\u00e1n-manager-el-mes-entrante.jpg\" alt=\"Los Toros tendr\u00e1n manager el mes entrante\" width=\"800\" height=\"524\" srcset=\"https:\/\/agpnoticias.com\/news\/wp-content\/uploads\/2014\/10\/Los-Toros-tendr\u00e1n-manager-el-mes-entrante.jpg 800w, https:\/\/agpnoticias.com\/news\/wp-content\/uploads\/2014\/10\/Los-Toros-tendr\u00e1n-manager-el-mes-entrante-200x131.jpg 200w, https:\/\/agpnoticias.com\/news\/wp-content\/uploads\/2014\/10\/Los-Toros-tendr\u00e1n-manager-el-mes-entrante-600x393.jpg 600w\" sizes=\"(max-width: 800px) 100vw, 800px\" \/><\/a><figcaption id=\"caption-attachment-1600368\" class=\"wp-caption-text\">Los Toros tendr\u00e1n manager el mes entrante<\/figcaption><\/figure>\n<p>Tijuana, Baja California (<a href=\"http:\/\/torosdetijuana.com\/\" data-reactid=\".6o.$mid=11414011874290=295b2d382b3c6efba85.2:0.0.0.0.0.0.$range0:0\">TorosdeTijuana.com<\/a><span data-reactid=\".6o.$mid=11414011874290=295b2d382b3c6efba85.2:0.0.0.0.0.0.$end:0:$0:0\">-Armando Esquivel) .- A mediados del mes de noviembre podr\u00eda estar definido el puesto de manejador del equipo Toros de Tijuana para la temporada 2015 de la Liga Mexicana de Beisbol (LMB), dijo ayer Jorge Campillo, director deportivo del club fronterizo.<\/span><\/p>\n<p><span data-reactid=\".6o.$mid=11414011874290=295b2d382b3c6efba85.2:0.0.0.0.0.0.$end:0:$6:0\">El tijuanense, ex jugador de Marineros de Seattle y Bravos de Atlanta, adelant\u00f3 que est\u00e1n en busca de un timonel que vaya de acuerdo con la filosof\u00eda que se implantar\u00e1 entre los jugadores del equipo.<\/span><\/p>\n<figure id=\"attachment_1600381\" aria-describedby=\"caption-attachment-1600381\" style=\"width: 320px\" class=\"wp-caption alignright\"><a href=\"http:\/\/agpnoticias.com\/news\/revelaran-manager-a-mitad-de-noviembre\/jorge-campillo\/\" rel=\"attachment wp-att-1600381\"><img decoding=\"async\" class=\"size-medium wp-image-1600381\" src=\"http:\/\/agpnoticias.com\/news\/wp-content\/uploads\/2014\/10\/Jorge-Campillo-320x240.jpg\" alt=\"Jorge Campillo, director deportivo de Toros\" width=\"320\" height=\"240\" srcset=\"https:\/\/agpnoticias.com\/news\/wp-content\/uploads\/2014\/10\/Jorge-Campillo-320x240.jpg 320w, https:\/\/agpnoticias.com\/news\/wp-content\/uploads\/2014\/10\/Jorge-Campillo-640x480.jpg 640w\" sizes=\"(max-width: 320px) 100vw, 320px\" \/><\/a><figcaption id=\"caption-attachment-1600381\" class=\"wp-caption-text\">Jorge Campillo, director deportivo de Toros<\/figcaption><\/figure>\n<p><span data-reactid=\".6o.$mid=11414011874290=295b2d382b3c6efba85.2:0.0.0.0.0.0.$end:0:$8:0\">Sin embargo, record\u00f3 que Jes\u00fas Sommers, quien en la temporada pasada dirigi\u00f3 en par de etapas a los Toros de Tijuana, es uno de los fuertes candidatos para llevar las riendas del conjunto.<\/span><\/p>\n<p><span data-reactid=\".6o.$mid=11414011874290=295b2d382b3c6efba85.2:0.0.0.0.0.0.$end:0:$10:0\">\u201cEstaremos entrevistando posibles candidatos, aunque \u201cChucho\u201d Sommers hizo un excelente trabajo, pero todav\u00eda no se ha tomado una decisi\u00f3n; a mi me gustar\u00eda tenerlo definido a mediados de noviembre para empezar a trabajar y armar el cuerpo t\u00e9cnico y el equipo en general\u201d, explic\u00f3 Campillo.<\/span><\/p>\n<p><span data-reactid=\".6o.$mid=11414011874290=295b2d382b3c6efba85.2:0.0.0.0.0.0.$end:0:$12:0\">Entre las caracter\u00edsticas que el flamante director deportivo enumer\u00f3 para quien tome el mando del dugout del equipo local en el estadio Gasmart, destacan la agresividad en el corrido de bases, oportunidad para los j\u00f3venes, as\u00ed como el aspecto defensivo.<\/span><\/p>\n<p><span data-reactid=\".6o.$mid=11414011874290=295b2d382b3c6efba85.2:0.0.0.0.0.0.$end:0:$14:0\">\u201cNosotros junto con la familia Uribe creemos mucho que el tipo de manejador que queremos tiene que ir de acuerdo con el equipo que estamos armando, debe de existir uniformidad entre manejador, cuerpo t\u00e9cnico y jugadores\u201d, concluy\u00f3.<\/span><\/p>\n<p><strong>\u201cEn su a\u00f1o de debut\u201d<\/strong><br data-reactid=\".6o.$mid=11414011874290=295b2d382b3c6efba85.2:0.0.0.0.0.0.$end:0:$19:0\" \/> <span data-reactid=\".6o.$mid=11414011874290=295b2d382b3c6efba85.2:0.0.0.0.0.0.$end:0:$20:0\">Para Jorge Campillo, la sensaci\u00f3n de estos primeros d\u00edas en la oficina de los Toros de Tijuana lo hace regresar en el tiempo y rememorar sus d\u00edas de pelotero y su debut en los diferentes circuitos en los que jug\u00f3, ya que su labor como director deportivo es una encomienda nueva que disfruta y lo llena de satisfacci\u00f3n.<\/span><\/p>\n<p><span data-reactid=\".6o.$mid=11414011874290=295b2d382b3c6efba85.2:0.0.0.0.0.0.$end:0:$22:0\">\u201cEstoy muy contento; es una gran responsabilidad que me ha encomendado la familia Uribe, pero hemos estado trabajando muy fuerte y nos hemos preparado para dar los mejores resultados posibles; estoy muy emocionado y con muchas ganas de trabajar\u201d, dijo el martes en su oficina en Tijuana.<\/span><\/p>\n<p>Su responsabilidad, \u00e9l mismo la ha dividido en tres grandes \u00e1reas: El reclutamiento de jugadores o \u201cScouteo\u201d, el desarrollo de peloteros y, por \u00faltimo, la conformaci\u00f3n del equipo \u201cgrande\u201d en la Liga Mexicana de Beisbol.<\/p>\n<p><span data-reactid=\".6o.$mid=11414011874290=295b2d382b3c6efba85.2:0.0.0.0.0.0.$end:0:$26:0\">Los Toros de Tijuana cuentan con once buscadores por todo M\u00e9xico que observan muy de cerca desde las ligas infantiles y juveniles para ir eligiendo a las futuras estrellas del Rey de los Deportes.<\/span><\/p>\n<p><span data-reactid=\".6o.$mid=11414011874290=295b2d382b3c6efba85.2:0.0.0.0.0.0.$end:0:$28:0\">En la etapa de desarroll\u00f3 se trata de capacitar a todos los peloteros y convertirlos en prospectos que puedan ser vendidos a equipos de Estados Unidos o para debutarlos en Toros de Tijuana.<\/span><\/p>\n<p><span data-reactid=\".6o.$mid=11414011874290=295b2d382b3c6efba85.2:0.0.0.0.0.0.$end:0:$30:0\">Con menos de un a\u00f1o en la LMB, el equipo fronterizo ya cuenta con un j\u00f3venes jugadores que tienen el potencial para llegar a Estados Unidos.<\/span><br data-reactid=\".6o.$mid=11414011874290=295b2d382b3c6efba85.2:0.0.0.0.0.0.$end:0:$31:0\" \/> <span data-reactid=\".6o.$mid=11414011874290=295b2d382b3c6efba85.2:0.0.0.0.0.0.$end:0:$32:0\">\u201cTenemos a seis peloteros nuestros sobre los que existe inter\u00e9s de equipos de Estados Unidos en firmarlos\u201d, asegur\u00f3.<\/span><\/p>\n","protected":false},"excerpt":{"rendered":"<p>Tijuana, Baja California (TorosdeTijuana.com-Armando Esquivel) .- A mediados del mes de noviembre podr\u00eda estar definido&#8230;<\/p>\n","protected":false},"author":1,"featured_media":1600368,"comment_status":"closed","ping_status":"closed","sticky":false,"template":"","format":"standard","meta":{"footnotes":""},"categories":[1,30,7],"tags":[],"class_list":["post-1600335","post","type-post","status-publish","format-standard","has-post-thumbnail","hentry","category-uncategorized","category-beisbol","category-deportes"],"_links":{"self":[{"href":"https:\/\/agpnoticias.com\/news\/index.php?rest_route=\/wp\/v2\/posts\/1600335","targetHints":{"allow":["GET"]}}],"collection":[{"href":"https:\/\/agpnoticias.com\/news\/index.php?rest_route=\/wp\/v2\/posts"}],"about":[{"href":"https:\/\/agpnoticias.com\/news\/index.php?rest_route=\/wp\/v2\/types\/post"}],"author":[{"embeddable":true,"href":"https:\/\/agpnoticias.com\/news\/index.php?rest_route=\/wp\/v2\/users\/1"}],"replies":[{"embeddable":true,"href":"https:\/\/agpnoticias.com\/news\/index.php?rest_route=%2Fwp%2Fv2%2Fcomments&post=1600335"}],"version-history":[{"count":2,"href":"https:\/\/agpnoticias.com\/news\/index.php?rest_route=\/wp\/v2\/posts\/1600335\/revisions"}],"predecessor-version":[{"id":1600384,"href":"https:\/\/agpnoticias.com\/news\/index.php?rest_route=\/wp\/v2\/posts\/1600335\/revisions\/1600384"}],"wp:featuredmedia":[{"embeddable":true,"href":"https:\/\/agpnoticias.com\/news\/index.php?rest_route=\/wp\/v2\/media\/1600368"}],"wp:attachment":[{"href":"https:\/\/agpnoticias.com\/news\/index.php?rest_route=%2Fwp%2Fv2%2Fmedia&parent=1600335"}],"wp:term":[{"taxonomy":"category","embeddable":true,"href":"https:\/\/agpnoticias.com\/news\/index.php?rest_route=%2Fwp%2Fv2%2Fcategories&post=1600335"},{"taxonomy":"post_tag","embeddable":true,"href":"https:\/\/agpnoticias.com\/news\/index.php?rest_route=%2Fwp%2Fv2%2Ftags&post=1600335"}],"curies":[{"name":"wp","href":"https:\/\/api.w.org\/{rel}","templated":true}]}}