{"id":1600483,"date":"2014-10-22T23:47:54","date_gmt":"2014-10-23T06:47:54","guid":{"rendered":"http:\/\/agpnoticias.com\/news\/?p=1600483"},"modified":"2014-10-23T01:23:19","modified_gmt":"2014-10-23T08:23:19","slug":"no-se-fia-el-chango-de-mal-momento-en-chivas","status":"publish","type":"post","link":"https:\/\/agpnoticias.com\/news\/?p=1600483","title":{"rendered":"No se f\u00eda El Chango de mal momento en Chivas"},"content":{"rendered":"<figure id=\"attachment_1600499\" aria-describedby=\"caption-attachment-1600499\" style=\"width: 729px\" class=\"wp-caption aligncenter\"><a href=\"http:\/\/agpnoticias.com\/news\/no-se-fia-el-chango-de-mal-momento-en-chivas\/alfredo-moreno-titular-desde-la-llegada-de-daniel-guzman-sera-parte-del-grupo-que-enfrentara-chivas\/\" rel=\"attachment wp-att-1600499\"><img fetchpriority=\"high\" decoding=\"async\" class=\"size-full wp-image-1600499\" src=\"http:\/\/agpnoticias.com\/news\/wp-content\/uploads\/2014\/10\/Alfredo-Moreno-titular-desde-la-llegada-de-Daniel-Guzm\u00e1n-ser\u00e1-parte-del-grupo-que-enfrentar\u00e1-Chivas.jpg\" alt=\"Alfredo Moreno, titular desde la llegada de Daniel Guzm\u00e1n, habl\u00f3 antes de la visita a Chivas\" width=\"729\" height=\"547\" srcset=\"https:\/\/agpnoticias.com\/news\/wp-content\/uploads\/2014\/10\/Alfredo-Moreno-titular-desde-la-llegada-de-Daniel-Guzm\u00e1n-ser\u00e1-parte-del-grupo-que-enfrentar\u00e1-Chivas.jpg 729w, https:\/\/agpnoticias.com\/news\/wp-content\/uploads\/2014\/10\/Alfredo-Moreno-titular-desde-la-llegada-de-Daniel-Guzm\u00e1n-ser\u00e1-parte-del-grupo-que-enfrentar\u00e1-Chivas-200x150.jpg 200w, https:\/\/agpnoticias.com\/news\/wp-content\/uploads\/2014\/10\/Alfredo-Moreno-titular-desde-la-llegada-de-Daniel-Guzm\u00e1n-ser\u00e1-parte-del-grupo-que-enfrentar\u00e1-Chivas-320x240.jpg 320w, https:\/\/agpnoticias.com\/news\/wp-content\/uploads\/2014\/10\/Alfredo-Moreno-titular-desde-la-llegada-de-Daniel-Guzm\u00e1n-ser\u00e1-parte-del-grupo-que-enfrentar\u00e1-Chivas-640x480.jpg 640w, https:\/\/agpnoticias.com\/news\/wp-content\/uploads\/2014\/10\/Alfredo-Moreno-titular-desde-la-llegada-de-Daniel-Guzm\u00e1n-ser\u00e1-parte-del-grupo-que-enfrentar\u00e1-Chivas-600x450.jpg 600w\" sizes=\"(max-width: 729px) 100vw, 729px\" \/><\/a><figcaption id=\"caption-attachment-1600499\" class=\"wp-caption-text\">Alfredo Moreno, titular desde la llegada de Daniel Guzm\u00e1n, habl\u00f3 antes de la visita a Chivas<\/figcaption><\/figure>\n<p>Tijuana, Baja California.- Alfredo Moreno no se f\u00eda del mal paso de Chivas.<\/p>\n<p>Y <em>El Chango<\/em> advierte la peligrosidad de un equipo urgido de puntos para trata de salir de la zona de descenso.<\/p>\n<p>\u00abDespu\u00e9s de las derrotas, ellos van a querer salir a ganar, salir con todo el domingo; est\u00e1n trabajando con un t\u00e9cnico nuevo y van a querer su primera victoria, pero nosotros somos conscientes de todas esas situaciones, jugamos contra eso\u00bb, refiri\u00f3 el atacante de Xoloitzcuintles.<\/p>\n<p>En torno al juego de la fecha 14 por el Torneo Apertura 2014, confi\u00f3 en que despu\u00e9s de regresar a la victoria el viernes frente a Gallos Blancos para llegar a 16 puntos, a uno de Santos Laguna, octavo de la clasificaci\u00f3n.<\/p>\n<p>\u00abSe nos hace dif\u00edcil, pero este equipo est\u00e1 muy capacitado para sobrellevar eso, de sobre ponernos, de saber que si hacemos lo que hicimos el viernes, vamos a conseguir los tres puntos sin duda\u00bb, consider\u00f3.<br \/>\nTras la pr\u00e1ctica de mi\u00e9rcoles, el ex delantero de Boca Juniors admiti\u00f3 las dificultades experimentadas por el Club Tijuana cuando sale del Estadio Caliente.<\/p>\n<p>\u00abNos ha costado mucho y nuestro objetivo es ganar de visitante. Por ah\u00ed se han dado partidos dif\u00edciles, hay que seguir trabajando, nosotros somos conscientes de que podemos hacerlo, de que podemos ganar\u00bb, estim\u00f3.<\/p>\n<p>Pero tras sumar de a tres en casa contra Quer\u00e9taro, \u00abempiezas a ver la tabla y empiezas a esperar resultados para que se vayan haciendo matem\u00e1ticas y \u00a0poder calificar, pero yo creo que todav\u00eda hay tiempo\u00bb.<\/p>\n<p>\u00abSin duda, es muy importante y clave este partido del domingo contra Chivas y si lo ganamos va a ser un golpe an\u00edmico muy bueno para nosotros\u00bb, expres\u00f3.<\/p>\n<p><em>Informaci\u00f3n y fotograf\u00eda: Club Tijuana Xoloitzcuintles de Caliente.<\/em><\/p>\n","protected":false},"excerpt":{"rendered":"<p>Tijuana, Baja California.- Alfredo Moreno no se f\u00eda del mal paso de Chivas. Y El&#8230;<\/p>\n","protected":false},"author":1,"featured_media":1600499,"comment_status":"closed","ping_status":"closed","sticky":false,"template":"","format":"standard","meta":{"footnotes":""},"categories":[1,7,32,17],"tags":[],"class_list":["post-1600483","post","type-post","status-publish","format-standard","has-post-thumbnail","hentry","category-uncategorized","category-deportes","category-soccer","category-xolos-de-tijuana"],"_links":{"self":[{"href":"https:\/\/agpnoticias.com\/news\/index.php?rest_route=\/wp\/v2\/posts\/1600483","targetHints":{"allow":["GET"]}}],"collection":[{"href":"https:\/\/agpnoticias.com\/news\/index.php?rest_route=\/wp\/v2\/posts"}],"about":[{"href":"https:\/\/agpnoticias.com\/news\/index.php?rest_route=\/wp\/v2\/types\/post"}],"author":[{"embeddable":true,"href":"https:\/\/agpnoticias.com\/news\/index.php?rest_route=\/wp\/v2\/users\/1"}],"replies":[{"embeddable":true,"href":"https:\/\/agpnoticias.com\/news\/index.php?rest_route=%2Fwp%2Fv2%2Fcomments&post=1600483"}],"version-history":[{"count":2,"href":"https:\/\/agpnoticias.com\/news\/index.php?rest_route=\/wp\/v2\/posts\/1600483\/revisions"}],"predecessor-version":[{"id":1600548,"href":"https:\/\/agpnoticias.com\/news\/index.php?rest_route=\/wp\/v2\/posts\/1600483\/revisions\/1600548"}],"wp:featuredmedia":[{"embeddable":true,"href":"https:\/\/agpnoticias.com\/news\/index.php?rest_route=\/wp\/v2\/media\/1600499"}],"wp:attachment":[{"href":"https:\/\/agpnoticias.com\/news\/index.php?rest_route=%2Fwp%2Fv2%2Fmedia&parent=1600483"}],"wp:term":[{"taxonomy":"category","embeddable":true,"href":"https:\/\/agpnoticias.com\/news\/index.php?rest_route=%2Fwp%2Fv2%2Fcategories&post=1600483"},{"taxonomy":"post_tag","embeddable":true,"href":"https:\/\/agpnoticias.com\/news\/index.php?rest_route=%2Fwp%2Fv2%2Ftags&post=1600483"}],"curies":[{"name":"wp","href":"https:\/\/api.w.org\/{rel}","templated":true}]}}