{"id":1604326,"date":"2014-10-23T14:34:12","date_gmt":"2014-10-23T21:34:12","guid":{"rendered":"http:\/\/agpnoticias.com\/news\/?p=1604326"},"modified":"2017-01-18T14:46:50","modified_gmt":"2017-01-18T22:46:50","slug":"homenaje-e-invitados-especiales-en-el-reto-de-valientes","status":"publish","type":"post","link":"https:\/\/agpnoticias.com\/news\/?p=1604326","title":{"rendered":"Homenaje e invitados especiales en El Reto de Valientes"},"content":{"rendered":"<figure id=\"attachment_1604327\" aria-describedby=\"caption-attachment-1604327\" style=\"width: 800px\" class=\"wp-caption aligncenter\"><a href=\"http:\/\/agpnoticias.com\/news\/homenaje-e-invitados-especiales-en-el-reto-de-valientes\/los-promotores-del-reto-de-valientes-informaron-el-inicio-de-actividades-a-partir-del-sabado\/\" rel=\"attachment wp-att-1604327\"><img fetchpriority=\"high\" decoding=\"async\" class=\"size-full wp-image-1604327\" src=\"http:\/\/agpnoticias.com\/news\/wp-content\/uploads\/2014\/10\/Los-promotores-del-Reto-de-Valientes-informaron-el-inicio-de-actividades-a-partir-del-s\u00e1bado.jpg\" alt=\"Los promotores del Reto de Valientes informaron el inicio de actividades a partir del s\u00e1bado\" width=\"800\" height=\"524\" srcset=\"https:\/\/agpnoticias.com\/news\/wp-content\/uploads\/2014\/10\/Los-promotores-del-Reto-de-Valientes-informaron-el-inicio-de-actividades-a-partir-del-s\u00e1bado.jpg 800w, https:\/\/agpnoticias.com\/news\/wp-content\/uploads\/2014\/10\/Los-promotores-del-Reto-de-Valientes-informaron-el-inicio-de-actividades-a-partir-del-s\u00e1bado-200x131.jpg 200w, https:\/\/agpnoticias.com\/news\/wp-content\/uploads\/2014\/10\/Los-promotores-del-Reto-de-Valientes-informaron-el-inicio-de-actividades-a-partir-del-s\u00e1bado-600x393.jpg 600w\" sizes=\"(max-width: 800px) 100vw, 800px\" \/><\/a><figcaption id=\"caption-attachment-1604327\" class=\"wp-caption-text\">Los promotores del Reto de Valientes informaron el inicio de actividades a partir del s\u00e1bado<\/figcaption><\/figure>\n<p>Ensenada, Baja California.- Como integrante de una familia fundadora en el apoyo a los deportistas especiales, Ra\u00fal Alvidrez ser\u00e1 homenajeado durante El Reto de Valientes 2014, cuya ceremonia de inauguraci\u00f3n ser\u00e1 el s\u00e1bado a las 9:00 horas en la unidad deportiva Sullivan.<\/p>\n<p>Lo anterior fue informado en rueda de prensa por los promotores de la fecha organizada cada a\u00f1o en Ensenada para promover las actividades deportivas entre quienes padecen cualquiera de los cuatro tipos de discapacidad: \u00a0intelectual, visual, motriz y auditiva.<\/p>\n<p>Samuel Albestrain P\u00e9rez indic\u00f3 que en la ceremonia de inauguraci\u00f3n estar\u00e1 el alcalde Gilberto Hirata, acompa\u00f1ado por Carlos Padillo, titular del Comit\u00e9 Ol\u00edmpico Mexicano, adem\u00e1s de que se encuentra en espera de la confirmaci\u00f3n del gimnasta ol\u00edmpico Daniel Corral.<\/p>\n<p>El Secretario de Desarrollo Social Municipal precis\u00f3 que los deportes que se llevar\u00e1n a cabo en El Reto de Valientes 2014 son golbol (Gimnasio UABC Valle Dorado), nataci\u00f3n (Alberca de Ciudad Deportiva), boliche (Sal\u00f3n Mutualista), basquetbol (Gimnasio Municipal \u00d3scar \u00abTigre\u00bb Garc\u00eda), atletismo y futbol (Sullivan).<\/p>\n<p>Las competencias iniciar\u00e1n a las 10:00 horas en los distintos escenarios, luego de la ceremonia inaugural donde se realizar\u00e1 el encendido simb\u00f3lico del pebetero tras un breve recorrido a cargo de los atletas especiales Daniel L\u00f3pez Mart\u00ednez, Griselda Paredes, Ramiro Celaya y Michelle Falc\u00f3n.<\/p>\n<p>Griselda Sandoval, directora de Olimpiadas Especiales en Baja California, explic\u00f3 que el homenaje al atleta Ra\u00fal Alvidrez se debe a que \u00e9l, gracias al apoyo de sus padres, fue pionero en la promoci\u00f3n del deporte especial en Ensenada a trav\u00e9s del Club Tiburones.<\/p>\n<p>En el Reto de Valientes participar\u00e1n 500 atletas, entre locales y for\u00e1neos provenientes del resto de los municipios del estado, as\u00ed como de Sonora, Estado de M\u00e9xico y Distrito Federal; y de Estados Unidos asistir\u00e1n competidores de ciudades de Arizona y California.<\/p>\n<p>La coordinadora de Atenci\u00f3n a Grupos Vulnerables del Gobierno Municipal, Patricia Reyes Hern\u00e1ndez, revel\u00f3 que la premiaci\u00f3n consistir\u00e1 en medallas a los tres primeros lugares de cada prueba, mientras que el resto de los participantes recibir\u00e1 un list\u00f3n conmemorativo de la fecha.<\/p>\n<p>En ese sentido, agradeci\u00f3 a Carlos Padilla, titular del COM, por aceptar la invitaci\u00f3n a Ensenada y por haber aportado las medallas para la premiaci\u00f3n.<\/p>\n<p>El s\u00e1bado, precis\u00f3, habr\u00e1 una cena-baile en Sal\u00f3n La Troje, donde ser\u00e1n elegidos La Reina y El Rey del Reto de Valientes, cuya actividad final ser\u00e1 un paseo ciclista en Playa Hermosa el domingo por la ma\u00f1ana.<\/p>\n<p>Las delegaciones llegar\u00e1n el viernes a Ensenada.<\/p>\n","protected":false},"excerpt":{"rendered":"<p>Ensenada, Baja California.- Como integrante de una familia fundadora en el apoyo a los deportistas&#8230;<\/p>\n","protected":false},"author":1,"featured_media":1604327,"comment_status":"closed","ping_status":"closed","sticky":false,"template":"","format":"standard","meta":{"footnotes":""},"categories":[1,31,7,705],"tags":[],"class_list":["post-1604326","post","type-post","status-publish","format-standard","has-post-thumbnail","hentry","category-uncategorized","category-atletismo","category-deportes","category-natacion"],"_links":{"self":[{"href":"https:\/\/agpnoticias.com\/news\/index.php?rest_route=\/wp\/v2\/posts\/1604326","targetHints":{"allow":["GET"]}}],"collection":[{"href":"https:\/\/agpnoticias.com\/news\/index.php?rest_route=\/wp\/v2\/posts"}],"about":[{"href":"https:\/\/agpnoticias.com\/news\/index.php?rest_route=\/wp\/v2\/types\/post"}],"author":[{"embeddable":true,"href":"https:\/\/agpnoticias.com\/news\/index.php?rest_route=\/wp\/v2\/users\/1"}],"replies":[{"embeddable":true,"href":"https:\/\/agpnoticias.com\/news\/index.php?rest_route=%2Fwp%2Fv2%2Fcomments&post=1604326"}],"version-history":[{"count":2,"href":"https:\/\/agpnoticias.com\/news\/index.php?rest_route=\/wp\/v2\/posts\/1604326\/revisions"}],"predecessor-version":[{"id":1604339,"href":"https:\/\/agpnoticias.com\/news\/index.php?rest_route=\/wp\/v2\/posts\/1604326\/revisions\/1604339"}],"wp:featuredmedia":[{"embeddable":true,"href":"https:\/\/agpnoticias.com\/news\/index.php?rest_route=\/wp\/v2\/media\/1604327"}],"wp:attachment":[{"href":"https:\/\/agpnoticias.com\/news\/index.php?rest_route=%2Fwp%2Fv2%2Fmedia&parent=1604326"}],"wp:term":[{"taxonomy":"category","embeddable":true,"href":"https:\/\/agpnoticias.com\/news\/index.php?rest_route=%2Fwp%2Fv2%2Fcategories&post=1604326"},{"taxonomy":"post_tag","embeddable":true,"href":"https:\/\/agpnoticias.com\/news\/index.php?rest_route=%2Fwp%2Fv2%2Ftags&post=1604326"}],"curies":[{"name":"wp","href":"https:\/\/api.w.org\/{rel}","templated":true}]}}