{"id":1604673,"date":"2014-10-23T15:23:42","date_gmt":"2014-10-23T22:23:42","guid":{"rendered":"http:\/\/agpnoticias.com\/news\/?p=1604673"},"modified":"2014-10-23T15:23:43","modified_gmt":"2014-10-23T22:23:43","slug":"promueven-semana-de-la-educacion-fisica","status":"publish","type":"post","link":"https:\/\/agpnoticias.com\/news\/?p=1604673","title":{"rendered":"Promueven Semana de la Educaci\u00f3n F\u00edsica"},"content":{"rendered":"<figure id=\"attachment_1604680\" aria-describedby=\"caption-attachment-1604680\" style=\"width: 800px\" class=\"wp-caption aligncenter\"><a href=\"http:\/\/agpnoticias.com\/news\/promueven-semana-de-la-educacion-fisica\/ricardo-alamo-fernando-ribeiro-e-ismael-vargas\/\" rel=\"attachment wp-att-1604680\"><img fetchpriority=\"high\" decoding=\"async\" class=\"size-full wp-image-1604680\" src=\"http:\/\/agpnoticias.com\/news\/wp-content\/uploads\/2014\/10\/Ricardo-\u00c1lamo-Fernando-Ribeiro-e-Ismael-Vargas.jpg\" alt=\"Ricardo \u00c1lamo, Fernando Ribeiro e Ismael Vargas, promotores de la Semana de la Educaci\u00f3n F\u00edsica\" width=\"800\" height=\"533\" srcset=\"https:\/\/agpnoticias.com\/news\/wp-content\/uploads\/2014\/10\/Ricardo-\u00c1lamo-Fernando-Ribeiro-e-Ismael-Vargas.jpg 800w, https:\/\/agpnoticias.com\/news\/wp-content\/uploads\/2014\/10\/Ricardo-\u00c1lamo-Fernando-Ribeiro-e-Ismael-Vargas-200x133.jpg 200w, https:\/\/agpnoticias.com\/news\/wp-content\/uploads\/2014\/10\/Ricardo-\u00c1lamo-Fernando-Ribeiro-e-Ismael-Vargas-600x399.jpg 600w\" sizes=\"(max-width: 800px) 100vw, 800px\" \/><\/a><figcaption id=\"caption-attachment-1604680\" class=\"wp-caption-text\">Ricardo \u00c1lamo, Fernando Ribeiro e Ismael Vargas, promotores de la Semana de la Educaci\u00f3n F\u00edsica<\/figcaption><\/figure>\n<p>Ensenada, Baja California.- Del lunes 27 al jueves 30 de octubre, los maestros de educaci\u00f3n f\u00edsica de Ensenada celebrar\u00e1n la semana dedicada a su especialidad con diferentes actividades.<\/p>\n<p>Fernando Ribeiro Cham precis\u00f3 que durante las actividades incluidas dentro del Mes de la Educaci\u00f3n F\u00edsica han sido tomadas en cuenta las coordinaciones en primarias tanto federales como estatales.<\/p>\n<p>El coordinador regional de educaci\u00f3n f\u00edsica en Ensenada indic\u00f3 que las acciones iniciar\u00e1n el lunes con la entrega, a manera de volanteo en m\u00e1s de 40 escuelas del municipio, de 4 mil 500 tr\u00edpticos con informaci\u00f3n sobre el trabajo de los maestros en el \u00e1rea.<\/p>\n<p>\u00abMuchas veces el padre de familia no tiene el acercamiento con el profesor de educaci\u00f3n f\u00edsica y a trav\u00e9s de los tr\u00edpticos queremos informarles los beneficios de que sus hijos desarrollen la asignatura de buena manera\u00bb, apunt\u00f3.<\/p>\n<p>El martes 28 de octubre habr\u00e1 una expo de educaci\u00f3n f\u00edsica a cargo de la coordinaci\u00f3n municipal de SEBS en primarias estatales, mientras que el mi\u00e9rcoles habr\u00e1 un taller organizado por la coordinaci\u00f3n de primarias federales 06.<\/p>\n<p>Ricardo \u00c1lamo, coordinador del \u00e1rea estatal, inform\u00f3 que el martes en la Plaza C\u00edvica se realizar\u00e1 una expo a la que est\u00e1n invitados alumnos de quinto y sexto grado para desarrollar actividades l\u00fadicas, deportivas y de motricidad.<\/p>\n<p>Son esperados alumnos de 36 escuelas de la coordinaci\u00f3n estatal a partir de las 9:00 y hasta las 15:00 horas.<\/p>\n<p>Para el mi\u00e9rcoles, en el sal\u00f3n del SNTE, ubicado en la calle San Telmo del fraccionamiento Nueva Ensenada, la coordinaci\u00f3n federal de primarias 06 estar\u00e1 al frente del curso taller para la prevenci\u00f3n del acoso escolar con el maestro de educaci\u00f3n f\u00edsica como agente de apoyo.<\/p>\n<p>Ismael Vargas, titular del \u00e1rea federal, precis\u00f3 que por la naturaleza de la materia, el profesor de educaci\u00f3n f\u00edsica puede estar al pendiente de cualquier tipo de situaci\u00f3n de acoso o <em>bullying<\/em> que pueda presentarse en los patios o las \u00e1reas recreativas de las escuelas.<\/p>\n<p>En el lugar, proyectado de 8:00 a 13:00 horas, habr\u00e1 capacidad para 450 personas especialmente invitadas entre padres de familia y docentes, aunque si hay alg\u00fan interesado, podr\u00e1 presentarse para escuchar la ponencia.<\/p>\n<p>El jueves finalizara La Semana de la Educaci\u00f3n F\u00edsica con un taller did\u00e1ctico y pedag\u00f3gico impartido por Horacio Garc\u00eda Mata, de Tamaulipas, quien abordar\u00e1 temas como el trabajo con material reciclable y la impartici\u00f3n de materias como espa\u00f1ol y matem\u00e1ticas ligadas a la educaci\u00f3n f\u00edsica.<\/p>\n<p>Fernando Ribeiro Cham agreg\u00f3 que la intenci\u00f3n de la iniciativa surgida del Sistema Educativo Estatal consiste en promover el trabajo de los docentes, as\u00ed como su capacitaci\u00f3n.<\/p>\n","protected":false},"excerpt":{"rendered":"<p>Ensenada, Baja California.- Del lunes 27 al jueves 30 de octubre, los maestros de educaci\u00f3n&#8230;<\/p>\n","protected":false},"author":1,"featured_media":1604680,"comment_status":"closed","ping_status":"closed","sticky":false,"template":"","format":"standard","meta":{"footnotes":""},"categories":[1,7],"tags":[],"class_list":["post-1604673","post","type-post","status-publish","format-standard","has-post-thumbnail","hentry","category-uncategorized","category-deportes"],"_links":{"self":[{"href":"https:\/\/agpnoticias.com\/news\/index.php?rest_route=\/wp\/v2\/posts\/1604673","targetHints":{"allow":["GET"]}}],"collection":[{"href":"https:\/\/agpnoticias.com\/news\/index.php?rest_route=\/wp\/v2\/posts"}],"about":[{"href":"https:\/\/agpnoticias.com\/news\/index.php?rest_route=\/wp\/v2\/types\/post"}],"author":[{"embeddable":true,"href":"https:\/\/agpnoticias.com\/news\/index.php?rest_route=\/wp\/v2\/users\/1"}],"replies":[{"embeddable":true,"href":"https:\/\/agpnoticias.com\/news\/index.php?rest_route=%2Fwp%2Fv2%2Fcomments&post=1604673"}],"version-history":[{"count":2,"href":"https:\/\/agpnoticias.com\/news\/index.php?rest_route=\/wp\/v2\/posts\/1604673\/revisions"}],"predecessor-version":[{"id":1604699,"href":"https:\/\/agpnoticias.com\/news\/index.php?rest_route=\/wp\/v2\/posts\/1604673\/revisions\/1604699"}],"wp:featuredmedia":[{"embeddable":true,"href":"https:\/\/agpnoticias.com\/news\/index.php?rest_route=\/wp\/v2\/media\/1604680"}],"wp:attachment":[{"href":"https:\/\/agpnoticias.com\/news\/index.php?rest_route=%2Fwp%2Fv2%2Fmedia&parent=1604673"}],"wp:term":[{"taxonomy":"category","embeddable":true,"href":"https:\/\/agpnoticias.com\/news\/index.php?rest_route=%2Fwp%2Fv2%2Fcategories&post=1604673"},{"taxonomy":"post_tag","embeddable":true,"href":"https:\/\/agpnoticias.com\/news\/index.php?rest_route=%2Fwp%2Fv2%2Ftags&post=1604673"}],"curies":[{"name":"wp","href":"https:\/\/api.w.org\/{rel}","templated":true}]}}