{"id":1605197,"date":"2014-10-23T16:39:09","date_gmt":"2014-10-23T23:39:09","guid":{"rendered":"http:\/\/agpnoticias.com\/news\/?p=1605197"},"modified":"2014-10-23T16:48:04","modified_gmt":"2014-10-23T23:48:04","slug":"marcan-ruta-del-medio-maraton-de-valle-de-guadalupe","status":"publish","type":"post","link":"https:\/\/agpnoticias.com\/news\/?p=1605197","title":{"rendered":"Marcan ruta del Medio Marat\u00f3n de Valle de Guadalupe"},"content":{"rendered":"<figure id=\"attachment_1605398\" aria-describedby=\"caption-attachment-1605398\" style=\"width: 800px\" class=\"wp-caption alignright\"><a href=\"http:\/\/agpnoticias.com\/news\/marcan-ruta-del-medio-maraton-de-valle-de-guadalupe\/la-carrera-se-llevara-a-cabo-en-valle-de-guadalupe\/\" rel=\"attachment wp-att-1605398\"><img fetchpriority=\"high\" decoding=\"async\" class=\"size-full wp-image-1605398\" src=\"http:\/\/agpnoticias.com\/news\/wp-content\/uploads\/2014\/10\/La-carrera-se-llevar\u00e1-a-cabo-en-Valle-de-Guadalupe.jpg\" alt=\"La carrera se llevar\u00e1 a cabo en Valle de Guadalupe\" width=\"800\" height=\"533\" srcset=\"https:\/\/agpnoticias.com\/news\/wp-content\/uploads\/2014\/10\/La-carrera-se-llevar\u00e1-a-cabo-en-Valle-de-Guadalupe.jpg 800w, https:\/\/agpnoticias.com\/news\/wp-content\/uploads\/2014\/10\/La-carrera-se-llevar\u00e1-a-cabo-en-Valle-de-Guadalupe-200x133.jpg 200w, https:\/\/agpnoticias.com\/news\/wp-content\/uploads\/2014\/10\/La-carrera-se-llevar\u00e1-a-cabo-en-Valle-de-Guadalupe-600x399.jpg 600w\" sizes=\"(max-width: 800px) 100vw, 800px\" \/><\/a><figcaption id=\"caption-attachment-1605398\" class=\"wp-caption-text\">La carrera se llevar\u00e1 a cabo en Valle de Guadalupe<\/figcaption><\/figure>\n<p>Ensenada, Baja California.- Tanto la ruta del Medio Marat\u00f3n como la de los cinco kil\u00f3metros ya han sido marcadas por los organizadores de la primera fecha atl\u00e9tica que incluir\u00e1 esas dos distancias en Valle de Guadalupe.<\/p>\n<p>Joel Espinoza, promotor del evento, realiz\u00f3 los recorridos junto al colaborador en materia t\u00e9cnica, Emeterio Nava Valles, para tener definidos los trayectos rumbo al domingo 26 de octubre a las 8:00 horas con salida y meta en Hotel Boutique Valle de Guadalupe.<\/p>\n<p>\u00abLas carreras son simult\u00e1neas, porque la tecnolog\u00eda nos los permite identificar a los atletas de acuerdo a la distancia que hayan elegido, adem\u00e1s de que los colores de los n\u00fameros son diferentes\u00bb, precis\u00f3 el promotor.<\/p>\n<p>El tambi\u00e9n ex corredor precis\u00f3 que el 80 por ciento de las dos rutas ser\u00e1 a trav\u00e9s de terracer\u00eda, lo que facilitar\u00e1 la tarea a los participantes.<\/p>\n<p>\u00abEste proyecto naci\u00f3 aqu\u00ed un d\u00eda platicando. Roberto Lyle (representante de Hotel Boutique Valle de Guadalupe) se involucr\u00f3 por su inter\u00e9s en cuestiones de responsabilidad social y yo por estar tantos a\u00f1os metido en el deporte\u00bb, apunt\u00f3 Joel Espinoza.<\/p>\n<p>Despu\u00e9s de destacar el escenario que presenta Valle de Guadalupe para la celebraci\u00f3n de fechas atl\u00e9ticas, se\u00f1al\u00f3 que \u00abla idea naci\u00f3 hace a\u00f1os y pensamos que ya era tiempo de aterrizarla y echarla a andar\u00bb.<\/p>\n<p>El promotor precis\u00f3 que esta fecha no tiene relaci\u00f3n alguna con la carrera de Winne Runners programada ah\u00ed mismo, en Valle de Guadalupe, dentro de dos\u00a0semanas.<\/p>\n<p><strong>Registro y premios<\/strong><\/p>\n<p>Las inscripciones siguen abiertas en el Instituto Municipal del Deporte de Tijuana (IMDET), as\u00ed como en la tienda Nava Sport de Ensenada, o en las direcciones www.mediomaratonvalledeguadalupe.com y www.protime.mx con cargo a tarjeta de cr\u00e9dito.<\/p>\n<p>El costo para competir en el Medio Marat\u00f3n es de 260 pesos, mientras que para los cinco kil\u00f3metros se cobrar\u00e1n 200 pesos.<\/p>\n<p>Los n\u00fameros se entregar\u00e1n o en el IMDET de Tijuana y en el Hotel San Nicol\u00e1s de Ensenada, un d\u00eda antes del evento, el s\u00e1bado, pues ya en la sede no se entregar\u00e1n.<\/p>\n<p>Cada n\u00famero tendr\u00e1 un chip que permitir\u00e1 entregar a los participantes una fotograf\u00eda en la meta durante el momento del arribo, y compartir im\u00e1genes directamente al perfil de Facebook de los inscritos \u00aben tiempo real\u00bb.<\/p>\n<p>Entre los beneficios por el pago de inscripci\u00f3n tambi\u00e9n se encuentran camisetas dry-fit de manga larga para los corredores del Medio Marat\u00f3n, as\u00ed como de manga corta para quienes recorran los cinco kil\u00f3metros.<\/p>\n<p>La premiaci\u00f3n del Medio Marat\u00f3n consistir\u00e1 en una noche de hospedaje en Hotel Boutique Valle de Guadalupe, una camiseta especial y una botella de vino para los ganadores de cada categor\u00eda.<\/p>\n<p>Para los segundos lugares se dar\u00e1 una camiseta especial y la botella de vino, en tanto que los terceros recibir\u00e1n la camiseta.<\/p>\n<p>Tambi\u00e9n se dar\u00e1n medallas a los mejores por categor\u00eda de los cinco kil\u00f3metros, as\u00ed como para todos los corredores que culminen el Medio Marat\u00f3n.<\/p>\n","protected":false},"excerpt":{"rendered":"<p>Ensenada, Baja California.- Tanto la ruta del Medio Marat\u00f3n como la de los cinco kil\u00f3metros&#8230;<\/p>\n","protected":false},"author":1,"featured_media":1605398,"comment_status":"closed","ping_status":"closed","sticky":false,"template":"","format":"standard","meta":{"footnotes":""},"categories":[1,31,7],"tags":[],"class_list":["post-1605197","post","type-post","status-publish","format-standard","has-post-thumbnail","hentry","category-uncategorized","category-atletismo","category-deportes"],"_links":{"self":[{"href":"https:\/\/agpnoticias.com\/news\/index.php?rest_route=\/wp\/v2\/posts\/1605197","targetHints":{"allow":["GET"]}}],"collection":[{"href":"https:\/\/agpnoticias.com\/news\/index.php?rest_route=\/wp\/v2\/posts"}],"about":[{"href":"https:\/\/agpnoticias.com\/news\/index.php?rest_route=\/wp\/v2\/types\/post"}],"author":[{"embeddable":true,"href":"https:\/\/agpnoticias.com\/news\/index.php?rest_route=\/wp\/v2\/users\/1"}],"replies":[{"embeddable":true,"href":"https:\/\/agpnoticias.com\/news\/index.php?rest_route=%2Fwp%2Fv2%2Fcomments&post=1605197"}],"version-history":[{"count":4,"href":"https:\/\/agpnoticias.com\/news\/index.php?rest_route=\/wp\/v2\/posts\/1605197\/revisions"}],"predecessor-version":[{"id":1605424,"href":"https:\/\/agpnoticias.com\/news\/index.php?rest_route=\/wp\/v2\/posts\/1605197\/revisions\/1605424"}],"wp:featuredmedia":[{"embeddable":true,"href":"https:\/\/agpnoticias.com\/news\/index.php?rest_route=\/wp\/v2\/media\/1605398"}],"wp:attachment":[{"href":"https:\/\/agpnoticias.com\/news\/index.php?rest_route=%2Fwp%2Fv2%2Fmedia&parent=1605197"}],"wp:term":[{"taxonomy":"category","embeddable":true,"href":"https:\/\/agpnoticias.com\/news\/index.php?rest_route=%2Fwp%2Fv2%2Fcategories&post=1605197"},{"taxonomy":"post_tag","embeddable":true,"href":"https:\/\/agpnoticias.com\/news\/index.php?rest_route=%2Fwp%2Fv2%2Ftags&post=1605197"}],"curies":[{"name":"wp","href":"https:\/\/api.w.org\/{rel}","templated":true}]}}