{"id":16185,"date":"2012-09-14T09:37:25","date_gmt":"2012-09-14T17:37:25","guid":{"rendered":"http:\/\/agpnoticias.com\/news\/?p=16185"},"modified":"2014-12-17T11:51:29","modified_gmt":"2014-12-17T19:51:29","slug":"la-columna-33","status":"publish","type":"post","link":"https:\/\/agpnoticias.com\/news\/?p=16185","title":{"rendered":"LA COLUMNA"},"content":{"rendered":"<p><strong>Por Marco Antonio Dom\u00ednguez Niebla<\/strong><\/p>\n<p><strong>El gran locutor<\/strong><\/p>\n<p>Lo record\u00e9 y me agigant\u00e9 dentro de la cabina. Mi amigo Mauricio, el reportero, me invit\u00f3 a hablar de futbol. Se jugaba el Mundial de 1994. Me solt\u00e9 como una ametralladora cargada de datos y estad\u00edsticas, las figuras de cada selecci\u00f3n, los favoritos del mundial gringo. Aquella ma\u00f1ana fue mi debut, mi presentaci\u00f3n ante los medios. El heredero, el hijo del gran locutor, al aire.<!--more--> Si digo que no cab\u00eda por la puerta que separaba la cabina de transmisi\u00f3n de la cabina de locutores estar\u00eda explicando la forma exacta en que me sent\u00eda: el due\u00f1o del mundo. Sal\u00ed de ah\u00ed record\u00e1ndolo a \u00e9l cuando manejaba con maestr\u00eda la consola de LP\u2019s, poniendo la aguja exactamente en la l\u00ednea que divid\u00eda las canciones del acetato. A un lado el mont\u00f3n de peri\u00f3dicos y alg\u00fan libro de los tantos que luego llenaron la biblioteca en casa, todos le\u00eddos o a punto de ser le\u00eddos hasta la \u00faltima l\u00ednea. Y lo mejor, pufff, lo mejor: el vozarr\u00f3n. \u00c9l no s\u00f3lo era una ametralladora de datos. Tambi\u00e9n era una ametralladora de dicci\u00f3n, de lucidez, de facilidad para expresar ideas. Uno de los buenos, seg\u00fan constaba en la licencia de Locutor \u201cA\u201d, conseguida tras el riguroso examen aprobado en la capital. Con s\u00f3lo escucharlo a trav\u00e9s del aparato de radio era sencillo descubrir la personalidad de ese hombre tan bien parecido en persona que en la imaginaci\u00f3n de sus oyentes. Los temas de moda en la ciudad, pol\u00edtica, deportes, m\u00fasica, teatro, cine. \u00c9l hablaba de todo como tocado por la inspiraci\u00f3n de la peque\u00f1a cabina que apenas nos daba espacio para permanecer a los dos ah\u00ed dentro: el padre seduciendo al auditorio y el hijo seducido por el locutor al que ve\u00eda desde la primera fila como un testigo afortunado. No pensaba nada m\u00e1s. En mi futuro estaba escrito: Marco Dom\u00ednguez, locutor; hijo de \u00c1ngel Dom\u00ednguez, el gran locutor. Por eso cuando acept\u00e9 la invitaci\u00f3n de mi amigo Mauricio sent\u00ed que simplemente cumpl\u00eda con lo trazado por el destino. La cita inaplazable. El hueco dejado tras su partida, ocupado nada m\u00e1s y nada menos que por m\u00ed. La cosa fue un poco m\u00e1s f\u00e1cil. Ya no hab\u00eda que ir hasta la capital por la licencia. A m\u00ed me lleg\u00f3 sin m\u00e1s esfuerzo que enviar la documentaci\u00f3n requerida y listo: ya era locutor, as\u00ed, igual como sucede ahora. Pasaron dos o tres intervenciones m\u00e1s por las ma\u00f1anas. El locutor-analista de futbol inspirado por \u00a0\u201cLa primera F.M. de Ensenada\u201d. La historia cambi\u00f3 cuando me solicitaron una grabaci\u00f3n. Entonces me escuch\u00e9. Ese pitido gris\u00e1ceo que sal\u00eda reproducido al aire nada ten\u00eda que ver con lo proyectado en color durante el sue\u00f1o de infancia. Y supe que no era la mejor forma de honrar su memoria. Por fortuna, encontr\u00e9 mi camino, cercano pero distinto al suyo. Y aqu\u00ed me tienen escribi\u00e9ndole al gran locutor.<\/p>\n","protected":false},"excerpt":{"rendered":"<p>Por Marco Antonio Dom\u00ednguez Niebla El gran locutor Lo record\u00e9 y me agigant\u00e9 dentro de&#8230;<\/p>\n","protected":false},"author":9,"featured_media":0,"comment_status":"closed","ping_status":"closed","sticky":false,"template":"","format":"standard","meta":{"footnotes":""},"categories":[24,141,7],"tags":[],"class_list":["post-16185","post","type-post","status-publish","format-standard","hentry","category-la-columna","category-columnas","category-deportes"],"_links":{"self":[{"href":"https:\/\/agpnoticias.com\/news\/index.php?rest_route=\/wp\/v2\/posts\/16185","targetHints":{"allow":["GET"]}}],"collection":[{"href":"https:\/\/agpnoticias.com\/news\/index.php?rest_route=\/wp\/v2\/posts"}],"about":[{"href":"https:\/\/agpnoticias.com\/news\/index.php?rest_route=\/wp\/v2\/types\/post"}],"author":[{"embeddable":true,"href":"https:\/\/agpnoticias.com\/news\/index.php?rest_route=\/wp\/v2\/users\/9"}],"replies":[{"embeddable":true,"href":"https:\/\/agpnoticias.com\/news\/index.php?rest_route=%2Fwp%2Fv2%2Fcomments&post=16185"}],"version-history":[{"count":3,"href":"https:\/\/agpnoticias.com\/news\/index.php?rest_route=\/wp\/v2\/posts\/16185\/revisions"}],"predecessor-version":[{"id":2176631,"href":"https:\/\/agpnoticias.com\/news\/index.php?rest_route=\/wp\/v2\/posts\/16185\/revisions\/2176631"}],"wp:attachment":[{"href":"https:\/\/agpnoticias.com\/news\/index.php?rest_route=%2Fwp%2Fv2%2Fmedia&parent=16185"}],"wp:term":[{"taxonomy":"category","embeddable":true,"href":"https:\/\/agpnoticias.com\/news\/index.php?rest_route=%2Fwp%2Fv2%2Fcategories&post=16185"},{"taxonomy":"post_tag","embeddable":true,"href":"https:\/\/agpnoticias.com\/news\/index.php?rest_route=%2Fwp%2Fv2%2Ftags&post=16185"}],"curies":[{"name":"wp","href":"https:\/\/api.w.org\/{rel}","templated":true}]}}