{"id":16213,"date":"2012-09-16T15:50:26","date_gmt":"2012-09-16T23:50:26","guid":{"rendered":"http:\/\/agpnoticias.com\/news\/?p=16213"},"modified":"2012-09-16T15:52:48","modified_gmt":"2012-09-16T23:52:48","slug":"nadan-los-mejores-de-b-c-en-playas-de-ensenada","status":"publish","type":"post","link":"https:\/\/agpnoticias.com\/news\/?p=16213","title":{"rendered":"Nadan los mejores de B.C. en playas de Ensenada"},"content":{"rendered":"<p>Ensenada, Baja California.- El ol\u00edmpico ensenadense Arturo P\u00e9rez Vertti y la mundialista Patricia Bear ganaron sus respectivas ramas en la competencia de Aguas Abiertas celebrada este s\u00e1bado 15 de septiembre en Playa Hermosa.<\/p>\n<p>Adem\u00e1s de los dos ganadores, el evento cont\u00f3 con la participaci\u00f3n de los tambi\u00e9n mundialistas Andr\u00e9s Olvera y Mart\u00edn V\u00e1zquez, segundo y tercer lugar de la rama varonil, as\u00ed como Mayte Cano.<!--more--><\/p>\n<figure id=\"attachment_16215\" aria-describedby=\"caption-attachment-16215\" style=\"width: 112px\" class=\"wp-caption alignright\"><a href=\"http:\/\/agpnoticias.com\/news\/wp-content\/uploads\/2012\/09\/Ana-Patricia-Bear-junto-a-Arturo-P\u00e9rez-Vertti1.jpg\"><img decoding=\"async\" class=\"size-thumbnail wp-image-16215\" title=\"Ana Patricia Bear junto a Arturo P\u00e9rez Vertti\" src=\"http:\/\/agpnoticias.com\/news\/wp-content\/uploads\/2012\/09\/Ana-Patricia-Bear-junto-a-Arturo-P\u00e9rez-Vertti1-112x150.jpg\" alt=\"\" width=\"112\" height=\"150\" srcset=\"https:\/\/agpnoticias.com\/news\/wp-content\/uploads\/2012\/09\/Ana-Patricia-Bear-junto-a-Arturo-P\u00e9rez-Vertti1-112x150.jpg 112w, https:\/\/agpnoticias.com\/news\/wp-content\/uploads\/2012\/09\/Ana-Patricia-Bear-junto-a-Arturo-P\u00e9rez-Vertti1-240x320.jpg 240w, https:\/\/agpnoticias.com\/news\/wp-content\/uploads\/2012\/09\/Ana-Patricia-Bear-junto-a-Arturo-P\u00e9rez-Vertti1.jpg 480w\" sizes=\"(max-width: 112px) 100vw, 112px\" \/><\/a><figcaption id=\"caption-attachment-16215\" class=\"wp-caption-text\">Ana Patricia Bear junto a Arturo P\u00e9rez Vertti<\/figcaption><\/figure>\n<p>\u201cEs un evento de aguas abiertas y ya forma parte del programa de Olimpiada Nacional y lo estamos tomando como fogueo\u201d, explic\u00f3 Ascanio Fern\u00e1ndez Pinto.<\/p>\n<p>El entrenador de la selecci\u00f3n de Nataci\u00f3n de Baja California destac\u00f3 la presencia del ol\u00edmpico Arturo P\u00e9rez Vetti y el mundialista juvenil Andr\u00e9s Olvera.<\/p>\n<p>Adem\u00e1s, subray\u00f3 la asistencia de Ana Patricia Bear, Mayte Cano y Mart\u00edn V\u00e1zquez, \u201clos tres con participaci\u00f3n en el m\u00e1s reciente mundial de aguas abiertas en Canad\u00e1.<\/p>\n<figure id=\"attachment_16216\" aria-describedby=\"caption-attachment-16216\" style=\"width: 150px\" class=\"wp-caption alignleft\"><a href=\"http:\/\/agpnoticias.com\/news\/wp-content\/uploads\/2012\/09\/Los-talentos-estatales-estuvieron-en-Playa-Hermosa.jpg\"><img decoding=\"async\" class=\"size-thumbnail wp-image-16216\" title=\"Los talentos estatales estuvieron en Playa Hermosa\" src=\"http:\/\/agpnoticias.com\/news\/wp-content\/uploads\/2012\/09\/Los-talentos-estatales-estuvieron-en-Playa-Hermosa-150x98.jpg\" alt=\"\" width=\"150\" height=\"98\" srcset=\"https:\/\/agpnoticias.com\/news\/wp-content\/uploads\/2012\/09\/Los-talentos-estatales-estuvieron-en-Playa-Hermosa-150x98.jpg 150w, https:\/\/agpnoticias.com\/news\/wp-content\/uploads\/2012\/09\/Los-talentos-estatales-estuvieron-en-Playa-Hermosa-489x320.jpg 489w, https:\/\/agpnoticias.com\/news\/wp-content\/uploads\/2012\/09\/Los-talentos-estatales-estuvieron-en-Playa-Hermosa.jpg 800w\" sizes=\"(max-width: 150px) 100vw, 150px\" \/><\/a><figcaption id=\"caption-attachment-16216\" class=\"wp-caption-text\">Los talentos estatales estuvieron en Playa Hermosa<\/figcaption><\/figure>\n<p>\u201cEn la Olimpiada buscamos llegar bien preparados, ya que seremos locales, aunque, por la temperatura del agua, es dif\u00edcil que la sede sea Ensenada o Tijuana\u201d, adelant\u00f3.<\/p>\n<p>San Felipe o La Presa del Carrizo ser\u00edan los escenarios, pues \u201cla temperatura debe de adar en 22 grados para que los nadadores, con m\u00e1s de una hora en al agua, no sufran hipotermia\u201d.<\/p>\n<figure id=\"attachment_16217\" aria-describedby=\"caption-attachment-16217\" style=\"width: 150px\" class=\"wp-caption alignright\"><a href=\"http:\/\/agpnoticias.com\/news\/wp-content\/uploads\/2012\/09\/Los-nadadores-ensenadenses-del-CANN.jpg\"><img decoding=\"async\" class=\"size-thumbnail wp-image-16217\" title=\"El CANN de Ensenada present\u00f3 a su equipo\" src=\"http:\/\/agpnoticias.com\/news\/wp-content\/uploads\/2012\/09\/Los-nadadores-ensenadenses-del-CANN-150x91.jpg\" alt=\"\" width=\"150\" height=\"91\" srcset=\"https:\/\/agpnoticias.com\/news\/wp-content\/uploads\/2012\/09\/Los-nadadores-ensenadenses-del-CANN-150x91.jpg 150w, https:\/\/agpnoticias.com\/news\/wp-content\/uploads\/2012\/09\/Los-nadadores-ensenadenses-del-CANN-522x320.jpg 522w, https:\/\/agpnoticias.com\/news\/wp-content\/uploads\/2012\/09\/Los-nadadores-ensenadenses-del-CANN.jpg 800w\" sizes=\"(max-width: 150px) 100vw, 150px\" \/><\/a><figcaption id=\"caption-attachment-16217\" class=\"wp-caption-text\">El CANN de Ensenada present\u00f3 a su equipo<\/figcaption><\/figure>\n<p>Para este domingo, el mismo grupo de seleccionados de Baja California participar\u00e1 en el Acuatl\u00f3n de La Joya en Ensenada.<\/p>\n<p>Por su parte, Crist\u00f3bal Guzm\u00e1n, titular del Centro Acu\u00e1tico de Nataci\u00f3n de Ensenada, inform\u00f3 que el evento const\u00f3 de un\u00a0 circuito de cinco kil\u00f3metros para los nadadores juveniles, mientras que \u201clos m\u00e1s chicos s\u00f3lo nadaron dos y medio (kil\u00f3metros)\u201d.<\/p>\n<figure id=\"attachment_16220\" aria-describedby=\"caption-attachment-16220\" style=\"width: 150px\" class=\"wp-caption alignleft\"><a href=\"http:\/\/agpnoticias.com\/news\/wp-content\/uploads\/2012\/09\/Playa-Hermosa-fue-escenario-de-la-competencia-de-Aguas-Abiertas1.jpg\"><img loading=\"lazy\" decoding=\"async\" class=\"size-thumbnail wp-image-16220\" title=\"Playa Hermosa fue escenario de la competencia de Aguas Abiertas\" src=\"http:\/\/agpnoticias.com\/news\/wp-content\/uploads\/2012\/09\/Playa-Hermosa-fue-escenario-de-la-competencia-de-Aguas-Abiertas1-150x68.jpg\" alt=\"\" width=\"150\" height=\"68\" srcset=\"https:\/\/agpnoticias.com\/news\/wp-content\/uploads\/2012\/09\/Playa-Hermosa-fue-escenario-de-la-competencia-de-Aguas-Abiertas1-150x68.jpg 150w, https:\/\/agpnoticias.com\/news\/wp-content\/uploads\/2012\/09\/Playa-Hermosa-fue-escenario-de-la-competencia-de-Aguas-Abiertas1-610x277.jpg 610w, https:\/\/agpnoticias.com\/news\/wp-content\/uploads\/2012\/09\/Playa-Hermosa-fue-escenario-de-la-competencia-de-Aguas-Abiertas1.jpg 800w\" sizes=\"(max-width: 150px) 100vw, 150px\" \/><\/a><figcaption id=\"caption-attachment-16220\" class=\"wp-caption-text\">Playa Hermosa fue escenario de la competencia de Aguas Abiertas<\/figcaption><\/figure>\n<p>\u201cEstamos muy contentos porque estuvieron aqu\u00ed nuestros mejores nadadores del estado, como P\u00e9rez Vertti y Olvera\u201d, coment\u00f3.<\/p>\n<p>Adem\u00e1s \u201clas condiciones de clima y el mar nos ayudaron\u201d.<\/p>\n<p>Ensenada, consider\u00f3, est\u00e1 muy bien, con un aproximado a los 15 seleccionados que podr\u00edan aspirar a medalla en la pr\u00f3xima Olimpiada Nacional.<\/p>\n<p>&nbsp;<\/p>\n<p><strong>La ganadora<\/strong><\/p>\n<p>Ana Patricia Bear, a sus 15 a\u00f1os, es una de las m\u00e1s grandes promesas de la Nataci\u00f3n mexicana.<\/p>\n<p>Aunque naci\u00f3 en la capital del pa\u00eds, la nadadora seleccionada por Baja California lleg\u00f3 a Tijuana para competir en representaci\u00f3n del Distrito Federal durante la Olimpiada Nacional de 2009 y decidi\u00f3 cambiar de residencia.<\/p>\n<p>\u201cMi mam\u00e1 habl\u00f3 con los entrenadores de Baja California y me qued\u00e9 a entrenar en Tijuana con Aar\u00f3n (Fern\u00e1ndez Pinto)\u201d, indic\u00f3.<\/p>\n<p>Su experiencia internacional ya presenta una actuaci\u00f3n en el mundial de aguas abiertas de Canad\u00e1, donde \u201cme fue bien, y aprend\u00ed mucho\u201d.<\/p>\n","protected":false},"excerpt":{"rendered":"<p>Ensenada, Baja California.- El ol\u00edmpico ensenadense Arturo P\u00e9rez Vertti y la mundialista Patricia Bear ganaron&#8230;<\/p>\n","protected":false},"author":1,"featured_media":16214,"comment_status":"closed","ping_status":"closed","sticky":false,"template":"","format":"standard","meta":{"footnotes":""},"categories":[1,7],"tags":[],"class_list":["post-16213","post","type-post","status-publish","format-standard","has-post-thumbnail","hentry","category-uncategorized","category-deportes"],"_links":{"self":[{"href":"https:\/\/agpnoticias.com\/news\/index.php?rest_route=\/wp\/v2\/posts\/16213","targetHints":{"allow":["GET"]}}],"collection":[{"href":"https:\/\/agpnoticias.com\/news\/index.php?rest_route=\/wp\/v2\/posts"}],"about":[{"href":"https:\/\/agpnoticias.com\/news\/index.php?rest_route=\/wp\/v2\/types\/post"}],"author":[{"embeddable":true,"href":"https:\/\/agpnoticias.com\/news\/index.php?rest_route=\/wp\/v2\/users\/1"}],"replies":[{"embeddable":true,"href":"https:\/\/agpnoticias.com\/news\/index.php?rest_route=%2Fwp%2Fv2%2Fcomments&post=16213"}],"version-history":[{"count":2,"href":"https:\/\/agpnoticias.com\/news\/index.php?rest_route=\/wp\/v2\/posts\/16213\/revisions"}],"predecessor-version":[{"id":16221,"href":"https:\/\/agpnoticias.com\/news\/index.php?rest_route=\/wp\/v2\/posts\/16213\/revisions\/16221"}],"wp:featuredmedia":[{"embeddable":true,"href":"https:\/\/agpnoticias.com\/news\/index.php?rest_route=\/wp\/v2\/media\/16214"}],"wp:attachment":[{"href":"https:\/\/agpnoticias.com\/news\/index.php?rest_route=%2Fwp%2Fv2%2Fmedia&parent=16213"}],"wp:term":[{"taxonomy":"category","embeddable":true,"href":"https:\/\/agpnoticias.com\/news\/index.php?rest_route=%2Fwp%2Fv2%2Fcategories&post=16213"},{"taxonomy":"post_tag","embeddable":true,"href":"https:\/\/agpnoticias.com\/news\/index.php?rest_route=%2Fwp%2Fv2%2Ftags&post=16213"}],"curies":[{"name":"wp","href":"https:\/\/api.w.org\/{rel}","templated":true}]}}