{"id":1651701,"date":"2014-10-28T18:18:20","date_gmt":"2014-10-29T01:18:20","guid":{"rendered":"http:\/\/agpnoticias.com\/news\/?p=1651701"},"modified":"2014-10-29T02:51:02","modified_gmt":"2014-10-29T09:51:02","slug":"micky-y-joksan-por-el-orgullo-de-ensenada","status":"publish","type":"post","link":"https:\/\/agpnoticias.com\/news\/?p=1651701","title":{"rendered":"\u00abMicky\u00bb y Joksan \u00abPor el orgullo de Ensenada\u00bb"},"content":{"rendered":"<figure id=\"attachment_1651717\" aria-describedby=\"caption-attachment-1651717\" style=\"width: 800px\" class=\"wp-caption aligncenter\"><a href=\"http:\/\/agpnoticias.com\/news\/micky-y-joksan-por-el-orgullo-de-ensenada\/joksan-hernandez-y-micky-lopez-pelearan-por-el-orgullo-de-ensenada\/\" rel=\"attachment wp-att-1651717\"><img fetchpriority=\"high\" decoding=\"async\" class=\"size-full wp-image-1651717\" src=\"http:\/\/agpnoticias.com\/news\/wp-content\/uploads\/2014\/10\/Joksan-Hern\u00e1ndez-y-Micky-L\u00f3pez-pelear\u00e1n-Por-el-orgullo-de-Ensenada.jpg\" alt=\"Joksan Hern\u00e1ndez y &quot;Micky&quot; L\u00f3pez pelear\u00e1n &quot;Por el orgullo de Ensenada&quot;\" width=\"800\" height=\"534\" srcset=\"https:\/\/agpnoticias.com\/news\/wp-content\/uploads\/2014\/10\/Joksan-Hern\u00e1ndez-y-Micky-L\u00f3pez-pelear\u00e1n-Por-el-orgullo-de-Ensenada.jpg 800w, https:\/\/agpnoticias.com\/news\/wp-content\/uploads\/2014\/10\/Joksan-Hern\u00e1ndez-y-Micky-L\u00f3pez-pelear\u00e1n-Por-el-orgullo-de-Ensenada-200x133.jpg 200w, https:\/\/agpnoticias.com\/news\/wp-content\/uploads\/2014\/10\/Joksan-Hern\u00e1ndez-y-Micky-L\u00f3pez-pelear\u00e1n-Por-el-orgullo-de-Ensenada-600x400.jpg 600w\" sizes=\"(max-width: 800px) 100vw, 800px\" \/><\/a><figcaption id=\"caption-attachment-1651717\" class=\"wp-caption-text\">Joksan Hern\u00e1ndez y \u00abMicky\u00bb L\u00f3pez pelear\u00e1n \u00abPor el orgullo de Ensenada\u00bb<\/figcaption><\/figure>\n<p>Ensenada, Baja California.- Un asunto de c\u00f3digos, de barrio. Los cruces entre los afines de uno y del otro desde que ambos, ahora boxeadores profesionales con 28 a\u00f1os, eran dos chicos populares por sus facultades para soltar las manos en uno de los barrios bravos de la ciudad: Punta Banda.<\/p>\n<p>Esa historia en com\u00fan ha llevado a Sergio \u00abMicky\u00bb L\u00f3pez y Joksan \u00abTorito\u00bb Hern\u00e1ndez a pelear \u00abPor el orgullo de Ensenada\u00bb el viernes 5 de diciembre en el gimnasio municipal \u00d3scar \u00abTigre\u00bb Garc\u00eda.<\/p>\n<p>Desde un inicio, Joksan Hern\u00e1ndez (24-7-1, 16 nocauts) y su equipo de trabajo no dudaron en aceptar la pelea.<\/p>\n<p>Y, aun con reservas en un primer momento, \u00abMicky\u00bb L\u00f3pez (19-8, 13 nocauts) logr\u00f3 convencer a su entrenador, Salvador \u00abZurdo\u00bb F\u00e9lix, para firmar el contrato con el promotor Sergio Ayala, aun arriesgando la posibilidad de pelear por el t\u00edtulo mundial pluma de la World Boxing Federation (WBF).<\/p>\n<p>\u00abDejo en claro que mi entrenador no quer\u00eda la pelea. Yo la acept\u00e9 tomando los riesgos, pero s\u00e9 de mis cualidades y d\u00f3nde est\u00e1 mi nivel. Y voy a sacarla adelante\u00bb, vaticin\u00f3.<\/p>\n<figure id=\"attachment_1651719\" aria-describedby=\"caption-attachment-1651719\" style=\"width: 320px\" class=\"wp-caption alignright\"><a href=\"http:\/\/agpnoticias.com\/news\/micky-y-joksan-por-el-orgullo-de-ensenada\/la-funcion-sera-el-5-de-diciembre-en-el-gimnasio-municipal\/\" rel=\"attachment wp-att-1651719\"><img decoding=\"async\" class=\"size-medium wp-image-1651719\" src=\"http:\/\/agpnoticias.com\/news\/wp-content\/uploads\/2014\/10\/La-funci\u00f3n-ser\u00e1-el-5-de-diciembre-en-el-gimnasio-municipal-320x240.jpg\" alt=\"La funci\u00f3n ser\u00e1 el 5 de diciembre en el gimnasio municipal\" width=\"320\" height=\"240\" srcset=\"https:\/\/agpnoticias.com\/news\/wp-content\/uploads\/2014\/10\/La-funci\u00f3n-ser\u00e1-el-5-de-diciembre-en-el-gimnasio-municipal-320x240.jpg 320w, https:\/\/agpnoticias.com\/news\/wp-content\/uploads\/2014\/10\/La-funci\u00f3n-ser\u00e1-el-5-de-diciembre-en-el-gimnasio-municipal-640x480.jpg 640w\" sizes=\"(max-width: 320px) 100vw, 320px\" \/><\/a><figcaption id=\"caption-attachment-1651719\" class=\"wp-caption-text\">La funci\u00f3n ser\u00e1 el 5 de diciembre en el gimnasio municipal<\/figcaption><\/figure>\n<p>En rueda de prensa, el actual campe\u00f3n intercontinental de la WBF consider\u00f3 que \u00abla gente estaba esperando y quiere esta pelea, pero no llegaba el promotor que ofreciera un buen contrato\u00bb.<\/p>\n<p>\u00abSon muchos rumores desde que empezamos, somos de la misma colonia y he decidido dejar en claro qui\u00e9n es qui\u00e9n\u00bb, opin\u00f3.<\/p>\n<p>En cuanto al peso en el que se medir\u00e1n a diez rounds, explic\u00f3 que \u00abno habr\u00e1 problemas. Nunca los he tenido. Soy natural en 127 libras y la pactamos en 128, pensando en \u00e9l tambi\u00e9n\u00bb.<\/p>\n<p>Por su parte, Joksan Hern\u00e1ndez confi\u00f3 en salir adelante en el combate contra un vecino al que conoce desde la infancia \u00abcomo gente del barrio, aunque no hay amistad\u00bb.<\/p>\n<p>\u00abHe escuchado muchos comentarios de gente que quer\u00eda que nos vi\u00e9ramos las caras. S\u00e9 a d\u00f3nde puedo llegar y el trabajo que puedo dar a la gente. Y el 5 de diciembre vamos a demostrar qui\u00e9n es qui\u00e9n\u00bb, indic\u00f3.<\/p>\n<p>\u00abEl Torito\u00bb estim\u00f3 que el equipo de trabajo de su rival acept\u00f3 el combate despu\u00e9s de verlo perder con Omar Estrella en \u00abuna pelea a la que llegu\u00e9 sin preparaci\u00f3n\u00bb.<\/p>\n<p>Y en cuanto al peso, el habitual peso ligero advirti\u00f3 que llegar\u00e1 \u00aben desventaja porque hay que bajar cuatro o cinco kilos, pero quedan 40 d\u00edas para trabajar en eso\u00bb.<\/p>\n","protected":false},"excerpt":{"rendered":"<p>Ensenada, Baja California.- Un asunto de c\u00f3digos, de barrio. Los cruces entre los afines de&#8230;<\/p>\n","protected":false},"author":1,"featured_media":1651717,"comment_status":"closed","ping_status":"closed","sticky":false,"template":"","format":"standard","meta":{"footnotes":""},"categories":[1,36,7],"tags":[],"class_list":["post-1651701","post","type-post","status-publish","format-standard","has-post-thumbnail","hentry","category-uncategorized","category-boxeo","category-deportes"],"_links":{"self":[{"href":"https:\/\/agpnoticias.com\/news\/index.php?rest_route=\/wp\/v2\/posts\/1651701","targetHints":{"allow":["GET"]}}],"collection":[{"href":"https:\/\/agpnoticias.com\/news\/index.php?rest_route=\/wp\/v2\/posts"}],"about":[{"href":"https:\/\/agpnoticias.com\/news\/index.php?rest_route=\/wp\/v2\/types\/post"}],"author":[{"embeddable":true,"href":"https:\/\/agpnoticias.com\/news\/index.php?rest_route=\/wp\/v2\/users\/1"}],"replies":[{"embeddable":true,"href":"https:\/\/agpnoticias.com\/news\/index.php?rest_route=%2Fwp%2Fv2%2Fcomments&post=1651701"}],"version-history":[{"count":3,"href":"https:\/\/agpnoticias.com\/news\/index.php?rest_route=\/wp\/v2\/posts\/1651701\/revisions"}],"predecessor-version":[{"id":1655211,"href":"https:\/\/agpnoticias.com\/news\/index.php?rest_route=\/wp\/v2\/posts\/1651701\/revisions\/1655211"}],"wp:featuredmedia":[{"embeddable":true,"href":"https:\/\/agpnoticias.com\/news\/index.php?rest_route=\/wp\/v2\/media\/1651717"}],"wp:attachment":[{"href":"https:\/\/agpnoticias.com\/news\/index.php?rest_route=%2Fwp%2Fv2%2Fmedia&parent=1651701"}],"wp:term":[{"taxonomy":"category","embeddable":true,"href":"https:\/\/agpnoticias.com\/news\/index.php?rest_route=%2Fwp%2Fv2%2Fcategories&post=1651701"},{"taxonomy":"post_tag","embeddable":true,"href":"https:\/\/agpnoticias.com\/news\/index.php?rest_route=%2Fwp%2Fv2%2Ftags&post=1651701"}],"curies":[{"name":"wp","href":"https:\/\/api.w.org\/{rel}","templated":true}]}}