{"id":1661800,"date":"2014-10-29T12:38:07","date_gmt":"2014-10-29T19:38:07","guid":{"rendered":"http:\/\/agpnoticias.com\/news\/?p=1661800"},"modified":"2014-11-20T19:26:50","modified_gmt":"2014-11-21T03:26:50","slug":"siete-de-pugiles-de-baja-california-al-nacional-de-primera","status":"publish","type":"post","link":"https:\/\/agpnoticias.com\/news\/?p=1661800","title":{"rendered":"Siete de p\u00fagiles de Baja California al nacional de primera"},"content":{"rendered":"<figure id=\"attachment_1661851\" aria-describedby=\"caption-attachment-1661851\" style=\"width: 800px\" class=\"wp-caption alignright\"><a href=\"http:\/\/agpnoticias.com\/news\/siete-de-pugiles-de-baja-california-al-nacional-de-primera\/alejandro-burgos-seleccionado-nacido-en-ensenada\/\" rel=\"attachment wp-att-1661851\"><img fetchpriority=\"high\" decoding=\"async\" class=\"size-full wp-image-1661851\" src=\"http:\/\/agpnoticias.com\/news\/wp-content\/uploads\/2014\/10\/Alejandro-Burgos-seleccionado-nacido-en-Ensenada.jpg\" alt=\"Alejandro Burgos, seleccionado nacido en Ensenada\" width=\"800\" height=\"565\" srcset=\"https:\/\/agpnoticias.com\/news\/wp-content\/uploads\/2014\/10\/Alejandro-Burgos-seleccionado-nacido-en-Ensenada.jpg 800w, https:\/\/agpnoticias.com\/news\/wp-content\/uploads\/2014\/10\/Alejandro-Burgos-seleccionado-nacido-en-Ensenada-200x141.jpg 200w, https:\/\/agpnoticias.com\/news\/wp-content\/uploads\/2014\/10\/Alejandro-Burgos-seleccionado-nacido-en-Ensenada-600x423.jpg 600w\" sizes=\"(max-width: 800px) 100vw, 800px\" \/><\/a><figcaption id=\"caption-attachment-1661851\" class=\"wp-caption-text\">Alejandro Burgos (d.), seleccionado nacido en Ensenada<\/figcaption><\/figure>\n<p>Mexicali, Baja California.- Baja California competir\u00e1 con siete peleadores en el Campeonato Nacional de Primera Fuerza, del 1 al 8 de noviembre en Matamoros, Tamaulipas.<\/p>\n<p>La Asociaci\u00f3n Estatal de Boxeo destac\u00f3 que estar\u00e1n presentes con talentos de la categor\u00eda Elite, quienes defienden los colores de Baja California en el programa de Olimpiada Nacional.<\/p>\n<p>En la selecci\u00f3n de Baja California estar\u00e1n Alejandro Burgos en 49 kilos y Carlos \u201cTibur\u00f3n\u201d S\u00e1nchez, quienes se encuentran concentrados en la capital del pa\u00eds y quienes tambi\u00e9n aspiran a Juegos Centroamericanos y del Caribe en Veracruz 2014.<\/p>\n<p>Otros seleccionados son Erwin Soto en 49 kilos, Abel Hern\u00e1ndez en 60, Porfirio Ordorica en 69, Christian \u201cGato Gordo\u201d Bielma en 64 y Gerardo Montoya en +91, quienes llevar\u00e1n de entrenador a Agust\u00edn Pacheco.<\/p>\n<p>Los bajacalifornianos, con apoyo del INDE, viajar\u00e1n este jueves, v\u00eda a\u00e9rea, con destino a Monterrey, para luego trasladarse v\u00eda terrestre a Matamoros, mientras que, el regreso ser\u00e1 el 9 de noviembre.<\/p>\n<p><em>Informaci\u00f3n: Instituto del Deporte y la Cultura F\u00edsica de Baja California (INDE).<\/em><\/p>\n","protected":false},"excerpt":{"rendered":"<p>Mexicali, Baja California.- Baja California competir\u00e1 con siete peleadores en el Campeonato Nacional de Primera&#8230;<\/p>\n","protected":false},"author":1,"featured_media":1661847,"comment_status":"closed","ping_status":"closed","sticky":false,"template":"","format":"standard","meta":{"footnotes":""},"categories":[1,36,73,7],"tags":[],"class_list":["post-1661800","post","type-post","status-publish","format-standard","has-post-thumbnail","hentry","category-uncategorized","category-boxeo","category-deportebajacalifornia","category-deportes"],"_links":{"self":[{"href":"https:\/\/agpnoticias.com\/news\/index.php?rest_route=\/wp\/v2\/posts\/1661800","targetHints":{"allow":["GET"]}}],"collection":[{"href":"https:\/\/agpnoticias.com\/news\/index.php?rest_route=\/wp\/v2\/posts"}],"about":[{"href":"https:\/\/agpnoticias.com\/news\/index.php?rest_route=\/wp\/v2\/types\/post"}],"author":[{"embeddable":true,"href":"https:\/\/agpnoticias.com\/news\/index.php?rest_route=\/wp\/v2\/users\/1"}],"replies":[{"embeddable":true,"href":"https:\/\/agpnoticias.com\/news\/index.php?rest_route=%2Fwp%2Fv2%2Fcomments&post=1661800"}],"version-history":[{"count":2,"href":"https:\/\/agpnoticias.com\/news\/index.php?rest_route=\/wp\/v2\/posts\/1661800\/revisions"}],"predecessor-version":[{"id":1661871,"href":"https:\/\/agpnoticias.com\/news\/index.php?rest_route=\/wp\/v2\/posts\/1661800\/revisions\/1661871"}],"wp:featuredmedia":[{"embeddable":true,"href":"https:\/\/agpnoticias.com\/news\/index.php?rest_route=\/wp\/v2\/media\/1661847"}],"wp:attachment":[{"href":"https:\/\/agpnoticias.com\/news\/index.php?rest_route=%2Fwp%2Fv2%2Fmedia&parent=1661800"}],"wp:term":[{"taxonomy":"category","embeddable":true,"href":"https:\/\/agpnoticias.com\/news\/index.php?rest_route=%2Fwp%2Fv2%2Fcategories&post=1661800"},{"taxonomy":"post_tag","embeddable":true,"href":"https:\/\/agpnoticias.com\/news\/index.php?rest_route=%2Fwp%2Fv2%2Ftags&post=1661800"}],"curies":[{"name":"wp","href":"https:\/\/api.w.org\/{rel}","templated":true}]}}