{"id":1669144,"date":"2014-10-30T13:39:01","date_gmt":"2014-10-30T20:39:01","guid":{"rendered":"http:\/\/agpnoticias.com\/news\/?p=1669144"},"modified":"2014-10-30T13:39:02","modified_gmt":"2014-10-30T20:39:02","slug":"corre-nino-corre-regresara-al-sullivan-despues-de-tres-anos","status":"publish","type":"post","link":"https:\/\/agpnoticias.com\/news\/?p=1669144","title":{"rendered":"Corre Ni\u00f1o Corre regresar\u00e1 al Sullivan despu\u00e9s de tres a\u00f1os"},"content":{"rendered":"<figure id=\"attachment_1669170\" aria-describedby=\"caption-attachment-1669170\" style=\"width: 820px\" class=\"wp-caption aligncenter\"><a href=\"http:\/\/agpnoticias.com\/news\/corre-nino-corre-regresara-al-sullivan-despues-de-tres-anos\/la-pista-del-deportivo-sullivan-volvera-a-ser-sede-de-la-carrera-corre-nino-corre\/\" rel=\"attachment wp-att-1669170\"><img fetchpriority=\"high\" decoding=\"async\" class=\"size-full wp-image-1669170\" src=\"http:\/\/agpnoticias.com\/news\/wp-content\/uploads\/2014\/10\/La-pista-del-deportivo-Sullivan-volver\u00e1-a-ser-sede-de-la-carrera-Corre-Ni\u00f1o-Corre.jpg\" alt=\"La pista del deportivo Sullivan volver\u00e1 a ser sede de la carrera Corre Ni\u00f1o Corre\" width=\"820\" height=\"547\" srcset=\"https:\/\/agpnoticias.com\/news\/wp-content\/uploads\/2014\/10\/La-pista-del-deportivo-Sullivan-volver\u00e1-a-ser-sede-de-la-carrera-Corre-Ni\u00f1o-Corre.jpg 820w, https:\/\/agpnoticias.com\/news\/wp-content\/uploads\/2014\/10\/La-pista-del-deportivo-Sullivan-volver\u00e1-a-ser-sede-de-la-carrera-Corre-Ni\u00f1o-Corre-200x133.jpg 200w, https:\/\/agpnoticias.com\/news\/wp-content\/uploads\/2014\/10\/La-pista-del-deportivo-Sullivan-volver\u00e1-a-ser-sede-de-la-carrera-Corre-Ni\u00f1o-Corre-600x400.jpg 600w\" sizes=\"(max-width: 820px) 100vw, 820px\" \/><\/a><figcaption id=\"caption-attachment-1669170\" class=\"wp-caption-text\">La pista del deportivo Sullivan volver\u00e1 a ser sede de la carrera Corre Ni\u00f1o Corre<\/figcaption><\/figure>\n<p>Ensenada, Baja California.- Despu\u00e9s de peregrinar durante tres a\u00f1os entre Ciudad Deportiva y el campo de beisbol Antonio Palacios, la Carrera Corre Ni\u00f1o Corre volver\u00e1 a la unidad deportiva Juan Abelardo Rodr\u00edguez Sullivan.<\/p>\n<p>\u00abEs muy probable que regresemos, que era el lugar donde mejor nos ha ido, pero adecu\u00e1ndonos a las instalaciones. Ya hablamos con el presidente municipal y estuvo de acuerdo\u00bb, inform\u00f3 Jos\u00e9 Julio Santib\u00e1\u00f1ez Alejandro.<\/p>\n<p>El presidente de la Fundaci\u00f3n Corre Ni\u00f1o Corre indic\u00f3 que el evento \u00abse desarroll\u00f3 por seis a\u00f1os en el Sullivan, una instalaci\u00f3n muy c\u00e9ntrica que cuenta con una pista de atletismo, a diferencia del campo de beisbol\u00bb.<\/p>\n<p>\u00abPara los ni\u00f1os es incluso m\u00e1s seguro\u00bb, consider\u00f3.<\/p>\n<p>Con el retorno a la sede, \u00abesperamos recuperar los cinco mil ni\u00f1os que bajaron a la mitad desde que nos fuimos\u00bb.<\/p>\n<p>\u00abSeremos ambiciosos para conseguirlo\u00bb, afirm\u00f3.<\/p>\n<p>La Carrera Corre Ni\u00f1o Corre se realiz\u00f3 por varios a\u00f1os en la antes llamada Manzana Ocho, donde actualmente se encuentra Cearte, antes de partir a la unidad Juan Abelardo Rodr\u00edguez Sullivan.<\/p>\n","protected":false},"excerpt":{"rendered":"<p>Ensenada, Baja California.- Despu\u00e9s de peregrinar durante tres a\u00f1os entre Ciudad Deportiva y el campo&#8230;<\/p>\n","protected":false},"author":1,"featured_media":1669170,"comment_status":"closed","ping_status":"closed","sticky":false,"template":"","format":"standard","meta":{"footnotes":""},"categories":[1,31,7],"tags":[],"class_list":["post-1669144","post","type-post","status-publish","format-standard","has-post-thumbnail","hentry","category-uncategorized","category-atletismo","category-deportes"],"_links":{"self":[{"href":"https:\/\/agpnoticias.com\/news\/index.php?rest_route=\/wp\/v2\/posts\/1669144","targetHints":{"allow":["GET"]}}],"collection":[{"href":"https:\/\/agpnoticias.com\/news\/index.php?rest_route=\/wp\/v2\/posts"}],"about":[{"href":"https:\/\/agpnoticias.com\/news\/index.php?rest_route=\/wp\/v2\/types\/post"}],"author":[{"embeddable":true,"href":"https:\/\/agpnoticias.com\/news\/index.php?rest_route=\/wp\/v2\/users\/1"}],"replies":[{"embeddable":true,"href":"https:\/\/agpnoticias.com\/news\/index.php?rest_route=%2Fwp%2Fv2%2Fcomments&post=1669144"}],"version-history":[{"count":2,"href":"https:\/\/agpnoticias.com\/news\/index.php?rest_route=\/wp\/v2\/posts\/1669144\/revisions"}],"predecessor-version":[{"id":1669187,"href":"https:\/\/agpnoticias.com\/news\/index.php?rest_route=\/wp\/v2\/posts\/1669144\/revisions\/1669187"}],"wp:featuredmedia":[{"embeddable":true,"href":"https:\/\/agpnoticias.com\/news\/index.php?rest_route=\/wp\/v2\/media\/1669170"}],"wp:attachment":[{"href":"https:\/\/agpnoticias.com\/news\/index.php?rest_route=%2Fwp%2Fv2%2Fmedia&parent=1669144"}],"wp:term":[{"taxonomy":"category","embeddable":true,"href":"https:\/\/agpnoticias.com\/news\/index.php?rest_route=%2Fwp%2Fv2%2Fcategories&post=1669144"},{"taxonomy":"post_tag","embeddable":true,"href":"https:\/\/agpnoticias.com\/news\/index.php?rest_route=%2Fwp%2Fv2%2Ftags&post=1669144"}],"curies":[{"name":"wp","href":"https:\/\/api.w.org\/{rel}","templated":true}]}}