{"id":18338,"date":"2012-10-22T10:53:46","date_gmt":"2012-10-22T18:53:46","guid":{"rendered":"http:\/\/agpnoticias.com\/news\/?p=18338"},"modified":"2014-12-17T11:51:28","modified_gmt":"2014-12-17T19:51:28","slug":"la-columna-53","status":"publish","type":"post","link":"https:\/\/agpnoticias.com\/news\/?p=18338","title":{"rendered":"LA COLUMNA"},"content":{"rendered":"<p><strong>Por Marco Antonio Dom\u00ednguez Niebla<\/strong><\/p>\n<p><strong>Banquete y despedidas<\/strong><\/p>\n<p>Com\u00eda y com\u00eda bien. Los platillos llegaban a la mesa y todos pasaban por \u00e9l. Pescados, cocteles, langosta y burritos para terminar. Era como si quisiera recuperar el tiempo perdido, olvidar las dietas criminales a las cuales se hab\u00eda sometido por a\u00f1os para llegar a punto a cada fecha firmada en camino al estrellato.<!--more--> En corto, hablaba como siempre, igual que en las entrevistas: directo, sin morderse la lengua ni guardarse opiniones, tal como reci\u00e9n lo hab\u00eda visto en el cine por aquellos d\u00edas, diciendo: \u201cCuando finalmente est\u00e1s cobrando bien, dime t\u00fa, \u00bfte quieres ir?\u201d. As\u00ed aparec\u00eda en la cinta de Diego Luna, \u201cJ.C.\u201d, explicando, como invitado especial, el retiro tard\u00edo y la decadencia de los \u00faltimos a\u00f1os como boxeador en activo de Julio C\u00e9sar Ch\u00e1vez. Ese hombre que com\u00eda sin pausa, hablaba de una \u00faltima pelea ante su gente para despedirse de manera digna, a los 31 a\u00f1os, despu\u00e9s de perder sus \u00faltimas cuatro decisiones. \u201cTengo fuerza para hacer una pelea y ya, me ha ido muy bien, pero lleg\u00f3 el momento de decir adi\u00f3s\u201d, reiter\u00f3, convencido, despu\u00e9s de la pl\u00e1tica off the record, ya con la grabadora de por medio, cuando los platillos hab\u00edan sido debidamente consumidos, sin la preocupaci\u00f3n de cuidar el peso para la siguiente cita sobre la b\u00e1scula. A final de cuentas \u201cla \u00faltima pelea, la de la despedida\u201d a\u00fan no ten\u00eda fecha definida. Apenas dos meses m\u00e1s tarde de esa visita a Ensenada \u2013donde record\u00f3 sus inicios como boxeador amateur, \u201ccuando ven\u00edamos a pelear por tortas al PRI\u201d\u2013 cambi\u00f3 de opini\u00f3n y la pelea de despedida fue aplazada por otro compromiso que aceleraba el retiro del entonces campe\u00f3n mundial en tres diferentes categor\u00edas: super gallo, pluma y super pluma. Todo un hist\u00f3rico, un grande del boxeo retirado con la dignidad intacta y las finanzas sanas, listo para asumir un cargo p\u00fablico en el gobierno municipal de Tijuana. El gran deportista de la ciudad a cargo del instituto del deporte de su ciudad. Conforme pasaron los meses aument\u00f3 su peso y disminuy\u00f3 su inter\u00e9s por la nueva encomienda. Al poco tiempo, escasos meses, solicit\u00f3 licencia. \u201cVuelvo al boxeo\u201d, anunci\u00f3 el \u201cTerrible\u201d. Dieta rigurosa para regresar. Y volvi\u00f3. Siete peleas desde entonces. Tres perdidas. La \u00faltima fue hace unos d\u00edas, Erik Morales, de 36 a\u00f1os,\u00a0 con la mirada perdida y vapuleado, despedido del cuadril\u00e1tero mediante un certero izquierdazo propinado por un hombre de 24: el actual campe\u00f3n. \u201cEl tiempo pasa y ya no tengo nada que hacer en el boxeo\u201d, s\u00f3lo \u201cuna pelea m\u00e1s, la de la despedida en Tijuana\u201d antes del adi\u00f3s, dijo a\u00fan convaleciente tras la golpiza, tal como lo declar\u00f3 aquella tarde de septiembre de 2007 frente al banquete de mariscos.<\/p>\n","protected":false},"excerpt":{"rendered":"<p>Por Marco Antonio Dom\u00ednguez Niebla Banquete y despedidas Com\u00eda y com\u00eda bien. Los platillos llegaban&#8230;<\/p>\n","protected":false},"author":9,"featured_media":0,"comment_status":"closed","ping_status":"closed","sticky":false,"template":"","format":"standard","meta":{"footnotes":""},"categories":[1,24,141],"tags":[],"class_list":["post-18338","post","type-post","status-publish","format-standard","hentry","category-uncategorized","category-la-columna","category-columnas"],"_links":{"self":[{"href":"https:\/\/agpnoticias.com\/news\/index.php?rest_route=\/wp\/v2\/posts\/18338","targetHints":{"allow":["GET"]}}],"collection":[{"href":"https:\/\/agpnoticias.com\/news\/index.php?rest_route=\/wp\/v2\/posts"}],"about":[{"href":"https:\/\/agpnoticias.com\/news\/index.php?rest_route=\/wp\/v2\/types\/post"}],"author":[{"embeddable":true,"href":"https:\/\/agpnoticias.com\/news\/index.php?rest_route=\/wp\/v2\/users\/9"}],"replies":[{"embeddable":true,"href":"https:\/\/agpnoticias.com\/news\/index.php?rest_route=%2Fwp%2Fv2%2Fcomments&post=18338"}],"version-history":[{"count":2,"href":"https:\/\/agpnoticias.com\/news\/index.php?rest_route=\/wp\/v2\/posts\/18338\/revisions"}],"predecessor-version":[{"id":18340,"href":"https:\/\/agpnoticias.com\/news\/index.php?rest_route=\/wp\/v2\/posts\/18338\/revisions\/18340"}],"wp:attachment":[{"href":"https:\/\/agpnoticias.com\/news\/index.php?rest_route=%2Fwp%2Fv2%2Fmedia&parent=18338"}],"wp:term":[{"taxonomy":"category","embeddable":true,"href":"https:\/\/agpnoticias.com\/news\/index.php?rest_route=%2Fwp%2Fv2%2Fcategories&post=18338"},{"taxonomy":"post_tag","embeddable":true,"href":"https:\/\/agpnoticias.com\/news\/index.php?rest_route=%2Fwp%2Fv2%2Ftags&post=18338"}],"curies":[{"name":"wp","href":"https:\/\/api.w.org\/{rel}","templated":true}]}}