{"id":18353,"date":"2012-10-22T23:29:30","date_gmt":"2012-10-23T07:29:30","guid":{"rendered":"http:\/\/agpnoticias.com\/news\/?p=18353"},"modified":"2012-10-24T01:05:38","modified_gmt":"2012-10-24T09:05:38","slug":"carrera-arturo-barrios-el-25-de-noviembre","status":"publish","type":"post","link":"https:\/\/agpnoticias.com\/news\/?p=18353","title":{"rendered":"Carrera Arturo Barrios el 25 de noviembre"},"content":{"rendered":"<p>Ensenada, Baja California.- El domingo 25 de noviembre ser\u00e1 la s\u00e9ptima edici\u00f3n de la Carrera Atl\u00e9tica Arturo Barrios en la Plaza Pueblo Antiguo de Ensenada.<\/p>\n<p>Emeterio Nava Valles confirm\u00f3 la fecha en la que se rendir\u00e1 un nuevo homenaje al plusmarquista mexicano a trav\u00e9s de una carrera atl\u00e9tica de cinco kil\u00f3metros, un paseo de tres y competencias infantiles.<!--more--><\/p>\n<p>El promotor del evento desde que lleg\u00f3 a Ensenada en 2006 inform\u00f3 que los fondos generados por la venta de camisetas alusivas a la carrera se destinar\u00e1n a la Fundaci\u00f3n Telet\u00f3n.<\/p>\n<p>La inscripci\u00f3n seguir\u00e1 siendo gratuita y la intenci\u00f3n es superar el registro de a\u00f1os anteriores, con un estimado a los mil competidores entre los tres rubros.<\/p>\n<p>El inicio de los registros se anunciar\u00e1 dentro de algunos d\u00edas.<\/p>\n","protected":false},"excerpt":{"rendered":"<p>Ensenada, Baja California.- El domingo 25 de noviembre ser\u00e1 la s\u00e9ptima edici\u00f3n de la Carrera&#8230;<\/p>\n","protected":false},"author":1,"featured_media":18354,"comment_status":"closed","ping_status":"closed","sticky":false,"template":"","format":"standard","meta":{"footnotes":""},"categories":[1,31,7],"tags":[],"class_list":["post-18353","post","type-post","status-publish","format-standard","has-post-thumbnail","hentry","category-uncategorized","category-atletismo","category-deportes"],"_links":{"self":[{"href":"https:\/\/agpnoticias.com\/news\/index.php?rest_route=\/wp\/v2\/posts\/18353","targetHints":{"allow":["GET"]}}],"collection":[{"href":"https:\/\/agpnoticias.com\/news\/index.php?rest_route=\/wp\/v2\/posts"}],"about":[{"href":"https:\/\/agpnoticias.com\/news\/index.php?rest_route=\/wp\/v2\/types\/post"}],"author":[{"embeddable":true,"href":"https:\/\/agpnoticias.com\/news\/index.php?rest_route=\/wp\/v2\/users\/1"}],"replies":[{"embeddable":true,"href":"https:\/\/agpnoticias.com\/news\/index.php?rest_route=%2Fwp%2Fv2%2Fcomments&post=18353"}],"version-history":[{"count":5,"href":"https:\/\/agpnoticias.com\/news\/index.php?rest_route=\/wp\/v2\/posts\/18353\/revisions"}],"predecessor-version":[{"id":18410,"href":"https:\/\/agpnoticias.com\/news\/index.php?rest_route=\/wp\/v2\/posts\/18353\/revisions\/18410"}],"wp:featuredmedia":[{"embeddable":true,"href":"https:\/\/agpnoticias.com\/news\/index.php?rest_route=\/wp\/v2\/media\/18354"}],"wp:attachment":[{"href":"https:\/\/agpnoticias.com\/news\/index.php?rest_route=%2Fwp%2Fv2%2Fmedia&parent=18353"}],"wp:term":[{"taxonomy":"category","embeddable":true,"href":"https:\/\/agpnoticias.com\/news\/index.php?rest_route=%2Fwp%2Fv2%2Fcategories&post=18353"},{"taxonomy":"post_tag","embeddable":true,"href":"https:\/\/agpnoticias.com\/news\/index.php?rest_route=%2Fwp%2Fv2%2Ftags&post=18353"}],"curies":[{"name":"wp","href":"https:\/\/api.w.org\/{rel}","templated":true}]}}