{"id":18493,"date":"2012-10-25T18:01:35","date_gmt":"2012-10-26T02:01:35","guid":{"rendered":"http:\/\/agpnoticias.com\/news\/?p=18493"},"modified":"2012-10-25T18:01:35","modified_gmt":"2012-10-26T02:01:35","slug":"santiago-y-daniel-invitados-a-la-gala","status":"publish","type":"post","link":"https:\/\/agpnoticias.com\/news\/?p=18493","title":{"rendered":"Santiago y Daniel, invitados a la Gala"},"content":{"rendered":"<p>Guadalajara, Jalisco.- Los ensenadenses Daniel Corral Barr\u00f3n y Santiago L\u00f3pez Viana son dos de los invitados a la Gala Mexicana de Gimnasia \u201cWonder 2012\u201d programada el 17 de noviembre en Guadalajara, Jalisco.<\/p>\n<p>El evento \u201cnace a ra\u00edz de festejar una fecha tan importante como lo es el 20 de noviembre\u201d, refiere el portal de internet <a href=\"http:\/\/www.galamexicanadegimnasia.com\/\">http:\/\/www.galamexicanadegimnasia.com\/<\/a>, con la participaci\u00f3n de los gimnastas m\u00e1s importantes de M\u00e9xico.<!--more--><\/p>\n<figure id=\"attachment_18495\" aria-describedby=\"caption-attachment-18495\" style=\"width: 110px\" class=\"wp-caption alignright\"><a href=\"http:\/\/agpnoticias.com\/news\/wp-content\/uploads\/2012\/10\/Daniel-Corral1.jpg\"><img decoding=\"async\" class=\"size-thumbnail wp-image-18495\" title=\"Daniel Corral\" src=\"http:\/\/agpnoticias.com\/news\/wp-content\/uploads\/2012\/10\/Daniel-Corral1-110x150.jpg\" alt=\"\" width=\"110\" height=\"150\" srcset=\"https:\/\/agpnoticias.com\/news\/wp-content\/uploads\/2012\/10\/Daniel-Corral1-110x150.jpg 110w, https:\/\/agpnoticias.com\/news\/wp-content\/uploads\/2012\/10\/Daniel-Corral1-590x800.jpg 590w, https:\/\/agpnoticias.com\/news\/wp-content\/uploads\/2012\/10\/Daniel-Corral1-236x320.jpg 236w, https:\/\/agpnoticias.com\/news\/wp-content\/uploads\/2012\/10\/Daniel-Corral1.jpg 634w\" sizes=\"(max-width: 110px) 100vw, 110px\" \/><\/a><figcaption id=\"caption-attachment-18495\" class=\"wp-caption-text\">Daniel Corral<\/figcaption><\/figure>\n<p>\u201cLos mejores atletas de esta disciplina se reunir\u00e1n y ofrecer\u00e1n un espect\u00e1culo inigualable e inolvidable, lleno de sorpresas, talento, historia, tradici\u00f3n, esfuerzo y entrega en un ambiente totalmente mexicano\u201d, agrega la empresa organizadora.<\/p>\n<p>Adem\u00e1s del ol\u00edmpico Daniel Corral y el mundialista Santiago L\u00f3pez, est\u00e1n anunciadas Cinthya Valdez, Yessenia Estrada, Rut Castillo, Samantha Zamudio y Ver\u00f3nica Navarro.<\/p>\n<p>Otros gimnastas varoniles invitados son Luis Sosa, Miguel Monreal, Javier Cervantes y el mexicalense Aldo Torres.<\/p>\n<p>La Gala Mexicana de Gimnasia no ser\u00e1 competitiva.<\/p>\n","protected":false},"excerpt":{"rendered":"<p>Guadalajara, Jalisco.- Los ensenadenses Daniel Corral Barr\u00f3n y Santiago L\u00f3pez Viana son dos de los&#8230;<\/p>\n","protected":false},"author":1,"featured_media":18494,"comment_status":"closed","ping_status":"closed","sticky":false,"template":"","format":"standard","meta":{"footnotes":""},"categories":[1,7,46],"tags":[],"class_list":["post-18493","post","type-post","status-publish","format-standard","has-post-thumbnail","hentry","category-uncategorized","category-deportes","category-gimnasia"],"_links":{"self":[{"href":"https:\/\/agpnoticias.com\/news\/index.php?rest_route=\/wp\/v2\/posts\/18493","targetHints":{"allow":["GET"]}}],"collection":[{"href":"https:\/\/agpnoticias.com\/news\/index.php?rest_route=\/wp\/v2\/posts"}],"about":[{"href":"https:\/\/agpnoticias.com\/news\/index.php?rest_route=\/wp\/v2\/types\/post"}],"author":[{"embeddable":true,"href":"https:\/\/agpnoticias.com\/news\/index.php?rest_route=\/wp\/v2\/users\/1"}],"replies":[{"embeddable":true,"href":"https:\/\/agpnoticias.com\/news\/index.php?rest_route=%2Fwp%2Fv2%2Fcomments&post=18493"}],"version-history":[{"count":1,"href":"https:\/\/agpnoticias.com\/news\/index.php?rest_route=\/wp\/v2\/posts\/18493\/revisions"}],"predecessor-version":[{"id":18496,"href":"https:\/\/agpnoticias.com\/news\/index.php?rest_route=\/wp\/v2\/posts\/18493\/revisions\/18496"}],"wp:featuredmedia":[{"embeddable":true,"href":"https:\/\/agpnoticias.com\/news\/index.php?rest_route=\/wp\/v2\/media\/18494"}],"wp:attachment":[{"href":"https:\/\/agpnoticias.com\/news\/index.php?rest_route=%2Fwp%2Fv2%2Fmedia&parent=18493"}],"wp:term":[{"taxonomy":"category","embeddable":true,"href":"https:\/\/agpnoticias.com\/news\/index.php?rest_route=%2Fwp%2Fv2%2Fcategories&post=18493"},{"taxonomy":"post_tag","embeddable":true,"href":"https:\/\/agpnoticias.com\/news\/index.php?rest_route=%2Fwp%2Fv2%2Ftags&post=18493"}],"curies":[{"name":"wp","href":"https:\/\/api.w.org\/{rel}","templated":true}]}}