{"id":19805,"date":"2012-11-12T16:14:17","date_gmt":"2012-11-12T23:14:17","guid":{"rendered":"http:\/\/agpnoticias.com\/news\/?p=19805"},"modified":"2012-11-12T16:14:17","modified_gmt":"2012-11-12T23:14:17","slug":"suman-250-registros-en-un-dia-para-carrera-de-barrios","status":"publish","type":"post","link":"https:\/\/agpnoticias.com\/news\/?p=19805","title":{"rendered":"Suman 250 registros en un d\u00eda para carrera de Barrios"},"content":{"rendered":"<p>Ensenada, Baja California.- Alrededor de 250 participantes se inscribieron el domingo pasado a la Carrera Atl\u00e9tica Arturo Barrios, proyectada el domingo 25 de noviembre en Plaza Pueblo Antiguo.<\/p>\n<p>Los registros fueron puestos a disposici\u00f3n de los atletas que compitieron en la carrera del Instituto Tecnol\u00f3gico de Ensenada (ITE), hasta donde acudi\u00f3 el promotor Emeterio Nava Valles.<\/p>\n<p>\u201cTuvimos una muy buena respuesta y nos da gusto que la gente quiera participar en esta edici\u00f3n que ser\u00e1 a beneficio de Telet\u00f3n\u201d, explic\u00f3.<\/p>\n<p>La carrera se dividir\u00e1 en el circuito estelar de los cinco kil\u00f3metros, as\u00ed como un paseo de tres y las competencias infantiles.<\/p>\n<p>\u201cLo que se genere por la venta de las camisetas se destinar\u00e1 a Telet\u00f3n, y la inscripci\u00f3n no se cobrar\u00e1, ser\u00e1 una carrera gratuita\u201d, aclar\u00f3.<\/p>\n<p>Los corredores que deseen inscribirse pueden acudir a la Tienda Nava Sport La Casa del Corredor, de Espinoza y calle cuarta.<\/p>\n","protected":false},"excerpt":{"rendered":"<p>Ensenada, Baja California.- Alrededor de 250 participantes se inscribieron el domingo pasado a la Carrera&#8230;<\/p>\n","protected":false},"author":1,"featured_media":19808,"comment_status":"closed","ping_status":"closed","sticky":false,"template":"","format":"standard","meta":{"footnotes":""},"categories":[1,31,7],"tags":[],"class_list":["post-19805","post","type-post","status-publish","format-standard","has-post-thumbnail","hentry","category-uncategorized","category-atletismo","category-deportes"],"_links":{"self":[{"href":"https:\/\/agpnoticias.com\/news\/index.php?rest_route=\/wp\/v2\/posts\/19805","targetHints":{"allow":["GET"]}}],"collection":[{"href":"https:\/\/agpnoticias.com\/news\/index.php?rest_route=\/wp\/v2\/posts"}],"about":[{"href":"https:\/\/agpnoticias.com\/news\/index.php?rest_route=\/wp\/v2\/types\/post"}],"author":[{"embeddable":true,"href":"https:\/\/agpnoticias.com\/news\/index.php?rest_route=\/wp\/v2\/users\/1"}],"replies":[{"embeddable":true,"href":"https:\/\/agpnoticias.com\/news\/index.php?rest_route=%2Fwp%2Fv2%2Fcomments&post=19805"}],"version-history":[{"count":1,"href":"https:\/\/agpnoticias.com\/news\/index.php?rest_route=\/wp\/v2\/posts\/19805\/revisions"}],"predecessor-version":[{"id":19809,"href":"https:\/\/agpnoticias.com\/news\/index.php?rest_route=\/wp\/v2\/posts\/19805\/revisions\/19809"}],"wp:featuredmedia":[{"embeddable":true,"href":"https:\/\/agpnoticias.com\/news\/index.php?rest_route=\/wp\/v2\/media\/19808"}],"wp:attachment":[{"href":"https:\/\/agpnoticias.com\/news\/index.php?rest_route=%2Fwp%2Fv2%2Fmedia&parent=19805"}],"wp:term":[{"taxonomy":"category","embeddable":true,"href":"https:\/\/agpnoticias.com\/news\/index.php?rest_route=%2Fwp%2Fv2%2Fcategories&post=19805"},{"taxonomy":"post_tag","embeddable":true,"href":"https:\/\/agpnoticias.com\/news\/index.php?rest_route=%2Fwp%2Fv2%2Ftags&post=19805"}],"curies":[{"name":"wp","href":"https:\/\/api.w.org\/{rel}","templated":true}]}}